{"id":14958,"date":"2017-07-19T08:37:48","date_gmt":"2017-07-19T08:37:48","guid":{"rendered":"https:\/\/archivioturi.lavocedelpaese.info\/index.php\/2017\/07\/19\/melodie-di-solidarieta-per-amatrice\/"},"modified":"2017-07-19T08:37:48","modified_gmt":"2017-07-19T08:37:48","slug":"melodie-di-solidarieta-per-amatrice","status":"publish","type":"post","link":"https:\/\/archivioturi.lavocedelpaese.info\/index.php\/2017\/07\/19\/melodie-di-solidarieta-per-amatrice\/","title":{"rendered":"\u201cMelodie di solidariet\u00e0\u201d per Amatrice"},"content":{"rendered":"<p><a title=\"IMG_5838\" href=\"https:\/\/www.flickr.com\/photos\/91470992@N02\/35747890282\/in\/dateposted-public\/\" data-flickr-embed=\"true\"><img loading=\"lazy\" decoding=\"async\" src=\"https:\/\/farm5.staticflickr.com\/4312\/35747890282_9da4c550e7_n.jpg\" alt=\"IMG_5838\" width=\"320\" height=\"213\" \/><\/a><\/p>\n<p style=\"text-align: justify;\">&#8220;La Musica non si vede, eppure ci colpisce dentro l\u2019anima, ed \u00e8 come se la toccassi fisicamente&#8221;. Con queste parole il coreografo Luciano Cannito ha presentato il Concerto \u2018Melodie di Solidariet\u00e0\u2019 che si \u00e8 svolto nel pomeriggio di domenica 9 luglio presso il Parco Minozzi di Amatrice. Un concerto di pura energia, che ci dice che niente \u00e8 impossibile, e Amatrice rinascer\u00e0.<\/p>\n<p style=\"text-align: justify;\">\u00c8 stata una promessa e a distanza di qualche mese, l\u2019Orchestra da Camera Toscanini di Altamura ha suonato per Amatrice. Un secondo appuntamento, dopo quello del 2 novembre scorso presso il Teatro Mercadante di Altamura, che rinnova l\u2019impegno dell\u2019Orchestra a contribuire a portare un sorriso in una terra devastata, dove macerie e ricordi abitano da lunghi mesi.<\/p>\n<p><a title=\"19956837_1915211175361190_8480268444439191189_o\" href=\"https:\/\/www.flickr.com\/photos\/91470992@N02\/35529348070\/in\/dateposted-public\/\" data-flickr-embed=\"true\"><img loading=\"lazy\" decoding=\"async\" src=\"https:\/\/farm5.staticflickr.com\/4292\/35529348070_b474f4008e_n.jpg\" alt=\"19956837_1915211175361190_8480268444439191189_o\" width=\"320\" height=\"240\" style=\"float: right;\" \/><\/a><\/p>\n<p style=\"text-align: justify;\">A suonare come clarinettista solista, il Maestro turese Ferdinando Redavid che con emozione, subito dopo l\u2019esibizione, ci racconta: \u201cQuella di oggi \u00e8 stata una manifestazione diversa dalle altre. Molto diversa\u2026\u201d. Quasi non trova le parole per descrivere quello che \u00e8 appena accaduto. \u201cAbbiamo suonato dinanzi a poca gente, perch\u00e9 ovviamente Amatrice \u00e8 una citt\u00e0 da cui molti sono scappati. Abbiamo suonato in un parco, tra i pochi luoghi superstiti dopo i terremoti e l\u2019atmosfera che si respirava \u00e8 difficile da raccontare. \u00c8 stata un&#8217;esperienza molto forte, suonare in un luogo che appare apocalittico mette alla prova le proprie emozioni. L&#8217;abbraccio di alcune persone alla fine della mia esecuzione di \u2018Oblivion\u2019 \u00e8 stata l&#8217;emozione pi\u00f9 forte che io abbia mai vissuto. L&#8217;unico pensiero che durante il viaggio che dicevo tra me, \u00e8 che io posso tornare a casa&#8230; tanti di loro non potranno pi\u00f9 dirlo. Questo il senso di malinconia che ho portato con me da Amatrice\u2026 E se da una parte ti guardi attorno e vedi macerie, dall\u2019altra ti rendi conto che a muovere tutto \u00e8 la speranza\u201d. Ed \u00e8 stato un omaggio alla forza di questa gente, in grado di rimboccarsi le maniche e non farsi abbattere, come ben ha rappresentato la vicesindaco Patrizia Catenacci, che ha accolto la lodevole iniziativa di Angela Lomurno.<\/p>\n<p style=\"text-align: justify;\">\u00c8 in questa terra che mai spegner\u00e0 il suo cuore che la maestria dei musicisti ha fatto vibrare l\u2019anima di Amatrice, quella che ogni giorno lotta per risollevarsi, per chiudere un triste capitolo della sua esistenza e scrivere nuove pagine pi\u00f9 serene e sorridenti.<\/p>\n<p style=\"text-align: justify;\">\u2018Melodie di Solidariet\u00e0\u2019 ha stretto in un abbraccio tutti i presenti ed unito sotto un unico messaggio augurale i diversi artisti e musicisti provenienti da diverse parti d&#8217;Italia. A presentare la serata, il coreografo Luciano Cannito, affiancato dalla presidente dell&#8217;Associazione &#8220;Una Stanza per un Sorriso&#8221; Onlus, Rosanna Galantucci. A regalare sorrisi e speranze, assieme al clarinettista Ferdinando Redavid, i soprani Angela Lomurno e Valentina Leone, il baritono Luciano Ancona e una compagine orchestrale di 30 elementi diretta dal M\u00b0 Nicola Notario, gi\u00e0 allievo del M\u00b0 Riccardo Muti.<\/p>\n","protected":false},"excerpt":{"rendered":"<p><a title=\"IMG_5838\" href=\"https:\/\/www.flickr.com\/photos\/91470992@N02\/35747890282\/in\/dateposted-public\/\" data-flickr-embed=\"true\"><img loading=\"lazy\" decoding=\"async\" src=\"https:\/\/farm5.staticflickr.com\/4312\/35747890282_9da4c550e7_n.jpg\" alt=\"IMG_5838\" width=\"320\" height=\"213\" \/><\/a><\/p>\n","protected":false},"author":1,"featured_media":0,"comment_status":"open","ping_status":"closed","sticky":false,"template":"","format":"standard","meta":{"colormag_page_container_layout":"default_layout","colormag_page_sidebar_layout":"default_layout","footnotes":""},"categories":[6],"tags":[],"class_list":["post-14958","post","type-post","status-publish","format-standard","hentry","category-cultura"],"_links":{"self":[{"href":"https:\/\/archivioturi.lavocedelpaese.info\/index.php\/wp-json\/wp\/v2\/posts\/14958","targetHints":{"allow":["GET"]}}],"collection":[{"href":"https:\/\/archivioturi.lavocedelpaese.info\/index.php\/wp-json\/wp\/v2\/posts"}],"about":[{"href":"https:\/\/archivioturi.lavocedelpaese.info\/index.php\/wp-json\/wp\/v2\/types\/post"}],"author":[{"embeddable":true,"href":"https:\/\/archivioturi.lavocedelpaese.info\/index.php\/wp-json\/wp\/v2\/users\/1"}],"replies":[{"embeddable":true,"href":"https:\/\/archivioturi.lavocedelpaese.info\/index.php\/wp-json\/wp\/v2\/comments?post=14958"}],"version-history":[{"count":0,"href":"https:\/\/archivioturi.lavocedelpaese.info\/index.php\/wp-json\/wp\/v2\/posts\/14958\/revisions"}],"wp:attachment":[{"href":"https:\/\/archivioturi.lavocedelpaese.info\/index.php\/wp-json\/wp\/v2\/media?parent=14958"}],"wp:term":[{"taxonomy":"category","embeddable":true,"href":"https:\/\/archivioturi.lavocedelpaese.info\/index.php\/wp-json\/wp\/v2\/categories?post=14958"},{"taxonomy":"post_tag","embeddable":true,"href":"https:\/\/archivioturi.lavocedelpaese.info\/index.php\/wp-json\/wp\/v2\/tags?post=14958"}],"curies":[{"name":"wp","href":"https:\/\/api.w.org\/{rel}","templated":true}]}}