{"id":14939,"date":"2017-07-10T11:25:30","date_gmt":"2017-07-10T11:25:30","guid":{"rendered":"https:\/\/archivioturi.lavocedelpaese.info\/index.php\/2017\/07\/10\/civilta-ce-chi-la-ricerca-chi-la-scavalca\/"},"modified":"2017-07-10T11:25:30","modified_gmt":"2017-07-10T11:25:30","slug":"civilta-ce-chi-la-ricerca-chi-la-scavalca","status":"publish","type":"post","link":"https:\/\/archivioturi.lavocedelpaese.info\/index.php\/2017\/07\/10\/civilta-ce-chi-la-ricerca-chi-la-scavalca\/","title":{"rendered":"Civilt\u00e0? C\u2019\u00e8 chi la ricerca\u2026 chi la scavalca!"},"content":{"rendered":"<p><a title=\"Vetri in frantumi e porta divelta (2)\" href=\"https:\/\/www.flickr.com\/photos\/91470992@N02\/34966637883\/in\/dateposted-public\/\" data-flickr-embed=\"true\"><img loading=\"lazy\" decoding=\"async\" src=\"https:\/\/farm5.staticflickr.com\/4150\/34966637883_a06f989fb8_n.jpg\" alt=\"Vetri in frantumi e porta divelta (2)\" width=\"320\" height=\"180\" \/><\/a><\/p>\n<p style=\"text-align: justify;\">Sono immagini che si commentano da sole quelle che ritraggono uno degli episodi pi\u00f9 incresciosi della nostra comunit\u00e0. Siamo vicino la palestra dell\u2019Istituto Comprensivo di Turi. Siamo in piena notte quando alcuni residenti si accorgono di schiamazzi e rumori sospetti. Uno sguardo fuori e tutto diventa chiaro. Ragazzini hanno rotto i vetri delle finestre, divelto la porta, lasciato i resti della loro cena sul muretto e, scoperti, sono scappati.<\/p>\n<p><a title=\"Vetri in frantumi e porta divelta\" href=\"https:\/\/www.flickr.com\/photos\/91470992@N02\/35644825201\/in\/dateposted-public\/\" data-flickr-embed=\"true\"><img loading=\"lazy\" decoding=\"async\" style=\"float: right;\" src=\"https:\/\/farm5.staticflickr.com\/4229\/35644825201_d9ac48d67c_n.jpg\" alt=\"Vetri in frantumi e porta divelta\" width=\"320\" height=\"180\" \/><\/a><\/p>\n<p style=\"text-align: justify;\">Non si \u00e8 fatta attendere la denuncia dell\u2019accaduto, ma chiaro \u00e8 che non si tratta di un caso isolato, bens\u00ec una moda, una costante, un episodio che si unisce ad altri. \u00c8 l\u2019immagine del totale disinteresse di molti a collaborare per mantenere in salute il bene comune.<\/p>\n<p><a title=\"Fioriere o immondezzai\" href=\"https:\/\/www.flickr.com\/photos\/91470992@N02\/34966636463\/in\/dateposted-public\/\" data-flickr-embed=\"true\"><img loading=\"lazy\" decoding=\"async\" style=\"float: left;\" src=\"https:\/\/farm5.staticflickr.com\/4232\/34966636463_a89eb549ba_n.jpg\" alt=\"Fioriere o immondezzai\" width=\"180\" height=\"320\" \/><\/a><\/p>\n<p style=\"text-align: justify;\">Ecco che le fioriere sono usate come raccoglitori di immondizia, dalle lattine alle bottiglie di vetro e plastica, incarti di patatine, resti di cibo, cartoni di pizza sono il risultato di mesi durante i quali il vandalismo e la superficialit\u00e0 ha avuto il sopravvento. E la chiamiamo civilt\u00e0? Questo \u00e8 solo uno degli esempi di luoghi cittadini lasciati all\u2019incuria di gruppi di ragazzi, spesso ancora adolescenti, che credendosi liberi di fare tutto, senza mai essere puniti, insudiciano spazi comuni, offrendo a chi sta loro accanto solo spettacoli degradanti e inaccettabili. E il controllo? La vigilanza? Il cittadino, quello onesto, rispettoso, attento, nulla pu\u00f2 dinanzi a \u201cbranchi\u201d di incivili, che con prepotenza e coperti spesso dal buio, commettono il loro gesto.<\/p>\n<p style=\"text-align: justify;\">Stridono cos\u00ec le tante parole spese sui giornali, sui palchi, per strada, in televisione, ancora pi\u00f9 gli impegni che la scuola e la comunit\u00e0 spende per informare, sensibilizzare, far crescere un sentimento di dovere civico e di decoro che, come dimostrano le immagini, sicuramente non fanno presa.<\/p>\n<p><a title=\"Piazza Venusio\" href=\"https:\/\/www.flickr.com\/photos\/91470992@N02\/35644823621\/in\/dateposted-public\/\" data-flickr-embed=\"true\"><img loading=\"lazy\" decoding=\"async\" src=\"https:\/\/farm5.staticflickr.com\/4126\/35644823621_efb39d5b0f_n.jpg\" alt=\"Piazza Venusio\" width=\"240\" height=\"320\" style=\"float: right;\" \/><\/a><\/p>\n<p style=\"text-align: justify;\">Probabilmente ragazzini, sicuramente figli di qualcuno, impiegano il loro tempo, di noia, a insudiciare la nostra cittadina. Basti vedere piazza Venusio, pi\u00f9 volte ripulita e sporcata e tante volte distrutta; la piazzetta della cappellina di San Rocco, dove l\u2019immondizia ha preso il posto di piante e fiori, cos\u00ec come i contenitori disposti per strada, gli angoli dei nostri marciapiedi, usati come deposito di rifiuti, strade periferiche trasformate in discarica. Un elenco interminabile, una numerazione che possiamo additare solo a noi stessi, cittadini di un posto che non meritiamo, membri di una societ\u00e0 con regole apparenti, con vigilanti che spesso girano la testa, con voci che non emettono suono.<\/p>\n","protected":false},"excerpt":{"rendered":"<p><a title=\"Vetri in frantumi e porta divelta (2)\" href=\"https:\/\/www.flickr.com\/photos\/91470992@N02\/34966637883\/in\/dateposted-public\/\" data-flickr-embed=\"true\"><img loading=\"lazy\" decoding=\"async\" src=\"https:\/\/farm5.staticflickr.com\/4150\/34966637883_a06f989fb8_n.jpg\" alt=\"Vetri in frantumi e porta divelta (2)\" width=\"320\" height=\"180\" \/><\/a><\/p>\n","protected":false},"author":1,"featured_media":0,"comment_status":"open","ping_status":"closed","sticky":false,"template":"","format":"standard","meta":{"colormag_page_container_layout":"default_layout","colormag_page_sidebar_layout":"default_layout","footnotes":""},"categories":[7],"tags":[],"class_list":["post-14939","post","type-post","status-publish","format-standard","hentry","category-attualita"],"_links":{"self":[{"href":"https:\/\/archivioturi.lavocedelpaese.info\/index.php\/wp-json\/wp\/v2\/posts\/14939","targetHints":{"allow":["GET"]}}],"collection":[{"href":"https:\/\/archivioturi.lavocedelpaese.info\/index.php\/wp-json\/wp\/v2\/posts"}],"about":[{"href":"https:\/\/archivioturi.lavocedelpaese.info\/index.php\/wp-json\/wp\/v2\/types\/post"}],"author":[{"embeddable":true,"href":"https:\/\/archivioturi.lavocedelpaese.info\/index.php\/wp-json\/wp\/v2\/users\/1"}],"replies":[{"embeddable":true,"href":"https:\/\/archivioturi.lavocedelpaese.info\/index.php\/wp-json\/wp\/v2\/comments?post=14939"}],"version-history":[{"count":0,"href":"https:\/\/archivioturi.lavocedelpaese.info\/index.php\/wp-json\/wp\/v2\/posts\/14939\/revisions"}],"wp:attachment":[{"href":"https:\/\/archivioturi.lavocedelpaese.info\/index.php\/wp-json\/wp\/v2\/media?parent=14939"}],"wp:term":[{"taxonomy":"category","embeddable":true,"href":"https:\/\/archivioturi.lavocedelpaese.info\/index.php\/wp-json\/wp\/v2\/categories?post=14939"},{"taxonomy":"post_tag","embeddable":true,"href":"https:\/\/archivioturi.lavocedelpaese.info\/index.php\/wp-json\/wp\/v2\/tags?post=14939"}],"curies":[{"name":"wp","href":"https:\/\/api.w.org\/{rel}","templated":true}]}}