{"id":14914,"date":"2017-07-03T09:52:54","date_gmt":"2017-07-03T09:52:54","guid":{"rendered":"https:\/\/archivioturi.lavocedelpaese.info\/index.php\/2017\/07\/03\/un-ponte-con-lislam\/"},"modified":"2017-07-03T09:52:54","modified_gmt":"2017-07-03T09:52:54","slug":"un-ponte-con-lislam","status":"publish","type":"post","link":"https:\/\/archivioturi.lavocedelpaese.info\/index.php\/2017\/07\/03\/un-ponte-con-lislam\/","title":{"rendered":"Un ponte con l\u2019Islam?"},"content":{"rendered":"<p><a title=\"FB_IMG_1498333137394\" href=\"https:\/\/www.flickr.com\/photos\/91470992@N02\/34819796703\/in\/dateposted-public\/\" data-flickr-embed=\"true\"><img loading=\"lazy\" decoding=\"async\" src=\"https:\/\/farm5.staticflickr.com\/4029\/34819796703_7083022b35_n.jpg\" alt=\"FB_IMG_1498333137394\" width=\"320\" height=\"192\" \/><\/a><\/p>\n<p style=\"text-align: justify;\">Continua il progetto di Umanit\u00e0 Solidale Glocal, avviato gi\u00e0 dallo scorso anno con &#8220;Costruire Ponti Di Pace&#8221; fra culture diverse e religioni. Nella serata di venerd\u00ec 23 giugno, la sala conferenze della Biblioteca Comunale, nel Chiostro delle Clarisse, ha ospitato, per un dialogo interculturale ed interreligioso, il dott. Michele Zanzucchi, giornalista, docente all&#8217; Universit\u00e0 Gregoriana, don Nicola D&#8217;Onghia, Domenico Resta e Vito Catucci con un convegno sul tema: \u201cl&#8217;Islam spiegato a chi ha paura dei musulmani\u201d.<\/p>\n<p style=\"text-align: justify;\">Un tema particolarmente sentito, nella nostra comunit\u00e0, riflesso della societ\u00e0 nella quale viviamo, quotidianamente impegnata ad assistere a fenomeni migratori, alla convivenza con immigrati, attraversata dalla paura nei confronti di religioni e ideologie.<\/p>\n<p style=\"text-align: justify;\">Abbiamo incontrato Maria Pia Lenato, presidente di Umanit\u00e0 Solidale Glocal, alla quale abbiamo voluto rivolgere alcune domande.<\/p>\n<p style=\"text-align: justify;\"><strong>Perch\u00e9 proprio a Turi un convegno sull&#8217;Islam e in che modo si possono creare quei ponti di pace tra le nostre culture? Da presidente di Umanit\u00e0 solidale glocal, come vede la nostra societ\u00e0: siamo un popolo aperto o viviamo nel nostro razzismo e nella paura del diverso?<\/strong><\/p>\n<p style=\"text-align: justify;\">&#8220;La motivazione di fondo \u00e8 la stessa per la quale Ausg sta operando da circa 10 anni e per cui \u00e8 nata&#8230; promuovere, sostenere e sviluppare la cultura di un mondo pi\u00f9 solidale, alla luce della fraternit\u00e0 universale.<\/p>\n<p style=\"text-align: justify;\">Ormai non apparteniamo pi\u00f9 solo al nostro &#8216;paese&#8217; o nazione, neppure al solo continente europeo, siamo e dobbiamo sentirci cittadini del mondo ed accettare le sfide della nostra civilt\u00e0 planetaria. La sfida pi\u00f9 urgente \u00e8 imparare a convivere come diversi, cristiani, buddisti, musulmani&#8230; valorizzando la dignit\u00e0 di ogni persona.<\/p>\n<p><a title=\"FB_IMG_1498333147286\" href=\"https:\/\/www.flickr.com\/photos\/91470992@N02\/34819796583\/in\/dateposted-public\/\" data-flickr-embed=\"true\"><img loading=\"lazy\" decoding=\"async\" src=\"https:\/\/farm5.staticflickr.com\/4016\/34819796583_af5bfb0369_n.jpg\" alt=\"FB_IMG_1498333147286\" width=\"320\" height=\"192\" style=\"float: right;\" \/><\/a><\/p>\n<p style=\"text-align: justify;\">Il progetto del laboratorio interculturale di Ausg &#8220;Conoscersi &#8211; integrarsi- costruire percorsi di pace&#8221; ha questo obiettivo: educarci all&#8217;intercultura, e come passo successivo alla transculturalit\u00e0, che significa superare il rischio della chiusura costruendo ponti,&nbsp; al di l\u00e0 delle tante diversit\u00e0 che ci circondano e da cui non possiamo pi\u00f9 fuggire&#8221;.<\/p>\n<p style=\"text-align: justify;\"><strong>&nbsp;<\/strong><\/p>\n<p style=\"text-align: justify;\"><strong>A Turi viviamo forse fuori da queste realt\u00e0? <\/strong><\/p>\n<p style=\"text-align: justify;\">&#8220;Anche noi turesi ci portiamo dietro pregiudizi, stereotipi che a volte sfociano in atti d&#8217;intolleranza e di discriminazione. Spesso anche nei confronti di persone nate e cresciute nel nostro stesso territorio. Per onest\u00e0 intellettuale questo va riconosciuto, come \u00e8 anche vero che a volte tali atteggiamenti di esclusione, di vero rifiuto, scaturiscono dalla non conoscenza dei valori propri di ogni persona o di un popolo.<\/p>\n<p style=\"text-align: justify;\">Qui mi riferisco alle diverse culture che vivono nel nostro territorio e con cui \u00e8 ormai inevitabile dialogare, entrare in relazione. Ne va della sopravvivenza di tutti, non facciamoci illusioni! Siamo in un tempo di cambiamenti epocali e sarebbe da stolti credere di poterli fermare erigendo muri e steccati.<\/p>\n<p style=\"text-align: justify;\">Non vorrei essere fraintesa, ma il progetto di U.S.G.&nbsp; ha colto subito i segni distintivi di tali cambiamenti e le problematiche che avrebbero immancabilmente innescato. Da questa consapevolezza nasce il progetto del Laboratorio, con un approccio graduale e sistematico nel tempo.<\/p>\n<p style=\"text-align: justify;\">Dal Corso di lingua e cultura italiana per stranieri, essenziale per stabilire rapporti di comprensione reciproca, si \u00e8 passati alla conoscenza delle ricchezze culturali degli altri popoli attraverso la musica, la danza, la gastronomia, incontri sportivi, feste, mostre fotografiche&#8230; occasioni preziose per interagire con immigrati che vivono, lavorano, sono parte attiva del nostro territorio, della cui opera abbiamo bisogno per i tanti lavori per i quali manca la manodopera autoctona&#8221;.<\/p>\n<p style=\"text-align: justify;\">&#8220;Sulla base di questi rapporti costruiti negli anni &#8211; prosegue Lenato &#8211; ci \u00e8 sembrato opportuno passare all&#8217;aspetto della riflessione culturale con l&#8217;intervento di esperti.<\/p>\n<p style=\"text-align: justify;\">Lo scorso anno siamo stati affiancati dai relatori di Religions for Peace, focalizzando l&#8217;attenzione sui contributi delle religioni per costruire un mondo di pace. Quest&#8217;anno, in riferimento ai tanti attentati di matrice islamica ed alle strumentalizzazioni a livello politico e degli stessi media, considerando la presenza a Turi dei due casi che accolgono circa 120 immigrati richiedenti asilo, in gran parte musulmani, abbiamo pensato di aiutare il territorio ad entrare con competenza nel mondo dell&#8217;Islam&#8221;.<\/p>\n<p style=\"text-align: justify;\"><strong>Un aiuto concreto per evitare allarmismi e rispondere alle paure che serpeggiano anche da noi?<\/strong><\/p>\n<p style=\"text-align: justify;\">&#8220;L&#8217;autore del libro &#8220;L&#8217;ISLAM spiegato a chi ha paura dei musulmani&#8221;, il dott. Michele Zanzucchi, \u00e8 un esperto che ha vissuto e conosce profondamente luci ed ombre di popoli di tale fede. Accanto a lui, don Nicola D&#8217;Onghia ha egregiamente presentato il rapporto cristianesimo &#8211; islam alla luce dei documenti del Vaticano II e della grande apertura del Concilio, in particolare verso le altre due grandi religioni monoteiste: ebraismo e islam.<\/p>\n<p style=\"text-align: justify;\">Il dott. Domenico Resta, con un rapido percorso storico, pur lamentando l&#8217;assenza di un interlocutore essenziale, un Imam, ha posto interrogativi ed espresso dubbi su percorsi di pace da poter costruire insieme per passare dalla &#8220;paura alla fiducia&#8221;, come auspicato dal sottotitolo dell&#8217;incontro&#8221;.&nbsp;<\/p>\n<p style=\"text-align: justify;\">Noi come associazione siamo ben consapevoli che si tratta di un primo approccio, un input che vuole sollecitare un ulteriore approfondimento. E con noi sono gli stessi musulmani che vivono sul territorio e che testimoniano, con la loro vita, che la loro religione \u00e8 una religione di pace&#8221;.<\/p>\n<p style=\"text-align: justify;\"><strong>A fine serata si \u00e8 svolta una cena&#8230;<\/strong><\/p>\n<p style=\"text-align: justify;\">&#8220;La gastronomia sappiamo e un mezzo molto efficace per conoscere una cultura, per cui in questo percorso interculturale abbiamo inserito anche il momento conviviale, accolto con grande interesse dai partecipanti, che hanno potuto gustare alcuni piatti di varie nazionalit\u00e0&#8221;.<\/p>\n","protected":false},"excerpt":{"rendered":"<p><a title=\"FB_IMG_1498333137394\" href=\"https:\/\/www.flickr.com\/photos\/91470992@N02\/34819796703\/in\/dateposted-public\/\" data-flickr-embed=\"true\"><img loading=\"lazy\" decoding=\"async\" src=\"https:\/\/farm5.staticflickr.com\/4029\/34819796703_7083022b35_n.jpg\" alt=\"FB_IMG_1498333137394\" width=\"320\" height=\"192\" \/><\/a><\/p>\n","protected":false},"author":1,"featured_media":0,"comment_status":"open","ping_status":"closed","sticky":false,"template":"","format":"standard","meta":{"colormag_page_container_layout":"default_layout","colormag_page_sidebar_layout":"default_layout","footnotes":""},"categories":[6],"tags":[],"class_list":["post-14914","post","type-post","status-publish","format-standard","hentry","category-cultura"],"_links":{"self":[{"href":"https:\/\/archivioturi.lavocedelpaese.info\/index.php\/wp-json\/wp\/v2\/posts\/14914","targetHints":{"allow":["GET"]}}],"collection":[{"href":"https:\/\/archivioturi.lavocedelpaese.info\/index.php\/wp-json\/wp\/v2\/posts"}],"about":[{"href":"https:\/\/archivioturi.lavocedelpaese.info\/index.php\/wp-json\/wp\/v2\/types\/post"}],"author":[{"embeddable":true,"href":"https:\/\/archivioturi.lavocedelpaese.info\/index.php\/wp-json\/wp\/v2\/users\/1"}],"replies":[{"embeddable":true,"href":"https:\/\/archivioturi.lavocedelpaese.info\/index.php\/wp-json\/wp\/v2\/comments?post=14914"}],"version-history":[{"count":0,"href":"https:\/\/archivioturi.lavocedelpaese.info\/index.php\/wp-json\/wp\/v2\/posts\/14914\/revisions"}],"wp:attachment":[{"href":"https:\/\/archivioturi.lavocedelpaese.info\/index.php\/wp-json\/wp\/v2\/media?parent=14914"}],"wp:term":[{"taxonomy":"category","embeddable":true,"href":"https:\/\/archivioturi.lavocedelpaese.info\/index.php\/wp-json\/wp\/v2\/categories?post=14914"},{"taxonomy":"post_tag","embeddable":true,"href":"https:\/\/archivioturi.lavocedelpaese.info\/index.php\/wp-json\/wp\/v2\/tags?post=14914"}],"curies":[{"name":"wp","href":"https:\/\/api.w.org\/{rel}","templated":true}]}}