{"id":1490,"date":"2010-02-17T15:52:59","date_gmt":"2010-02-17T15:52:59","guid":{"rendered":"https:\/\/archivioturi.lavocedelpaese.info\/index.php\/2010\/02\/17\/sequestro-alla-farmacia-giuliani\/"},"modified":"2010-02-17T15:52:59","modified_gmt":"2010-02-17T15:52:59","slug":"sequestro-alla-farmacia-giuliani","status":"publish","type":"post","link":"https:\/\/archivioturi.lavocedelpaese.info\/index.php\/2010\/02\/17\/sequestro-alla-farmacia-giuliani\/","title":{"rendered":"SEQUESTRO ALLA FARMACIA GIULIANI"},"content":{"rendered":"<div style=\"text-align: justify;\"><span style=\"font-family: verdana,geneva;\"><img loading=\"lazy\" decoding=\"async\" class=\" size-full wp-image-1489\" alt=\"farmacia\" src=\"https:\/\/archivioturi.lavocedelpaese.info\/wp-content\/uploads\/2010\/02\/farmacia.jpg\" width=\"320\" height=\"150\" srcset=\"https:\/\/archivioturi.lavocedelpaese.info\/wp-content\/uploads\/2010\/02\/farmacia.jpg 640w, https:\/\/archivioturi.lavocedelpaese.info\/wp-content\/uploads\/2010\/02\/farmacia-300x141.jpg 300w\" sizes=\"auto, (max-width: 320px) 100vw, 320px\" \/><\/span><\/div>\n<div style=\"text-align: justify;\"><span style=\"font-family: verdana,geneva;\"> <\/span><\/div>\n<div style=\"text-align: justify;\"><\/div>\n<div style=\"text-align: justify;\"><span style=\"font-family: verdana,geneva;\">In questi giorni, dopo un\u2019indagine dei carabinieri del Nas (Nucleo antisofisticazioni e sanit\u00e0) di Bari, la farmacia \u00abGiuliani\u00bb sita in Piazza Colapietro \u00e8 stata sottoposta a sequestro. Dalle rilevazioni dei Nas sono state rilevate <strong>carenze igieniche <\/strong>soprattutto riguardanti la <strong>presenza di polvere<\/strong> nei luoghi di detenzione dei medicinali. I militari hanno requisito alla farmacista<strong> 561 confezioni di farmaci scaduti, 205 scatole di medicine prive del talloncino su cui \u00e8 stampato il prezzo e il codice a barre.<\/strong><\/span><\/div>\n<p style=\"text-align: justify;\"><span style=\"font-family: verdana,geneva;\">Gli uomini del Nas hanno inoltre recuperato confezioni di <strong>farmaci stupefacenti scaduti e defustellati<\/strong>. Il valore della merce ritirata supera i 31mila \u20ac, mentre \u00a0quello dell\u2019intera attivit\u00e0 commerciale si aggira intorno ai 500mila.<\/span><\/p>\n<div style=\"text-align: justify;\"><\/div>\n<p style=\"text-align: justify;\"><span style=\"font-family: verdana,geneva;\">Alle accuse rivolte, la direzione della farmacia ha risposto che i farmaci scaduti erano in attesa di essere smaltiti seguendo le consuete procedure previste. Ha aggiunto inoltre che i medicinali stupefacenti erano stati lasciati nella farmacia da utilizzatori che non ne facevano pi\u00f9 uso o che, superata la data di scadenza, non potevano pi\u00f9 essere consumati. Quanto alle rilevate carenze igieniche, la direzione ha obiettato che si \u00e8 trattato di una situazione isolata, momentanea, che non avrebbe comunque compromesso l\u2019integrit\u00e0 dei farmaci e degli articoli sanitari in vendita.<\/span><\/p>\n<div style=\"text-align: justify;\"><\/div>\n<p style=\"text-align: justify;\"><span style=\"font-family: verdana,geneva;\">Si tratta comunque della prima volta, in\u00a00 anni di attivit\u00e0, che la farmacia \u00abGiuliani\u00bb ha subito un sequestro. Dopo una serie di controlli realizzati nei diversi anni, non ha mai ricevuto una sola multa.<\/span><\/p>\n","protected":false},"excerpt":{"rendered":"<div style=\"text-align: justify;\"><span style=\"font-family: verdana,geneva;\"><img loading=\"lazy\" decoding=\"async\" class=\" size-full wp-image-1489\" alt=\"farmacia\" src=\"https:\/\/archivioturi.lavocedelpaese.info\/wp-content\/uploads\/2010\/02\/farmacia.jpg\" width=\"320\" height=\"150\" srcset=\"https:\/\/archivioturi.lavocedelpaese.info\/wp-content\/uploads\/2010\/02\/farmacia.jpg 640w, https:\/\/archivioturi.lavocedelpaese.info\/wp-content\/uploads\/2010\/02\/farmacia-300x141.jpg 300w\" sizes=\"auto, (max-width: 320px) 100vw, 320px\" \/><\/span><\/div>\n<div style=\"text-align: justify;\"><span style=\"font-family: verdana,geneva;\"> <\/span><\/div>\n","protected":false},"author":1,"featured_media":1489,"comment_status":"open","ping_status":"closed","sticky":false,"template":"","format":"standard","meta":{"colormag_page_container_layout":"default_layout","colormag_page_sidebar_layout":"default_layout","footnotes":""},"categories":[8],"tags":[],"class_list":["post-1490","post","type-post","status-publish","format-standard","has-post-thumbnail","hentry","category-cronaca"],"_links":{"self":[{"href":"https:\/\/archivioturi.lavocedelpaese.info\/index.php\/wp-json\/wp\/v2\/posts\/1490","targetHints":{"allow":["GET"]}}],"collection":[{"href":"https:\/\/archivioturi.lavocedelpaese.info\/index.php\/wp-json\/wp\/v2\/posts"}],"about":[{"href":"https:\/\/archivioturi.lavocedelpaese.info\/index.php\/wp-json\/wp\/v2\/types\/post"}],"author":[{"embeddable":true,"href":"https:\/\/archivioturi.lavocedelpaese.info\/index.php\/wp-json\/wp\/v2\/users\/1"}],"replies":[{"embeddable":true,"href":"https:\/\/archivioturi.lavocedelpaese.info\/index.php\/wp-json\/wp\/v2\/comments?post=1490"}],"version-history":[{"count":0,"href":"https:\/\/archivioturi.lavocedelpaese.info\/index.php\/wp-json\/wp\/v2\/posts\/1490\/revisions"}],"wp:featuredmedia":[{"embeddable":true,"href":"https:\/\/archivioturi.lavocedelpaese.info\/index.php\/wp-json\/wp\/v2\/media\/1489"}],"wp:attachment":[{"href":"https:\/\/archivioturi.lavocedelpaese.info\/index.php\/wp-json\/wp\/v2\/media?parent=1490"}],"wp:term":[{"taxonomy":"category","embeddable":true,"href":"https:\/\/archivioturi.lavocedelpaese.info\/index.php\/wp-json\/wp\/v2\/categories?post=1490"},{"taxonomy":"post_tag","embeddable":true,"href":"https:\/\/archivioturi.lavocedelpaese.info\/index.php\/wp-json\/wp\/v2\/tags?post=1490"}],"curies":[{"name":"wp","href":"https:\/\/api.w.org\/{rel}","templated":true}]}}