{"id":14880,"date":"2017-06-27T14:29:21","date_gmt":"2017-06-27T14:29:21","guid":{"rendered":"https:\/\/archivioturi.lavocedelpaese.info\/index.php\/2017\/06\/27\/qnon-abbiamo-da-piu-di-10-anni-la-linea-telefonicaq\/"},"modified":"2017-06-27T14:29:21","modified_gmt":"2017-06-27T14:29:21","slug":"qnon-abbiamo-da-piu-di-10-anni-la-linea-telefonicaq","status":"publish","type":"post","link":"https:\/\/archivioturi.lavocedelpaese.info\/index.php\/2017\/06\/27\/qnon-abbiamo-da-piu-di-10-anni-la-linea-telefonicaq\/","title":{"rendered":"&#8220;Non abbiamo da pi\u00f9 di 10 anni la linea telefonica!&#8221;"},"content":{"rendered":"<p><a title=\"IMG-20170622-WA0009\" href=\"https:\/\/www.flickr.com\/photos\/91470992@N02\/35335818021\/in\/dateposted-public\/\" data-flickr-embed=\"true\"><img loading=\"lazy\" decoding=\"async\" src=\"https:\/\/c1.staticflickr.com\/5\/4208\/35335818021_911c2bd9f2_n.jpg\" alt=\"IMG-20170622-WA0009\" width=\"320\" height=\"240\" \/><\/a><\/p>\n<p style=\"text-align: justify;\">L&#8217;edilizia turese, come abbiamo ampiamente testimoniato in passato, ha vissuto situazioni di &#8220;speculazione&#8221; che continuano ancora oggi a dare i loro frutti.<\/p>\n<p style=\"text-align: justify;\">Una di questa situazione \u00e8 quella che riguarda le palazzine di via Rocco Scotellaro, quelle di pi\u00f9 recente realizzazione, che, a pi\u00f9 di dieci anni dalla loro costruzione, non hanno ancora la linea telefonica.<\/p>\n<p><a title=\"IMG-20170622-WA0007\" href=\"https:\/\/www.flickr.com\/photos\/91470992@N02\/35079571050\/in\/dateposted-public\/\" data-flickr-embed=\"true\"><img loading=\"lazy\" decoding=\"async\" src=\"https:\/\/c1.staticflickr.com\/5\/4233\/35079571050_605892a085_n.jpg\" alt=\"IMG-20170622-WA0007\" width=\"320\" height=\"240\" style=\"float: right;\" \/><\/a><\/p>\n<p style=\"text-align: justify;\">Abbiamo incontrato tre residenti di quella strada, il signor Filippo Lisi, il signor Antonio Corvino e il signor Costantino Tosto che, oltre a lamentare il fatto di non avere una linea telefonica, hanno fatto luce sulla poca trasparenza e sulla totale mancanza di legalit\u00e0 e di rispetto di qualsiasi tipo di norma, anche solo quelle dettate dal buonsenso, quando si \u00e8 andato a costruire le palazzine di via Scotellaro.<\/p>\n<p style=\"text-align: justify;\">Interviene per primo Filippo Lisi che racconta: &#8220;Sto parlando di una realt\u00e0 che non \u00e8 solo di via Rocco Scotellaro ma di molte strade che sono un pochino pi\u00f9 all\u2019esterno del paese, cio\u00e8 le nuove costruzioni verso la Sala Enotria. A distanza di 10 anni, quando abbiamo comprato era il 2007, abbiamo scoperto che il compito di installare la linea telefonica era a carico del Comune. Inoltre, quando hanno venduto, ci avevano promesso che sarebbero state realizzate altre opere, come un piccolo cortile che non \u00e8 mai stato fatto&#8221;. I residenti si rivolgono quindi al Comune e diversi sono stati gli incontri: l\u2019ultimo si \u00e8 avuto in questa settimana. Prosegue Lisi: &#8220;Nel momento in cui siamo andati a chiedere al sindaco, all\u2019assessore Zaccheo e all\u2019ingegner Bonventura lumi sulla questione, hanno preso atto della cosa, ma ci hanno risposto che \u201cnon ci sono i soldi\u201d. Vedendosi davanti a delle persone molto arrabbiate hanno cominciato a fare promesse, dicendo che inseriranno l\u2019opera nel Piano Triennale. Una presa in giro in pratica&#8221;.<\/p>\n<p style=\"text-align: justify;\">Il signor Antonio Corvino ricorda come, se non fosse stato per l\u2019interessamento di Carmine Catalano di Turi Futura, le loro richieste (che comunque in gran parte non sono state ancora esaudite) sarebbero rimaste assolutamente inascoltate. Corvino racconta anche come, avendo dei figli in et\u00e0 scolare, il non avere la linea telefonica e quindi internet diventa davvero un problema: &#8220;Adesso per i nostri figli partir\u00e0 il progetto \u201cScuola senza zaino\u201d con gli e-book&#8230; e come facciamo senza internet? Internet \u00e8 protagonista, serve. Tra l\u2019altro in quella strada c\u2019\u00e8 la fibra ottica che ci passa proprio nel mezzo! \u00c8 paradossale!&#8221; Continua Corvino: &#8220;Fortunatamente \u00e8 intervenuto a questo punto Carmine Catalano di Turi Futura, che ha coinvolto l\u2019Ufficio tecnico che \u00e8 andato a vedere le carte&#8221;.<\/p>\n<p style=\"text-align: justify;\">Il Signor Costantino Tosto, forse per deformazione professionale (\u00e8 un carabiniere), sottolinea i molti illeciti commessi sia dal Comune che dalla ditta costruttrice. Afferma Tosto: &#8220;Il Comune, per legge, d\u00e0 i permessi a costruire se ci sono le opere di urbanizzazzione, se il Comune si impegna a farli nei prossimi tre anni o se demanda di farle alla ditta. Il Comune, dieci anni fa, non ha fatto nessuna di queste scelte, non ha previsto nel suo piano come fare le opere di urbanizzazione e non ha detto alla ditta di fare le opere di urbanizzzione; gi\u00e0 questa cosa per me \u00e8 un illecito perch\u00e8 c\u2019\u00e8 una omissione di atti d\u2019ufficio. Nel 2006 la ditta comincia a fare i primi atti di vendita e decide in autonomia di mettere, velocemente, gas, luce e acqua, altrimenti non avrebbe venduto. Quando la zona si \u00e8 popolata, e siamo ormai nel 2010, abbiamo fatto un Comitato e abbiamo chiamato in giudizio il Comune perch\u00e9 volevamo la strada asfaltata e la linea telefonica. Il Comune \u00e8 riuscito a far saltare ben due udienze. In termini di urgenza ed in questo lasso di tempo, il Comune ha provveduto velocemente ad asfaltare la strada e assurdamente &#8211; &nbsp;lo stesso giorno &#8211; la ditta costruttrice si \u00e8 ricordata della linea telefonica e ha messo a caso dei tubi telefonici, senza nessun progetto, letteralmente \u201cbuttandoli\u201d nel terreno&#8221;.<\/p>\n<p style=\"text-align: justify;\">Ad oggi, e siamo nel 2017, la linea telefonica manca ancora e l\u2019Amministrazione attuale ha promesso che provveder\u00e0 ad inserire l\u2019opera nel Piano triennale. Cio significa che, ammesso che l\u2019Amministrazione sar\u00e0 ancora la stessa, non se ne parler\u00e0 prima del 2020. Insomma, una vera ingiustizia che nonostante le lotte, pare ancora non avere soluzione.<\/p>\n","protected":false},"excerpt":{"rendered":"<p><a title=\"IMG-20170622-WA0009\" href=\"https:\/\/www.flickr.com\/photos\/91470992@N02\/35335818021\/in\/dateposted-public\/\" data-flickr-embed=\"true\"><img loading=\"lazy\" decoding=\"async\" src=\"https:\/\/c1.staticflickr.com\/5\/4208\/35335818021_911c2bd9f2_n.jpg\" alt=\"IMG-20170622-WA0009\" width=\"320\" height=\"240\" \/><\/a><\/p>\n","protected":false},"author":1,"featured_media":0,"comment_status":"open","ping_status":"closed","sticky":false,"template":"","format":"standard","meta":{"colormag_page_container_layout":"default_layout","colormag_page_sidebar_layout":"default_layout","footnotes":""},"categories":[7],"tags":[],"class_list":["post-14880","post","type-post","status-publish","format-standard","hentry","category-attualita"],"_links":{"self":[{"href":"https:\/\/archivioturi.lavocedelpaese.info\/index.php\/wp-json\/wp\/v2\/posts\/14880","targetHints":{"allow":["GET"]}}],"collection":[{"href":"https:\/\/archivioturi.lavocedelpaese.info\/index.php\/wp-json\/wp\/v2\/posts"}],"about":[{"href":"https:\/\/archivioturi.lavocedelpaese.info\/index.php\/wp-json\/wp\/v2\/types\/post"}],"author":[{"embeddable":true,"href":"https:\/\/archivioturi.lavocedelpaese.info\/index.php\/wp-json\/wp\/v2\/users\/1"}],"replies":[{"embeddable":true,"href":"https:\/\/archivioturi.lavocedelpaese.info\/index.php\/wp-json\/wp\/v2\/comments?post=14880"}],"version-history":[{"count":0,"href":"https:\/\/archivioturi.lavocedelpaese.info\/index.php\/wp-json\/wp\/v2\/posts\/14880\/revisions"}],"wp:attachment":[{"href":"https:\/\/archivioturi.lavocedelpaese.info\/index.php\/wp-json\/wp\/v2\/media?parent=14880"}],"wp:term":[{"taxonomy":"category","embeddable":true,"href":"https:\/\/archivioturi.lavocedelpaese.info\/index.php\/wp-json\/wp\/v2\/categories?post=14880"},{"taxonomy":"post_tag","embeddable":true,"href":"https:\/\/archivioturi.lavocedelpaese.info\/index.php\/wp-json\/wp\/v2\/tags?post=14880"}],"curies":[{"name":"wp","href":"https:\/\/api.w.org\/{rel}","templated":true}]}}