{"id":14859,"date":"2017-06-20T11:43:07","date_gmt":"2017-06-20T11:43:07","guid":{"rendered":"https:\/\/archivioturi.lavocedelpaese.info\/index.php\/2017\/06\/20\/lites-pertini-alla-sagra-della-ciliegia-ferrovia\/"},"modified":"2017-06-20T11:43:07","modified_gmt":"2017-06-20T11:43:07","slug":"lites-pertini-alla-sagra-della-ciliegia-ferrovia","status":"publish","type":"post","link":"https:\/\/archivioturi.lavocedelpaese.info\/index.php\/2017\/06\/20\/lites-pertini-alla-sagra-della-ciliegia-ferrovia\/","title":{"rendered":"L\u2019Ites \u201cPertini\u201d alla Sagra della Ciliegia Ferrovia"},"content":{"rendered":"<p><a data-flickr-embed=\"true\" href=\"https:\/\/www.flickr.com\/photos\/91470992@N02\/35176571982\/in\/dateposted-public\/\" title=\"IMG-20170614-WA0032\"><img loading=\"lazy\" decoding=\"async\" src=\"https:\/\/c1.staticflickr.com\/5\/4264\/35176571982_be8c8db120_n.jpg\" width=\"320\" height=\"251\" alt=\"IMG-20170614-WA0032\" \/><\/a><\/p>\n<p style=\"text-align: justify;\">L\u2019alternanza scuola &#8211; lavoro, obbligatoria per tutti gli studenti dell\u2019ultimo triennio delle scuole superiori, \u00e8 una delle innovazioni pi\u00f9 significative della legge 107 del 2015 (La Buona Scuola) in linea con il principio della scuola aperta.<\/p>\n<p style=\"text-align: justify;\">La scuola deve, infatti, diventare la pi\u00f9 efficace politica strutturale a favore della crescita e della formazione di nuove competenze, contro la disoccupazione e il disallineamento tra domanda e offerta nel mercato del lavoro. Per questo, deve aprirsi al territorio, chiedendo alla societ\u00e0 di rendere tutti gli studenti protagonisti consapevoli delle scelte per il proprio futuro.<\/p>\n<p style=\"text-align: justify;\">Con l\u2019alternanza scuola-lavoro, viene introdotto in maniera universale un metodo didattico e di apprendimento sintonizzato con le esigenze del mondo esterno, che chiama in causa anche gli adulti nel loro ruolo di tutor interni (docenti) e tutor esterni (referenti della realt\u00e0 ospitante).<\/p>\n<p style=\"text-align: justify;\">L\u2019alternanza favorisce la comunicazione intergenerazionale, pone le basi per uno scambio di esperienze e crescita reciproca. Non solo imprese e aziende, ma anche associazioni sportive e di volontariato, enti culturali, istituzioni e ordini professionali possono diventare partner educativi della scuola per sviluppare in sinergia esperienze coerenti alle attitudini e alle passioni di ogni ragazza e di ogni ragazzo.<\/p>\n<p style=\"text-align: justify;\">\u00c8 su questo principio che l\u2019Ites \u201cPertini\u201d \u00e8 stato uno dei protagonisti della scorsa Sagra della Ciliegia Ferrovia con 22 ragazzi della IV D del settore turismo, accompagnati dalla tutor scolastica, la professoressa Loredana Salvatore, e il tutor aziendale, Stefano Dell\u2019Aera, dell\u2019Associazione In Piazza.<\/p>\n<p style=\"text-align: justify;\">Il progetto, volto a creare un\u2019associazione culturale virtuale curata sempre dalla tutor Salvatore, si \u00e8 sviluppato in tre fasi: analisi del territorio, individuazione della &#8216;business idea&#8217; e attivit\u00e0 preparatorie alla stesura del &#8216;business plan&#8217;.<\/p>\n<p style=\"text-align: justify;\">In quest\u2019ottica, sin dal mese di febbraio, i ragazzi, i docenti tutti e il tutor aziendale hanno lavorato fattivamente al progetto che, nella fase finale, ha visto partecipare sei ragazzi. Questi hanno proseguito l\u2019esperienza con 20 ore mattutine di stage in azienda, durante le quali hanno accompagnato le fasi di conferenza stampa regionale di presentazione della Sagra e di accoglienza dei numerosissimi turisti durante le due giornate di Sagra. Gli scorsi 10 e 11 giugno, infatti, affiancando l\u2019Associazione \u201cIl Viandante\u201d, hanno presenziato in viari punti di richiamo artistico-culturale della nostra cittadina, offrendo supporto informativo e di conoscenza a quanti hanno raggiunto Turi per apprezzare i suoi prodotti tipici.<\/p>\n<p style=\"text-align: justify;\">Un valido progetto di coinvolgimento dei ragazzi, immersi cos\u00ec nelle attivit\u00e0 organizzative e gi\u00e0 consapevoli di quella che potrebbe essere la via da percorrere dopo la loro parentesi formativa scolastica.<\/p>\n","protected":false},"excerpt":{"rendered":"<p><a data-flickr-embed=\"true\" href=\"https:\/\/www.flickr.com\/photos\/91470992@N02\/35176571982\/in\/dateposted-public\/\" title=\"IMG-20170614-WA0032\"><img loading=\"lazy\" decoding=\"async\" src=\"https:\/\/c1.staticflickr.com\/5\/4264\/35176571982_be8c8db120_n.jpg\" width=\"320\" height=\"251\" alt=\"IMG-20170614-WA0032\" \/><\/a><\/p>\n","protected":false},"author":1,"featured_media":0,"comment_status":"open","ping_status":"closed","sticky":false,"template":"","format":"standard","meta":{"colormag_page_container_layout":"default_layout","colormag_page_sidebar_layout":"default_layout","footnotes":""},"categories":[6],"tags":[],"class_list":["post-14859","post","type-post","status-publish","format-standard","hentry","category-cultura"],"_links":{"self":[{"href":"https:\/\/archivioturi.lavocedelpaese.info\/index.php\/wp-json\/wp\/v2\/posts\/14859","targetHints":{"allow":["GET"]}}],"collection":[{"href":"https:\/\/archivioturi.lavocedelpaese.info\/index.php\/wp-json\/wp\/v2\/posts"}],"about":[{"href":"https:\/\/archivioturi.lavocedelpaese.info\/index.php\/wp-json\/wp\/v2\/types\/post"}],"author":[{"embeddable":true,"href":"https:\/\/archivioturi.lavocedelpaese.info\/index.php\/wp-json\/wp\/v2\/users\/1"}],"replies":[{"embeddable":true,"href":"https:\/\/archivioturi.lavocedelpaese.info\/index.php\/wp-json\/wp\/v2\/comments?post=14859"}],"version-history":[{"count":0,"href":"https:\/\/archivioturi.lavocedelpaese.info\/index.php\/wp-json\/wp\/v2\/posts\/14859\/revisions"}],"wp:attachment":[{"href":"https:\/\/archivioturi.lavocedelpaese.info\/index.php\/wp-json\/wp\/v2\/media?parent=14859"}],"wp:term":[{"taxonomy":"category","embeddable":true,"href":"https:\/\/archivioturi.lavocedelpaese.info\/index.php\/wp-json\/wp\/v2\/categories?post=14859"},{"taxonomy":"post_tag","embeddable":true,"href":"https:\/\/archivioturi.lavocedelpaese.info\/index.php\/wp-json\/wp\/v2\/tags?post=14859"}],"curies":[{"name":"wp","href":"https:\/\/api.w.org\/{rel}","templated":true}]}}