{"id":14849,"date":"2017-06-20T09:50:55","date_gmt":"2017-06-20T09:50:55","guid":{"rendered":"https:\/\/archivioturi.lavocedelpaese.info\/index.php\/2017\/06\/20\/topputi-chi\/"},"modified":"2017-06-20T09:50:55","modified_gmt":"2017-06-20T09:50:55","slug":"topputi-chi","status":"publish","type":"post","link":"https:\/\/archivioturi.lavocedelpaese.info\/index.php\/2017\/06\/20\/topputi-chi\/","title":{"rendered":"Topputi chi?"},"content":{"rendered":"<p><a data-flickr-embed=\"true\" href=\"https:\/\/www.flickr.com\/photos\/91470992@N02\/33516288983\/in\/photolist-UrVdhE-T4HK2r-qDF6Zx-nZe3sR-eiSynv-eiSxAr\" title=\"Marilena Lerede con il Governatore Emiliano\"><img loading=\"lazy\" decoding=\"async\" src=\"https:\/\/c1.staticflickr.com\/5\/4186\/33516288983_f9712a09f6_n.jpg\" width=\"320\" height=\"220\" alt=\"Marilena Lerede con il Governatore Emiliano\" \/><\/a><\/p>\n<p style=\"text-align: justify;\">\u201cFare politica significa rispetto delle persone, dei ruoli e soprattutto significa COERENZA, che fare le prime donne non porta da nessuna parte se non a cadere nel ridicolo per un attimo di gloria. Le critiche sono giuste se fatte da persone che danno il buon esempio. La gente ha bisogno di coerenza e di fatti non di persone che vanno dove tira il vento\u201d.<\/p>\n<p style=\"text-align: justify;\">Marilena Lerede replica cos\u00ec al consigliere Fabio Topputi e all\u2019intervista rilasciataci la settimana scorsa, con la quale invitava Giuseppe Gravinese &#8211; segretario PD Turi &#8211; a prendere una posizione chiara rispetto all\u2019operato fallimentare di questa amministrazione. Marilena Lerede, delegata nella nuova segreteria definita governo ombra, spedisce al mittente le accuse, tacciando Topputi di incoerenza.<\/p>\n<p style=\"text-align: justify;\">Intanto, Marilena Lerede dice di assumersi le responsabilit\u00e0 dell\u2019operato amministrativo e, nello stesso tempo, rivendica di non aver mai bocciato il sindaco.<\/p>\n<p style=\"text-align: justify;\"><strong>&nbsp;<\/strong><\/p>\n<p style=\"text-align: justify;\"><strong>&nbsp;<\/strong><\/p>\n<p style=\"text-align: justify;\"><strong>Marilena Lerede, come replica alle analisi di Fabio Topputi? <\/strong><\/p>\n<p style=\"text-align: justify;\">\u201cPerch\u00e9 vogliamo chiamare analisi quelle fatte da un consigliere di opposizione che si mette a fare il difensore di un assessore?\u201d.<\/p>\n<p style=\"text-align: justify;\"><strong>A proposito di Topputi, lei come valuta il suo operato da oppositore? <\/strong><\/p>\n<p style=\"text-align: justify;\">\u201cOnestamente non ho ancora capito da che parte sta, stiamo parlando di un consigliere che \u00e8 stato votato in una lista che di sicuro non \u00e8 del Partito Democratico (PD), che per\u00f2 si dichiara simpatizzante del PD e, allo stesso tempo, oltre a fare campagna elettorale per il PD alle regionali ed alle primarie, vota contro il Sindaco (PD) in Consiglio e si permette pure di criticare il PD di Turi sui giornali. Gravinese che \u00e8 il segretario del PD non pu\u00f2 dire la sua, lui s\u00ec!\u201d.<\/p>\n<p style=\"text-align: justify;\"><strong>Lei per\u00f2 non ritiene che il vostro partito abbia delle responsabilit\u00e0 sull&#8217;operato della maggioranza? Vi assumete le responsabilit\u00e0 di tutte le cose che non vanno e che sono tante, a cominciare dai fallimenti evidenti dell&#8217;operato? <\/strong><\/p>\n<p style=\"text-align: justify;\">\u201cCerto che ci assumiamo la responsabilit\u00e0! Questa si chiama COERENZA. Anche se, vorrei ricordare a qualcuno che il nostro Circolo \u00e8 nato dopo l\u2019insediamento dell\u2019amministrazione e che il nostro scopo \u00e8 quello di essere un supporto della stessa; poi \u00e8 normale che le nostre idee potrebbero essere non condivise e che le decisioni finali sono sempre della maggioranza, ma questo non significa che ci vogliamo esimere dalle nostre responsabilit\u00e0, n\u00e9 tantomeno che dobbiamo stare zitti a prescindere\u201d.<\/p>\n<p style=\"text-align: justify;\"><strong>Che senso ha andare avanti visto che tempo fa avevate bocciato questo sindaco? <\/strong><\/p>\n<p style=\"text-align: justify;\">\u201cOnestamente non ricordo quando abbiamo bocciato il Sindaco\u201d.<\/p>\n<p style=\"text-align: justify;\"><strong>Comunque lei \u00e8 stata scelta nella segreteria perch\u00e9 amica di Gravinese&#8230; o no? <\/strong><\/p>\n<p style=\"text-align: justify;\">\u201cGravinese ha scelto i membri della segreteria in base alla disponibilit\u00e0 ed all\u2019attivit\u00e0 nel partito. E s\u00ec, sono sua amica, del resto lo siamo un po\u2019 tutti altrimenti che gruppo saremmo? Caldararo non \u00e8 stata inserita nella segreteria semplicemente perch\u00e9 essendo un assessore con delle deleghe non sarebbe stato giusto aggravarla di ulteriori deleghe nel partito, ma questo dovrebbe essere chiaro a chi mastica un po\u2019 di politica!\u201d.<\/p>\n<p style=\"text-align: justify;\"><strong>Il successo della Sagra delle Ciliegie quale insegnamento ci lascia? <\/strong><\/p>\n<p style=\"text-align: justify;\">\u201cIl successo! Il successone vorrai dire! \u00c8 stata una sagra fantastica che mi ha resa orgogliosa di essere turese. L\u2019insegnamento che mi lascia \u00e8 la dimostrazione che quando un\u2019associazione riesce a far bene un evento bisogna continuare a darle fiducia perch\u00e9 ogni anno migliora l\u2019organizzazione ed i particolari, portando come risultato un\u2019immagine del paese sempre pi\u00f9 positiva, e tutto questo non deve avere colore politico ma amore del paese. E se proprio dobbiamo rimanere in tema di polemiche, su questa scelta non potete dire niente a questa amministrazione. I miei pi\u00f9 sinceri complimenti all\u2019associazione: BRAVI, BRAVI, BRAVI!\u201d.<\/p>\n<p style=\"text-align: justify;\"><strong>A questo punto si pu\u00f2 affidare loro anche la festa di Sant&#8217;Oronzo del 2018? <\/strong><\/p>\n<p style=\"text-align: justify;\">\u201cSicuramente potrebbero essere bravi anche in questo, anche perch\u00e9 sono ragazzi che ci tengono molto a Turi ed alcuni di loro sono devoti a Sant\u2019Oronzo, ma sinceramente ora che c\u2019\u00e8 Marinuccio non mi voglio porre il quesito del 2018, mi auguro che faccia bene come in passato e che lo faccia per il maggior tempo possibile\u201d.<\/p>\n","protected":false},"excerpt":{"rendered":"<p><a data-flickr-embed=\"true\" href=\"https:\/\/www.flickr.com\/photos\/91470992@N02\/33516288983\/in\/photolist-UrVdhE-T4HK2r-qDF6Zx-nZe3sR-eiSynv-eiSxAr\" title=\"Marilena Lerede con il Governatore Emiliano\"><img loading=\"lazy\" decoding=\"async\" src=\"https:\/\/c1.staticflickr.com\/5\/4186\/33516288983_f9712a09f6_n.jpg\" width=\"320\" height=\"220\" alt=\"Marilena Lerede con il Governatore Emiliano\" \/><\/a><\/p>\n","protected":false},"author":1,"featured_media":0,"comment_status":"open","ping_status":"closed","sticky":false,"template":"","format":"standard","meta":{"colormag_page_container_layout":"default_layout","colormag_page_sidebar_layout":"default_layout","footnotes":""},"categories":[4],"tags":[],"class_list":["post-14849","post","type-post","status-publish","format-standard","hentry","category-politica"],"_links":{"self":[{"href":"https:\/\/archivioturi.lavocedelpaese.info\/index.php\/wp-json\/wp\/v2\/posts\/14849","targetHints":{"allow":["GET"]}}],"collection":[{"href":"https:\/\/archivioturi.lavocedelpaese.info\/index.php\/wp-json\/wp\/v2\/posts"}],"about":[{"href":"https:\/\/archivioturi.lavocedelpaese.info\/index.php\/wp-json\/wp\/v2\/types\/post"}],"author":[{"embeddable":true,"href":"https:\/\/archivioturi.lavocedelpaese.info\/index.php\/wp-json\/wp\/v2\/users\/1"}],"replies":[{"embeddable":true,"href":"https:\/\/archivioturi.lavocedelpaese.info\/index.php\/wp-json\/wp\/v2\/comments?post=14849"}],"version-history":[{"count":0,"href":"https:\/\/archivioturi.lavocedelpaese.info\/index.php\/wp-json\/wp\/v2\/posts\/14849\/revisions"}],"wp:attachment":[{"href":"https:\/\/archivioturi.lavocedelpaese.info\/index.php\/wp-json\/wp\/v2\/media?parent=14849"}],"wp:term":[{"taxonomy":"category","embeddable":true,"href":"https:\/\/archivioturi.lavocedelpaese.info\/index.php\/wp-json\/wp\/v2\/categories?post=14849"},{"taxonomy":"post_tag","embeddable":true,"href":"https:\/\/archivioturi.lavocedelpaese.info\/index.php\/wp-json\/wp\/v2\/tags?post=14849"}],"curies":[{"name":"wp","href":"https:\/\/api.w.org\/{rel}","templated":true}]}}