{"id":14843,"date":"2017-06-11T15:54:48","date_gmt":"2017-06-11T15:54:48","guid":{"rendered":"https:\/\/archivioturi.lavocedelpaese.info\/index.php\/2017\/06\/11\/la-musica-la-lingua-del-cuore\/"},"modified":"2017-06-11T15:54:48","modified_gmt":"2017-06-11T15:54:48","slug":"la-musica-la-lingua-del-cuore","status":"publish","type":"post","link":"https:\/\/archivioturi.lavocedelpaese.info\/index.php\/2017\/06\/11\/la-musica-la-lingua-del-cuore\/","title":{"rendered":"La musica\u2026 la lingua del cuore"},"content":{"rendered":"<p><a title=\"IMG-20170608-WA0001\" href=\"https:\/\/www.flickr.com\/photos\/91470992@N02\/35158942676\/in\/dateposted-public\/\" data-flickr-embed=\"true\"><img loading=\"lazy\" decoding=\"async\" src=\"https:\/\/c1.staticflickr.com\/5\/4200\/35158942676_b07f84cf00_n.jpg\" alt=\"IMG-20170608-WA0001\" width=\"320\" height=\"180\" \/><\/a><\/p>\n<p style=\"text-align: center;\"><a title=\"IMG-20170607-WA0088\" href=\"https:\/\/www.flickr.com\/photos\/91470992@N02\/34389654363\/in\/dateposted-public\/\" data-flickr-embed=\"true\"><img loading=\"lazy\" decoding=\"async\" src=\"https:\/\/c1.staticflickr.com\/5\/4209\/34389654363_c49c719ed4_n.jpg\" alt=\"IMG-20170607-WA0088\" width=\"240\" height=\"320\" \/><\/a><\/p>\n<p style=\"text-align: justify;\">\u00c8 un percorso di emozioni in musica, il progetto di Musicoterapia rivolto all&#8217;integrazione di persone disabili e realizzato nel Comprensivo di Turi. Il progetto, come ci ha spiegato la referente, la docente Margaret Laera, \u00e8 rivolto a \u201ctutte le classi del nostro istituto ed oggi, 1 giugno, gli alunni della scuola Primaria stanno partecipando ad una lezione aperta a conclusione del progetto \u201cEmozioni in musica\u201d.<\/p>\n<p style=\"text-align: justify;\">&nbsp;Felici, gioiosi e collaborativi si sono dimostrati i ragazzi che, durante la mattinata, hanno potuto farsi trascinare nel mondo della musicoterapia, guidati dalla dottoressa Angela Manzari, esperta di musicoterapia e strumento e con la collaborazione delle insegnanti di sostegno. \u201cIl progetto \u2013 ha continuato la referente Laera \u2013 \u00e8 una delle iniziative dell\u2019Istituto volte a costruire, in un\u2019ottica inclusiva, un ambiente che risponde ai bisogni dei bambini e dei ragazzi, garantendo a tutti una partecipazione attiva nel rispetto delle peculiarit\u00e0 di ciascuno\u201d.<\/p>\n<p style=\"text-align: center;\"><a title=\"IMG-20170607-WA0077\" href=\"https:\/\/www.flickr.com\/photos\/91470992@N02\/35158941206\/in\/dateposted-public\/\" data-flickr-embed=\"true\"><img loading=\"lazy\" decoding=\"async\" src=\"https:\/\/c1.staticflickr.com\/5\/4280\/35158941206_01440f69ff_n.jpg\" alt=\"IMG-20170607-WA0077\" width=\"236\" height=\"320\" \/><\/a><\/p>\n<p style=\"text-align: justify;\">\u201cIl bambino si riconosce col suono\u201d &#8211; ha raccontato la dottoressa Manzari presentando il progetto nella mattinata di gioved\u00ec scorso, dinanzi ai genitori degli alunni. Un rapido excursus tra le attivit\u00e0 svolte durante il laboratorio di musicoterapia, quello raccontato in sala teatro, dove dalla ritmica del corpo, si \u00e8 passati alla danza strutturata, fino all&#8217;uso degli strumenti, il tutto per educare i piccoli al rispetto della diversit\u00e0 considerandola un\u2019opportunit\u00e0 per tutti.<\/p>\n<p style=\"text-align: center;\"><a title=\"IMG-20170607-WA0078\" href=\"https:\/\/www.flickr.com\/photos\/91470992@N02\/34389648243\/in\/dateposted-public\/\" data-flickr-embed=\"true\"><img loading=\"lazy\" decoding=\"async\" src=\"https:\/\/c1.staticflickr.com\/5\/4210\/34389648243_f86147d95e_n.jpg\" alt=\"IMG-20170607-WA0078\" width=\"320\" height=\"240\" \/><\/a><\/p>\n<p style=\"text-align: justify;\">Quello della musicoterapia \u00e8 un progetto che la scuola turese conosce gi\u00e0 da qualche anno, prima rivolto solo ad alcune classi, oggi indirizzato a tutto l\u2019Istituto che in questo modo partecipa attivamente all&#8217;inclusione di soggetti che convivono con la loro disabilit\u00e0. Allo stesso tempo, \u00e8 un percorso di educazione alla musica, di avvicinamento al cuore dei piccoli che cos\u00ec si immedesimano nel suono e si fanno raccontare attraverso questo.<\/p>\n<p style=\"text-align: justify;\">La finalit\u00e0 socio-educativa del progetto guarda alla musica come strumento, come il canale di comunicazione attraverso il quale stabilire un contatto con gli alunni, un mezzo attraverso cui il bambino ha la possibilit\u00e0 di esprimersi, imparare, crescere e maturare, apprendendo cos\u00ec le regole che gli permettano di stare in mezzo agli altri.<\/p>\n","protected":false},"excerpt":{"rendered":"<p><a title=\"IMG-20170608-WA0001\" href=\"https:\/\/www.flickr.com\/photos\/91470992@N02\/35158942676\/in\/dateposted-public\/\" data-flickr-embed=\"true\"><img loading=\"lazy\" decoding=\"async\" src=\"https:\/\/c1.staticflickr.com\/5\/4200\/35158942676_b07f84cf00_n.jpg\" alt=\"IMG-20170608-WA0001\" width=\"320\" height=\"180\" \/><\/a><\/p>\n","protected":false},"author":1,"featured_media":0,"comment_status":"open","ping_status":"closed","sticky":false,"template":"","format":"standard","meta":{"colormag_page_container_layout":"default_layout","colormag_page_sidebar_layout":"default_layout","footnotes":""},"categories":[6],"tags":[],"class_list":["post-14843","post","type-post","status-publish","format-standard","hentry","category-cultura"],"_links":{"self":[{"href":"https:\/\/archivioturi.lavocedelpaese.info\/index.php\/wp-json\/wp\/v2\/posts\/14843","targetHints":{"allow":["GET"]}}],"collection":[{"href":"https:\/\/archivioturi.lavocedelpaese.info\/index.php\/wp-json\/wp\/v2\/posts"}],"about":[{"href":"https:\/\/archivioturi.lavocedelpaese.info\/index.php\/wp-json\/wp\/v2\/types\/post"}],"author":[{"embeddable":true,"href":"https:\/\/archivioturi.lavocedelpaese.info\/index.php\/wp-json\/wp\/v2\/users\/1"}],"replies":[{"embeddable":true,"href":"https:\/\/archivioturi.lavocedelpaese.info\/index.php\/wp-json\/wp\/v2\/comments?post=14843"}],"version-history":[{"count":0,"href":"https:\/\/archivioturi.lavocedelpaese.info\/index.php\/wp-json\/wp\/v2\/posts\/14843\/revisions"}],"wp:attachment":[{"href":"https:\/\/archivioturi.lavocedelpaese.info\/index.php\/wp-json\/wp\/v2\/media?parent=14843"}],"wp:term":[{"taxonomy":"category","embeddable":true,"href":"https:\/\/archivioturi.lavocedelpaese.info\/index.php\/wp-json\/wp\/v2\/categories?post=14843"},{"taxonomy":"post_tag","embeddable":true,"href":"https:\/\/archivioturi.lavocedelpaese.info\/index.php\/wp-json\/wp\/v2\/tags?post=14843"}],"curies":[{"name":"wp","href":"https:\/\/api.w.org\/{rel}","templated":true}]}}