{"id":14809,"date":"2017-06-05T02:16:58","date_gmt":"2017-06-05T02:16:58","guid":{"rendered":"https:\/\/archivioturi.lavocedelpaese.info\/index.php\/2017\/06\/05\/a-scuola-trionfa-lo-sport\/"},"modified":"2017-06-05T02:16:58","modified_gmt":"2017-06-05T02:16:58","slug":"a-scuola-trionfa-lo-sport","status":"publish","type":"post","link":"https:\/\/archivioturi.lavocedelpaese.info\/index.php\/2017\/06\/05\/a-scuola-trionfa-lo-sport\/","title":{"rendered":"A scuola trionfa lo sport"},"content":{"rendered":"<p><a data-flickr-embed=\"true\" href=\"https:\/\/www.flickr.com\/photos\/91470992@N02\/34866657472\/in\/dateposted-public\/\" title=\"IMG-20170529-WA0040\"><img loading=\"lazy\" decoding=\"async\" src=\"https:\/\/c1.staticflickr.com\/5\/4275\/34866657472_edb9dc5919_n.jpg\" width=\"320\" height=\"240\" alt=\"IMG-20170529-WA0040\" \/><\/a><\/p>\n<p style=\"text-align: justify;\">Hanno risuonato, qualche settimana fa, le informazioni trapelate dal mondo scolastico sulla competenza, degli studenti italiani, nel settore sportivo. Molti dei ragazzi che frequentano i nostri istituti \u2013 come \u00e8 apparso dalle statistiche \u2013 non sa fare una capriola; molti altri non praticano un\u2019attivit\u00e0 sportiva; altri ancora, non seguono lezioni di sport neppure nelle ore antimeridiane.<\/p>\n<p style=\"text-align: justify;\">Un\u2019immagine di ragazzi sempre pi\u00f9 avvezzi a trascorrere le ore della giornata dinanzi ad uno schermo, in una realt\u00e0 virtuale che non solo li cancella dall\u2019abitudine ai rapporti sociali, alle regole della convivenza, ma anche da se stessi. Nuove generazioni che combattono, poi con altri metodi, quel senso di solitudine, di mancato piacere di se stessi, di estraneit\u00e0 dal mondo che purtroppo riempiono le pagine dei maggiori giornali e media nazionali.<\/p>\n<p style=\"text-align: justify;\">Uno scatto fotografico, per\u00f2, che si vuol mettere da parte, per lasciare spazio ad un\u2019altra immagine, viene dall\u2019ITES \u201cPertini\u201d, che gi\u00e0 da qualche anno \u00e8 impegnata nella diffusione delle discipline sportive durante le ore scolastiche. Lo sport non pi\u00f9 inteso come un\u2019ora di svago e di allontanamento dai libri, ma come una disciplina da coltivare, attraverso le sue mille sfaccettature, lungo i suoi possibili indirizzi.<\/p>\n<p style=\"text-align: justify;\">\u00c8 giunto al termine, nella mattinata di luned\u00ec 29 maggio, il XVIII Torneo di Pallavolo \u201cPetinivolley\u201d, con una finalissima che ha visto scendere in campo le squadre della 2A contro la 2B e la 5B contro la 5C. Ma la mattinata \u00e8 stata una vera festa dello sport, con il tifo dell\u2019intero istituto che non si \u00e8 lasciato sfuggire l\u2019opportunit\u00e0 di tifare e sostenere questa o quell\u2019altra squadra, creando nella palestra della scuola un\u2019aria di sportivit\u00e0 e di allegria.<\/p>\n<p style=\"text-align: justify;\">Ed \u00e8 stato sui campi di pallavolo e calcetto che, con sfide avvincenti e tra ragazzi che hanno dimostrato impegno e grinta che si sono avvicendate le squadre portando la vittoria allo Sport e allo spirito di gioco.<\/p>\n<p style=\"text-align: justify;\">Seconda A e quinta E hanno trionfato nel calcetto; seconda B e quinta C hanno conquistato la vittoria nel volley, in partite molto combattute in cui, nonostante ci fossero ragazzi non giocatori abituali di pallavolo hanno dato il massimo meritando l&#8217;applauso del pubblico.<\/p>\n<p style=\"text-align: justify;\">Al termine delle competizioni sportive, le premiazioni finali che hanno portato a sollevare trofei messi a disposizione dagli sponsor.<\/p>\n<p style=\"text-align: justify;\">Un ringraziamento, da parte della scuola, \u00e8 andato cos\u00ec a chi ha collaborato alla realizzazione della manifestazione sportiva, quali God\u00ec di Giovanni Martielli di Acquaviva che ha offerto i panini per ristorare gli atleti; la Somed per la fornitura d&#8217;acqua, poi ancora Fitmania e Fabio Topputi che, dopo la sua parentesi di alunno dell\u2019Istituto, \u00e8 tornato da sponsor.<\/p>\n<p><object width=\"640\" height=\"480\"><param name=\"flashvars\" value=\"offsite=true&amp;lang=it-it&amp;page_show_url=%2Fphotos%2F91470992%40N02%2Fsets%2F72157682550870520%2Fshow%2F&amp;page_show_back_url=%2Fphotos%2F91470992%40N02%2Fsets%2F72157682550870520%2F&amp;set_id=72157682550870520&amp;jump_to=\" \/><param name=\"movie\" value=\"https:\/\/www.flickr.com\/apps\/slideshow\/show.swf?v=261948265\" \/><param name=\"allowFullScreen\" value=\"true\" \/><embed type=\"application\/x-shockwave-flash\" src=\"https:\/\/www.flickr.com\/apps\/slideshow\/show.swf?v=261948265\" allowfullscreen=\"true\" flashvars=\"offsite=true&amp;lang=it-it&amp;page_show_url=%2Fphotos%2F91470992%40N02%2Fsets%2F72157682550870520%2Fshow%2F&amp;page_show_back_url=%2Fphotos%2F91470992%40N02%2Fsets%2F72157682550870520%2F&amp;set_id=72157682550870520&amp;jump_to=\" width=\"640\" height=\"480\" \/><\/object><\/p>\n","protected":false},"excerpt":{"rendered":"<p><a data-flickr-embed=\"true\" href=\"https:\/\/www.flickr.com\/photos\/91470992@N02\/34866657472\/in\/dateposted-public\/\" title=\"IMG-20170529-WA0040\"><img loading=\"lazy\" decoding=\"async\" src=\"https:\/\/c1.staticflickr.com\/5\/4275\/34866657472_edb9dc5919_n.jpg\" width=\"320\" height=\"240\" alt=\"IMG-20170529-WA0040\" \/><\/a><\/p>\n","protected":false},"author":1,"featured_media":0,"comment_status":"open","ping_status":"closed","sticky":false,"template":"","format":"standard","meta":{"colormag_page_container_layout":"default_layout","colormag_page_sidebar_layout":"default_layout","footnotes":""},"categories":[6],"tags":[],"class_list":["post-14809","post","type-post","status-publish","format-standard","hentry","category-cultura"],"_links":{"self":[{"href":"https:\/\/archivioturi.lavocedelpaese.info\/index.php\/wp-json\/wp\/v2\/posts\/14809","targetHints":{"allow":["GET"]}}],"collection":[{"href":"https:\/\/archivioturi.lavocedelpaese.info\/index.php\/wp-json\/wp\/v2\/posts"}],"about":[{"href":"https:\/\/archivioturi.lavocedelpaese.info\/index.php\/wp-json\/wp\/v2\/types\/post"}],"author":[{"embeddable":true,"href":"https:\/\/archivioturi.lavocedelpaese.info\/index.php\/wp-json\/wp\/v2\/users\/1"}],"replies":[{"embeddable":true,"href":"https:\/\/archivioturi.lavocedelpaese.info\/index.php\/wp-json\/wp\/v2\/comments?post=14809"}],"version-history":[{"count":0,"href":"https:\/\/archivioturi.lavocedelpaese.info\/index.php\/wp-json\/wp\/v2\/posts\/14809\/revisions"}],"wp:attachment":[{"href":"https:\/\/archivioturi.lavocedelpaese.info\/index.php\/wp-json\/wp\/v2\/media?parent=14809"}],"wp:term":[{"taxonomy":"category","embeddable":true,"href":"https:\/\/archivioturi.lavocedelpaese.info\/index.php\/wp-json\/wp\/v2\/categories?post=14809"},{"taxonomy":"post_tag","embeddable":true,"href":"https:\/\/archivioturi.lavocedelpaese.info\/index.php\/wp-json\/wp\/v2\/tags?post=14809"}],"curies":[{"name":"wp","href":"https:\/\/api.w.org\/{rel}","templated":true}]}}