{"id":14803,"date":"2017-05-27T18:57:41","date_gmt":"2017-05-27T18:57:41","guid":{"rendered":"https:\/\/archivioturi.lavocedelpaese.info\/index.php\/2017\/05\/27\/qsulla-scia-delle-ali-della-libertaq\/"},"modified":"2017-05-27T18:57:41","modified_gmt":"2017-05-27T18:57:41","slug":"qsulla-scia-delle-ali-della-libertaq","status":"publish","type":"post","link":"https:\/\/archivioturi.lavocedelpaese.info\/index.php\/2017\/05\/27\/qsulla-scia-delle-ali-della-libertaq\/","title":{"rendered":"&#8220;Sulla scia delle ali della libert\u00e0&#8221;"},"content":{"rendered":"<p><a data-flickr-embed=\"true\" href=\"https:\/\/www.flickr.com\/photos\/91470992@N02\/34746869492\/in\/dateposted-public\/\" title=\"Foto1\"><img loading=\"lazy\" decoding=\"async\" src=\"https:\/\/c1.staticflickr.com\/5\/4223\/34746869492_7043b41294_n.jpg\" width=\"320\" height=\"180\" alt=\"Foto1\" \/><\/a><\/p>\n<p style=\"text-align: justify;\">Nella mattinata di sabato 20 maggio si \u00e8 svolto l\u2019ultimo appuntamento putignanese del service nazionale Rotaract \u201cSulla scia delle ali della libert\u00e0\u201d che, prendendo spunto dalla trama dell&#8217;omonimo film, si pone come obiettivo la realizzazione di biblioteche all&#8217;interno delle carceri.<\/p>\n<p style=\"text-align: justify;\">Con la realizzazione di eventi coordinati dal presidente del service distrettuale Rotaract 2120 Francesco Roma e la sua commissione, in collaborazione con i Rotaract Club del Distretto, sono stati raccolti numerosi libri: ben 5000.<\/p>\n<p style=\"text-align: justify;\">Dopo la consegna al carcere di Turi dei libri raccolti dai club Rotaract e Rotary di Putignano e Massafra, avvenuta l\u201911 marzo, gli stessi club hanno organizzato un incontro conclusivo presso la medesima casa circondariale. Si \u00e8 trattato della presentazione del progetto agli stessi detenuti del carcere, che hanno mostrato molto interesse all\u2019iniziativa. Sono intervenuti Pietro Gonnella, in rappresentanza del presidente Rotary Putignano Vito Fanelli; Giovanni Fulvio, presidente del RAC Putignano; Maria Rosaria Nardelli presidente Rotary Massafra; Tiziana Laterza presidente RAC Massafra e Stefano Sisto in rappresentanza della commissione distrettuale.<\/p>\n<p style=\"text-align: justify;\">Interessante l\u2019intervento dell\u2019avv. Graziana Leo, presidente dell&#8217;ANPI (Associazione Nazionale Partigiani Italia) &nbsp;sezione di Massafra, che ha illustrato le figure di Gramsci e Pertini, due \u201ccelebri\u201d carcerati a Turi, dei quali \u00e8 stato possibile visitare la cella nel carcere. Un ringraziamento a nome dei club alla Sig.ra Calisi, educatrice del carcere che ha reso possibile la realizzazione dell\u2019evento.<\/p>\n<p style=\"text-align: justify;\">Notevole l\u2019entusiasmo e l\u2019interazione dei detenuti, alcuni dei quali alunni dell\u2019Ites di Turi, con i promotori del service. L&#8217;obiettivo del service \u00e8 quello di migliorare la qualit\u00e0 di vita dei detenuti mediante la cultura, garantendogli una maggiore possibilit\u00e0 per una futura reintegrazione nella societ\u00e0, in particolare tramite la lettura intesa come forma di libert\u00e0, emancipazione e autonomia.<\/p>\n","protected":false},"excerpt":{"rendered":"<p><a data-flickr-embed=\"true\" href=\"https:\/\/www.flickr.com\/photos\/91470992@N02\/34746869492\/in\/dateposted-public\/\" title=\"Foto1\"><img loading=\"lazy\" decoding=\"async\" src=\"https:\/\/c1.staticflickr.com\/5\/4223\/34746869492_7043b41294_n.jpg\" width=\"320\" height=\"180\" alt=\"Foto1\" \/><\/a><\/p>\n","protected":false},"author":1,"featured_media":0,"comment_status":"open","ping_status":"closed","sticky":false,"template":"","format":"standard","meta":{"colormag_page_container_layout":"default_layout","colormag_page_sidebar_layout":"default_layout","footnotes":""},"categories":[7],"tags":[],"class_list":["post-14803","post","type-post","status-publish","format-standard","hentry","category-attualita"],"_links":{"self":[{"href":"https:\/\/archivioturi.lavocedelpaese.info\/index.php\/wp-json\/wp\/v2\/posts\/14803","targetHints":{"allow":["GET"]}}],"collection":[{"href":"https:\/\/archivioturi.lavocedelpaese.info\/index.php\/wp-json\/wp\/v2\/posts"}],"about":[{"href":"https:\/\/archivioturi.lavocedelpaese.info\/index.php\/wp-json\/wp\/v2\/types\/post"}],"author":[{"embeddable":true,"href":"https:\/\/archivioturi.lavocedelpaese.info\/index.php\/wp-json\/wp\/v2\/users\/1"}],"replies":[{"embeddable":true,"href":"https:\/\/archivioturi.lavocedelpaese.info\/index.php\/wp-json\/wp\/v2\/comments?post=14803"}],"version-history":[{"count":0,"href":"https:\/\/archivioturi.lavocedelpaese.info\/index.php\/wp-json\/wp\/v2\/posts\/14803\/revisions"}],"wp:attachment":[{"href":"https:\/\/archivioturi.lavocedelpaese.info\/index.php\/wp-json\/wp\/v2\/media?parent=14803"}],"wp:term":[{"taxonomy":"category","embeddable":true,"href":"https:\/\/archivioturi.lavocedelpaese.info\/index.php\/wp-json\/wp\/v2\/categories?post=14803"},{"taxonomy":"post_tag","embeddable":true,"href":"https:\/\/archivioturi.lavocedelpaese.info\/index.php\/wp-json\/wp\/v2\/tags?post=14803"}],"curies":[{"name":"wp","href":"https:\/\/api.w.org\/{rel}","templated":true}]}}