{"id":14759,"date":"2017-05-17T08:19:59","date_gmt":"2017-05-17T08:19:59","guid":{"rendered":"https:\/\/archivioturi.lavocedelpaese.info\/index.php\/2017\/05\/17\/qdue-cacciatori-contro-il-parcoq\/"},"modified":"2017-05-17T08:19:59","modified_gmt":"2017-05-17T08:19:59","slug":"qdue-cacciatori-contro-il-parcoq","status":"publish","type":"post","link":"https:\/\/archivioturi.lavocedelpaese.info\/index.php\/2017\/05\/17\/qdue-cacciatori-contro-il-parcoq\/","title":{"rendered":"&#8220;Due cacciatori contro il Parco&#8221;"},"content":{"rendered":"<p><a data-flickr-embed=\"true\" href=\"https:\/\/www.flickr.com\/photos\/91470992@N02\/34225040640\/in\/dateposted-public\/\" title=\"Laera, Settanni e Zagaria durante la  conferenza del 2016\" marked=\"1\"><img loading=\"lazy\" decoding=\"async\" src=\"https:\/\/c1.staticflickr.com\/5\/4166\/34225040640_2f395a6b6a_n.jpg\" alt=\"Laera, Settanni e Zagaria durante la  conferenza del 2016\" width=\"320\" height=\"240\" \/><\/a><\/p>\n<p style=\"text-align: justify;\">Nello scorso numero del nostro giornale, il consigliere Sandro Laera aveva rinnovato le perplessit\u00e0 di Fratelli d&#8217;Italia in merito alla futura costituzione del Parco della Lame San Giorgio e Giotta. Proprio per dirimere i tanti dubbi, lo scorso 3 maggio, il segretario Giacomo De Carolis, unitamente all&#8217;attivista Vito Giuseppe Zaccaria, ha incontrato l&#8217;assessore all&#8217;ambiente Antonello Palmisano.<\/p>\n<p style=\"text-align: justify;\">A distanza di qualche giorno \u00e8 lo stesso Palmisano a fornire un resoconto della &#8220;chiacchierata&#8221; attraverso un post al vetriolo (che pubblichiamo integralmente nella pagina successiva) in cui, oltre ad affrontare di petto i &#8220;due cacciatori&#8221;, smentisce le &#8220;false informazioni&#8221; divulgate sul tema ed annuncia un incontro pubblico dopo la conclusione della stagione cerasicola.<\/p>\n<p style=\"text-align: justify;\"><strong>I precedenti. La conferenza del 2016<\/strong><\/p>\n<p style=\"text-align: justify;\">Ad onor di cronaca non \u00e8 la prima volta che il circolo guidato da De Carolis interviene sull&#8217;argomento: nel giugno 2016, durante una conferenza stampa, veniva bocciata senza appello l&#8217;eventuale partecipazione del nostro Comune alla costituzione del Parco, definito l&#8217;ennesimo esempio della &#8220;autoreferenzialit\u00e0 di qualche politico&#8221;. A preoccupare, in quella sede, era la regolamentazione che l\u2019istituzione di un Parco avrebbe comportato: creare una riserva naturale, secondo Fratelli d\u2019Italia, andava a minare il comparto agricolo turese. &#8220;I vincoli sono tantissimi e molto restrittivi &#8211; dichiaravano &#8211; e metterebbero in ginocchio tutte quelle attivit\u00e0 agricole e zootecniche che sono ormai gi\u00e0 in crisi, portando i nostri agricoltori e allevatori ancor pi\u00f9 in una disperazione totale&#8221;.<\/p>\n<p style=\"text-align: justify;\"><strong>Il post di Palmisano<\/strong><\/p>\n<p style=\"text-align: justify;\">Ma ritorniamo al 2017 e al <strong><a href=\"politica\/37521-e-chiusa-la-stagione-di-caccia-.html\" target=\"_blank\" marked=\"1\" rel=\"noopener\">post di Antonello Palmisano<\/a><\/strong>. Palesemente irritato per le \u00abinesattezze dette e scritte da questi &#8220;signori&#8221;\u00bb, l&#8217;assessore va subito al punto, smascherando quelle che, a suo dire, sarebbero le vere ragione di tanta ostilit\u00e0: salvaguardare il proprio &#8220;diritto&#8221; a cacciare, \u00abfacendosi scudo degli agricoltori e strumentalizzando la vicenda come attrezzo da rivolgere contro l\u2019attuale amministrazione\u00bb.<\/p>\n<p style=\"text-align: justify;\">A fronte di questi \u00absquallidi tentativi di sabotaggio\u00bb con cui si spera di \u00abimbrogliare gli agricoltori\u00bb, Palmisano rassicura che non ci sar\u00e0 nessun esproprio e che non saranno di certo impedite le attivit\u00e0 agricole: \u00abIn ultima analisi non cambier\u00e0 nulla rispetto ad oggi se non l\u2019introduzione del divieto di caccia e altre restrizioni che non riguardano l\u2019agricoltura (anzi sono previste forme di finanziamento particolareggiate per i terreni e i comuni ricadenti in area parco)\u00bb.<\/p>\n<p style=\"text-align: justify;\"><strong>Qualche riflessione&#8230;<\/strong><\/p>\n<p style=\"text-align: justify;\">Per quanto ci riguarda, abbiamo gi\u00e0 avuto modo di esprimere la nostra opinione: ben vengano i parchi e le aree protette anche a Turi, dove la speculazione edilizia ha lasciato solo macerie e dove, ancora oggi, \u00e8 necessario che intervengano i NOE per spiegarci che non \u00e8 il caso di costruire a ridosso di una zona a rischio idrogeologico. Ben vengano i parchi e le aree protette che portano una boccata d&#8217;ossigeno all&#8217;agricoltura, valorizzandola attraverso processi virtuosi (dalle masserie didattiche ai progetti di rilancio della biodiversit\u00e0 delle colture).<\/p>\n<p style=\"text-align: justify;\">L&#8217;obiezione &#8211; oltre al fatto che questo Parco al momento vive solo sulle &#8220;carte&#8221; chiuse nei cassetti della Regione da quasi vent&#8217;anni &#8211; \u00e8 che si possa rischiare di allestire un ulteriore &#8220;carrozzone politico&#8221;. Anche in questo caso, tuttavia, piuttosto che attuare un ostruzionismo oltranzista, non sarebbe pi\u00f9 utile vigilare sulla costituzione di questo Ente Parco e monitorare i progetti che attuer\u00e0?<\/p>\n<p style=\"text-align: justify;\">D&#8217;altro canto ci piacerebbe che la stessa passione con cui l&#8217;assessore Palmisano ha difeso le ragioni del Parco della Lame &#8211; che al momento vive solo sulle &#8220;carte&#8221; chiuse nei cassetti della Regione da quasi vent&#8217;anni &#8211; la utilizzasse per affrontare le tante situazioni di disagio, queste s\u00ec reali e presenti, che vengono sollevate dagli agricoltori: dalle condizioni disastrose delle strade di campagna fino alla necessit\u00e0 di promuovere reali strategie di sinergia tra i coltivatori, sempre pi\u00f9 isolati e sempre pi\u00f9 esposti a quelle &#8220;calamit\u00e0 naturali&#8221; non coperte da polizza, creando un percorso che non pu\u00f2 esaurirsi nella vetrina (scenica pi\u00f9 che di sostanza) della Sagra della Ciliegia.<\/p>\n<p style=\"text-align: justify;\" align=\"center\"><strong>&nbsp;<\/strong><\/p>\n<p style=\"text-align: justify;\"><strong>&nbsp;<\/strong><\/p>\n<p style=\"text-align: justify;\"><strong>&nbsp;<\/strong><\/p>\n","protected":false},"excerpt":{"rendered":"<p><a data-flickr-embed=\"true\" href=\"https:\/\/www.flickr.com\/photos\/91470992@N02\/34225040640\/in\/dateposted-public\/\" title=\"Laera, Settanni e Zagaria durante la  conferenza del 2016\" marked=\"1\"><img loading=\"lazy\" decoding=\"async\" src=\"https:\/\/c1.staticflickr.com\/5\/4166\/34225040640_2f395a6b6a_n.jpg\" alt=\"Laera, Settanni e Zagaria durante la  conferenza del 2016\" width=\"320\" height=\"240\" \/><\/a><\/p>\n","protected":false},"author":1,"featured_media":0,"comment_status":"open","ping_status":"closed","sticky":false,"template":"","format":"standard","meta":{"colormag_page_container_layout":"default_layout","colormag_page_sidebar_layout":"default_layout","footnotes":""},"categories":[4],"tags":[],"class_list":["post-14759","post","type-post","status-publish","format-standard","hentry","category-politica"],"_links":{"self":[{"href":"https:\/\/archivioturi.lavocedelpaese.info\/index.php\/wp-json\/wp\/v2\/posts\/14759","targetHints":{"allow":["GET"]}}],"collection":[{"href":"https:\/\/archivioturi.lavocedelpaese.info\/index.php\/wp-json\/wp\/v2\/posts"}],"about":[{"href":"https:\/\/archivioturi.lavocedelpaese.info\/index.php\/wp-json\/wp\/v2\/types\/post"}],"author":[{"embeddable":true,"href":"https:\/\/archivioturi.lavocedelpaese.info\/index.php\/wp-json\/wp\/v2\/users\/1"}],"replies":[{"embeddable":true,"href":"https:\/\/archivioturi.lavocedelpaese.info\/index.php\/wp-json\/wp\/v2\/comments?post=14759"}],"version-history":[{"count":0,"href":"https:\/\/archivioturi.lavocedelpaese.info\/index.php\/wp-json\/wp\/v2\/posts\/14759\/revisions"}],"wp:attachment":[{"href":"https:\/\/archivioturi.lavocedelpaese.info\/index.php\/wp-json\/wp\/v2\/media?parent=14759"}],"wp:term":[{"taxonomy":"category","embeddable":true,"href":"https:\/\/archivioturi.lavocedelpaese.info\/index.php\/wp-json\/wp\/v2\/categories?post=14759"},{"taxonomy":"post_tag","embeddable":true,"href":"https:\/\/archivioturi.lavocedelpaese.info\/index.php\/wp-json\/wp\/v2\/tags?post=14759"}],"curies":[{"name":"wp","href":"https:\/\/api.w.org\/{rel}","templated":true}]}}