{"id":14753,"date":"2017-05-07T08:41:52","date_gmt":"2017-05-07T08:41:52","guid":{"rendered":"https:\/\/archivioturi.lavocedelpaese.info\/index.php\/2017\/05\/07\/i-bambini-di-turi-per-lunicef\/"},"modified":"2017-05-07T08:41:52","modified_gmt":"2017-05-07T08:41:52","slug":"i-bambini-di-turi-per-lunicef","status":"publish","type":"post","link":"https:\/\/archivioturi.lavocedelpaese.info\/index.php\/2017\/05\/07\/i-bambini-di-turi-per-lunicef\/","title":{"rendered":"I bambini di Turi per l\u2019Unicef"},"content":{"rendered":"<p><a title=\"IMG-20170504-WA0079\" href=\"https:\/\/www.flickr.com\/photos\/91470992@N02\/33623834544\/in\/dateposted-public\/\" data-flickr-embed=\"true\"><img loading=\"lazy\" decoding=\"async\" src=\"https:\/\/c1.staticflickr.com\/5\/4162\/33623834544_d6bc8b3663_n.jpg\" alt=\"IMG-20170504-WA0079\" width=\"320\" height=\"240\" \/><\/a><\/p>\n<p><a title=\"IMG-20170504-WA0025\" href=\"https:\/\/www.flickr.com\/photos\/91470992@N02\/34306349702\/in\/dateposted-public\/\" data-flickr-embed=\"true\"><img loading=\"lazy\" decoding=\"async\" style=\"float: right;\" src=\"https:\/\/c1.staticflickr.com\/5\/4164\/34306349702_0d4a6a799b_n.jpg\" alt=\"IMG-20170504-WA0025\" width=\"320\" height=\"240\" \/><\/a><\/p>\n<p style=\"text-align: justify;\">\u201cNel 2016 sono arrivati via mare in Italia 26.000 minorenni stranieri non accompagnati e separati, il 92% dei quali aveva tra i 14 e i 17 anni e viaggiava da solo; quest\u2019anno, in pochi mesi ne sono gi\u00e0 arrivati 3.000\u00bb \u2013 ha dichiarato Giacomo Guerrera, Presidente dell\u2019UNICEF Italia. \u00abSono bambini che scappano da conflitti, persecuzioni e deprivazione e affidandosi a trafficanti senza scrupoli affrontano viaggi terribili, seguendo la rotta del Mediterraneo Centrale. Molti di loro, una volta giunti nel nostro Paese, fanno perdere le loro tracce o perch\u00e9 fuggono in altri paesi europei, o perch\u00e9 vengono sfruttati da organizzazioni criminali nel nostro Paese\u201d. \u201cL\u2019UNICEF lavora da anni nei paesi di origine, transito e destinazione, proteggendo i bambini dalle violenze, aiutandoli ad ottenere un\u2019istruzione e a soddisfare le proprie necessit\u00e0 di base\u201d. \u00c8 su questo obiettivo che si muovono le campagne di sensibilizzazione dell\u2019Unicef che anche quest\u2019anno, tra il 6 e 7 maggio, sar\u00e0 presente nelle piazze italiane con la sua orchidea.<\/p>\n<p><a title=\"IMG-20170504-WA0074\" href=\"https:\/\/www.flickr.com\/photos\/91470992@N02\/34306321672\/in\/dateposted-public\/\" data-flickr-embed=\"true\"><img loading=\"lazy\" decoding=\"async\" src=\"https:\/\/c1.staticflickr.com\/5\/4193\/34306321672_0949401856_n.jpg\" alt=\"IMG-20170504-WA0074\" width=\"320\" height=\"180\" style=\"float: left;\" \/><\/a><\/p>\n<p style=\"text-align: justify;\">\u201cCon l\u2019Orchidea dell\u2019UNICEF sar\u00e0 possibile dare sostegno a tutti i bambini in Italia e nel mondo in fuga da guerre e povert\u00e0, alla ricerca di un posto sicuro in cui vivere\u201d.<\/p>\n<p style=\"text-align: justify;\">Anche nelle scuole turesi bambini e famiglie, a fianco delle loro docenti, si sono mossi per offrire il proprio contributo ed adottare un\u2019orchidea, aiutando, cos\u00ec, i loro coetanei.<\/p>\n<p style=\"text-align: justify;\">Una mobilitazione generale, nella mattinata di gioved\u00ec 4 maggio, presso i tre plessi della Scuola dell\u2019Infanzia dove, all\u2019ingresso, un salvadanaio ha dato il benvenuto a quanti hanno voluto lasciare un piccolo pensiero. Una monetina ed un sorriso, una riflessione a chi, nonostante la sua giovanissima et\u00e0, ha conosciuto e conosce la sofferenza, la privazione, la solitudine, l\u2019abbandono, la speranza di una casa felice, la vita in un paese di pace.<\/p>\n<p style=\"text-align: justify;\">L\u2019orchidea adottata dalle classi sar\u00e0 curata dai bambini e durante i mesi estivi, dalle insegnanti o da un genitore. Chiunque voglia adottarne una, pu\u00f2 farlo il prossimo 6 e 7 maggio, aiutando cos\u00ec l\u2019Unicef a estirpare quella brutta piaga che affligge l\u2019umanit\u00e0 e costringe \u201c150 milioni di bambini tra i 5 e i 14 anni nei paesi in via di sviluppo, circa il 16% di tutti i bambini e i ragazzi in quella fascia di et\u00e0, al lavoro minorile. Nei paesi meno sviluppati, inoltre, circa un bambino o ragazzo su 4 (tra i 5 e i 14 anni) lavora, correndo seri rischi per la sua salute e il suo sviluppo\u201d.<\/p>\n<p><a title=\"18238096_10154540108297308_4958334037455767187_o\" href=\"https:\/\/www.flickr.com\/photos\/91470992@N02\/33656221983\/in\/dateposted-public\/\" data-flickr-embed=\"true\"><img loading=\"lazy\" decoding=\"async\" src=\"https:\/\/c1.staticflickr.com\/3\/2815\/33656221983_2d00424e19_z.jpg\" alt=\"18238096_10154540108297308_4958334037455767187_o\" width=\"454\" height=\"640\" \/><\/a><\/p>\n","protected":false},"excerpt":{"rendered":"<p><a title=\"IMG-20170504-WA0079\" href=\"https:\/\/www.flickr.com\/photos\/91470992@N02\/33623834544\/in\/dateposted-public\/\" data-flickr-embed=\"true\"><img loading=\"lazy\" decoding=\"async\" src=\"https:\/\/c1.staticflickr.com\/5\/4162\/33623834544_d6bc8b3663_n.jpg\" alt=\"IMG-20170504-WA0079\" width=\"320\" height=\"240\" \/><\/a><\/p>\n","protected":false},"author":1,"featured_media":0,"comment_status":"open","ping_status":"closed","sticky":false,"template":"","format":"standard","meta":{"colormag_page_container_layout":"default_layout","colormag_page_sidebar_layout":"default_layout","footnotes":""},"categories":[6],"tags":[],"class_list":["post-14753","post","type-post","status-publish","format-standard","hentry","category-cultura"],"_links":{"self":[{"href":"https:\/\/archivioturi.lavocedelpaese.info\/index.php\/wp-json\/wp\/v2\/posts\/14753","targetHints":{"allow":["GET"]}}],"collection":[{"href":"https:\/\/archivioturi.lavocedelpaese.info\/index.php\/wp-json\/wp\/v2\/posts"}],"about":[{"href":"https:\/\/archivioturi.lavocedelpaese.info\/index.php\/wp-json\/wp\/v2\/types\/post"}],"author":[{"embeddable":true,"href":"https:\/\/archivioturi.lavocedelpaese.info\/index.php\/wp-json\/wp\/v2\/users\/1"}],"replies":[{"embeddable":true,"href":"https:\/\/archivioturi.lavocedelpaese.info\/index.php\/wp-json\/wp\/v2\/comments?post=14753"}],"version-history":[{"count":0,"href":"https:\/\/archivioturi.lavocedelpaese.info\/index.php\/wp-json\/wp\/v2\/posts\/14753\/revisions"}],"wp:attachment":[{"href":"https:\/\/archivioturi.lavocedelpaese.info\/index.php\/wp-json\/wp\/v2\/media?parent=14753"}],"wp:term":[{"taxonomy":"category","embeddable":true,"href":"https:\/\/archivioturi.lavocedelpaese.info\/index.php\/wp-json\/wp\/v2\/categories?post=14753"},{"taxonomy":"post_tag","embeddable":true,"href":"https:\/\/archivioturi.lavocedelpaese.info\/index.php\/wp-json\/wp\/v2\/tags?post=14753"}],"curies":[{"name":"wp","href":"https:\/\/api.w.org\/{rel}","templated":true}]}}