{"id":14739,"date":"2017-05-09T17:49:46","date_gmt":"2017-05-09T17:49:46","guid":{"rendered":"https:\/\/archivioturi.lavocedelpaese.info\/index.php\/2017\/05\/09\/cara-vicesindaco-ma-che-dici\/"},"modified":"2017-05-09T17:49:46","modified_gmt":"2017-05-09T17:49:46","slug":"cara-vicesindaco-ma-che-dici","status":"publish","type":"post","link":"https:\/\/archivioturi.lavocedelpaese.info\/index.php\/2017\/05\/09\/cara-vicesindaco-ma-che-dici\/","title":{"rendered":"Cara vicesindaco, ma che dici!"},"content":{"rendered":"<p><a data-flickr-embed=\"true\"  href=\"https:\/\/www.flickr.com\/photos\/91470992@N02\/34465321155\/in\/dateposted-public\/\" title=\"La tendopoli allestita a Turi lo sorso anno\"><img loading=\"lazy\" decoding=\"async\" src=\"https:\/\/c1.staticflickr.com\/3\/2815\/34465321155_ec57a7e5be_n.jpg\" width=\"320\" height=\"201\" alt=\"La tendopoli allestita a Turi lo sorso anno\"><\/a><script async src=\"\/\/embedr.flickr.com\/assets\/client-code.js\" charset=\"utf-8\"><\/script><\/p>\n<p style=\"text-align: justify;\">Durante la conferenza in piazza Orlandi alcuni membri del partito di rifondazione comunista, tra i quali era presente la nostra vicesindaco Lavinia Orlando, hanno cercato di mostrare, quasi con orgoglio, i risultati ottenuti dalle amministrazioni ove \u00e8 presente la partecipazione di alcuni membri del partito di rifondazione, tra cui Turi.<\/p>\n<p style=\"text-align: justify;\">Tra le altre cose, la nostra Orlando, manifestava la sua adesione totale verso la legge <strong>199\/2016<\/strong>, meglio conosciuta come <strong>legge integrativa<\/strong> del reato di caporalato, fatto, gi\u00e0 disciplinato dal lontano 2011 dall\u2019art. 603 bis del codice penale, ma forse questo passaggio la vicesindaco, tra tutti i suoi impegni politici e non, ha omesso di ricordare.<\/p>\n<p style=\"text-align: justify;\">Ella ha affermato testualmente: \u201cLa legge 199\/2016 non rappresenta la morte della nostra agricoltura, come Fratelli d\u2019Italia nella conferenza del 20\/04\/2017 ha affermato, ma ritengo che questa legge serva solo a stimolare il datore di lavoro a prestare maggiore attenzione che all\u2019interno della azienda non si verifichino episodi di sfruttamento della manodopera\u201d.<\/p>\n<p style=\"text-align: justify;\">Cara vicesindaco, anche noi di Fratelli d\u2019Italia AN, abbiamo ribadito, a pi\u00f9 riprese e prima di Lei, che nessuno vuole lo sfruttamento della manodopera, non solo nel settore dell\u2019agricoltura ma in tutti i settori, perch\u00e9 questo argomento non fa una piega. Sono costretto per\u00f2 a sottolineare che a mio avviso, Lei \u00e8 poco informata sull\u2019argomento.<\/p>\n<p style=\"text-align: justify;\">In primis, lo sa, egregia vicesindaco, che la legge 199\/2016, trasforma, quelli che sono degli illeciti amministrativi in reati penali? Un esempio? In materia di sicurezza, se il datore di lavoro, pur essendo zelante consegna i dispositivi individuali di sicurezza ai dipendenti, quali ad esempio le scarpe antinfortunistiche, ma un lavoratore arbitrariamente decide di non indossarle, e coincidenza vuole che quel giorno arrivi un\u2019ispezione, questa infrazione prende il nome di reato, tra l\u2019altro la legge parla di responsabilit\u00e0 penale oggettiva del datore, ci\u00f2 significa, che quest\u2019ultimo va incontro alla detenzione da 1 a 8 anni ed alla confisca del bene, per arrivare poi alla gestione amministrativa dell\u2019impresa da parte di un curatore.<\/p>\n<p style=\"text-align: justify;\">Egregia vicesindaco, come definisce questo passaggio della legge? La prego, non lo spieghi a noi di Fratelli d\u2019Italia, ma alla cittadinanza turese.<\/p>\n<p style=\"text-align: justify;\">Ancora, vicesindaco, Lei ha affermato, che \u00e8 convinta che qui a Turi non c\u2019\u00e8 sfruttamento della manodopera. Ma ne \u00e8 sicura davvero? Ma lo sa che proprio alcune persone che indossano la sua stessa casacca politica, che sono proprietari terrieri, hanno affermato ai loro dipendenti che, al di l\u00e0 di quelle che sono le tariffe retributive previste dalla contrattazione collettiva, tanto nazionale che provinciale, la paga giornaliera sar\u00e0 di 40\u20ac per gli uomini e 35\u20ac per le donne? Questo, Lei come lo definisce? Lo sa vicesindaco, che un altro indice disciplinato dalla norma affinch\u00e9 non si configuri il reato di caporalato \u00e8 proprio il rispetto della contrattazione collettiva? Spieghi anche questo ai cittadini turesi, ed anche ai suoi colleghi di casacca politica.<\/p>\n<p style=\"text-align: justify;\">Lei, ha ricordato nella conferenza che a Suo avviso il problema caporalato riguarda per lo pi\u00f9 la capitanata e non Turi. Ora che abbiamo aggiunto questi ulteriori elementi, \u00e8 sempre dello stesso avviso? Lo spieghi ai cittadini turesi\u2026..<\/p>\n<p style=\"text-align: justify;\">Tutto qui? Ma che\u2026 Come Le \u00e8 ben noto, l\u2019anno scorso sono arrivati a Turi ben 60 lavoratori emigrati per la campagna cerasicola nostrana, persone che sono state pagate con i NOSTRI SOLDI, e quest\u2019anno ne arriveranno altri, che al momento nessuno di noi \u00e8 in grado di quantificarne il numero esatto, ma che allo stesso modo riceveranno&nbsp; retribuzioni formate dai NOSTRI SOLDI.<\/p>\n<p style=\"text-align: justify;\">Ora, Egregia vicesindaco, Le chiedo, ma perch\u00e9 l\u2019amministrazione comunale non pensa a noi turesi? Ma sa quante persone, quante famiglie ci sono a Turi che avrebbero bisogno di sostegno economico e questo lavoro, seppur stagionale, gli permetterebbe di avere una &#8220;boccata di ossigeno&#8221;?<\/p>\n<p style=\"text-align: justify;\">Lo so, Lei gi\u00e0 star\u00e0 pensando che questa \u00e8 una affermazione che pu\u00f2 sembrare razzista, ma io Le dico, se essere razzista significa aiutare i turesi, allora sono razzista!<\/p>\n<p style=\"text-align: justify;\">Da buoni amministratori, non pensate che sia pi\u00f9 giusto risolvere i problemi dei vostri \u201cfigli\u201d concittadini, anzich\u00e9 aiutare i \u201cfigli\u201d di altri stati? Ed ancora vicesindaco, lo spieghi ai turesi questo!<\/p>\n<p style=\"text-align: justify;\">Lei ha affermato che la vostra amministrazione \u00e8 pronta ad ascoltare le esigenze ed i problemi della cittadinanza\u2026. Ottimo! Purtroppo per\u00f2 penso che dei buoni amministratori non devono attendere che siano i cittadini a sollevare i problemi, ma dovete essere voi ad arrivare prima sul problema e non i cittadini.<\/p>\n<p style=\"text-align: justify;\">Di recente avete sventolato la bandiera della vittoria parlando dell\u2019avanzo di bilancio che il comune di Turi ha raggiunto, pari a circa 2.500.000,00 euro. Bravi! Caro cittadino turese, lo sai per\u00f2 che di questa cifra, il comune ne pu\u00f2 utilizzare solo massimo il 30%, ovvero 750.000 euro? Perch\u00e9? Semplice \u00e8 il patto di stabilit\u00e0 che ce lo impone. Ora mi chiedo, ma perch\u00e9 l\u2019amministrazione comunale, anzich\u00e9 accantonare (come \u00e8 giusto che sia, ma fino ad un certo punto), non ha pensato ad investire una parte di questi soldi nel nostro paese? Per fare cosa? Basta solo farsi una passeggiata in paese per capire quante cose si potevano fare ed invece, non sono state fatte\u2026<\/p>\n<p style=\"text-align: justify;\">Concludo, cari amici dell\u2019amministrazione, anzich\u00e9 parlare del nulla, mettetevi \u201csotto braccio\u201d con noi turesi, facciamoci una passeggiata in paese (e non in provincia di Foggia) nelle case della gente, e guardiamo negli \u201cocchi\u201d quelli che sono i problemi della nostra realt\u00e0\u2026. e magari facciamoci un selfie tutti insieme. Accettate l\u2019invito?<\/p>\n<p align=\"right\" style=\"text-align: justify;\"><strong>Massimo Sportelli<\/strong><\/p>\n<p align=\"right\" style=\"text-align: justify;\"><strong>Consiglio Direttivo Fratelli d\u2019Italia AN<\/strong><\/p>\n<p align=\"right\" style=\"text-align: justify;\"><strong>\u201cGiorgio Almirante\u201d Turi<\/strong><\/p>\n","protected":false},"excerpt":{"rendered":"<p><a data-flickr-embed=\"true\"  href=\"https:\/\/www.flickr.com\/photos\/91470992@N02\/34465321155\/in\/dateposted-public\/\" title=\"La tendopoli allestita a Turi lo sorso anno\"><img loading=\"lazy\" decoding=\"async\" src=\"https:\/\/c1.staticflickr.com\/3\/2815\/34465321155_ec57a7e5be_n.jpg\" width=\"320\" height=\"201\" alt=\"La tendopoli allestita a Turi lo sorso anno\"><\/a><script async src=\"\/\/embedr.flickr.com\/assets\/client-code.js\" charset=\"utf-8\"><\/script><\/p>\n","protected":false},"author":1,"featured_media":0,"comment_status":"open","ping_status":"closed","sticky":false,"template":"","format":"standard","meta":{"colormag_page_container_layout":"default_layout","colormag_page_sidebar_layout":"default_layout","footnotes":""},"categories":[4],"tags":[],"class_list":["post-14739","post","type-post","status-publish","format-standard","hentry","category-politica"],"_links":{"self":[{"href":"https:\/\/archivioturi.lavocedelpaese.info\/index.php\/wp-json\/wp\/v2\/posts\/14739","targetHints":{"allow":["GET"]}}],"collection":[{"href":"https:\/\/archivioturi.lavocedelpaese.info\/index.php\/wp-json\/wp\/v2\/posts"}],"about":[{"href":"https:\/\/archivioturi.lavocedelpaese.info\/index.php\/wp-json\/wp\/v2\/types\/post"}],"author":[{"embeddable":true,"href":"https:\/\/archivioturi.lavocedelpaese.info\/index.php\/wp-json\/wp\/v2\/users\/1"}],"replies":[{"embeddable":true,"href":"https:\/\/archivioturi.lavocedelpaese.info\/index.php\/wp-json\/wp\/v2\/comments?post=14739"}],"version-history":[{"count":0,"href":"https:\/\/archivioturi.lavocedelpaese.info\/index.php\/wp-json\/wp\/v2\/posts\/14739\/revisions"}],"wp:attachment":[{"href":"https:\/\/archivioturi.lavocedelpaese.info\/index.php\/wp-json\/wp\/v2\/media?parent=14739"}],"wp:term":[{"taxonomy":"category","embeddable":true,"href":"https:\/\/archivioturi.lavocedelpaese.info\/index.php\/wp-json\/wp\/v2\/categories?post=14739"},{"taxonomy":"post_tag","embeddable":true,"href":"https:\/\/archivioturi.lavocedelpaese.info\/index.php\/wp-json\/wp\/v2\/tags?post=14739"}],"curies":[{"name":"wp","href":"https:\/\/api.w.org\/{rel}","templated":true}]}}