{"id":14737,"date":"2017-05-10T09:46:02","date_gmt":"2017-05-10T09:46:02","guid":{"rendered":"https:\/\/archivioturi.lavocedelpaese.info\/index.php\/2017\/05\/10\/anche-i-trattori-distrutti-dalle-buche-in-campagna\/"},"modified":"2017-05-10T09:46:02","modified_gmt":"2017-05-10T09:46:02","slug":"anche-i-trattori-distrutti-dalle-buche-in-campagna","status":"publish","type":"post","link":"https:\/\/archivioturi.lavocedelpaese.info\/index.php\/2017\/05\/10\/anche-i-trattori-distrutti-dalle-buche-in-campagna\/","title":{"rendered":"Anche i trattori distrutti dalle buche in campagna"},"content":{"rendered":"<p><a data-flickr-embed=\"true\" href=\"https:\/\/www.flickr.com\/photos\/91470992@N02\/15404009444\/in\/photolist-PT9GfX-Gvdnsh-CG4cXg-rs37NP-rJp7iV-rxu9NG-rfZXT4-rxr93c-rfSCzE-ptczkJ-p5oUss-oNkX1K-p2jkzc-q2pX6u-pJBNww-pJwrZ8-oqG5tN-o8qfWk-pJ4cxB-nq8moW-jHZfBr-fcgyQo-tSuSh2\" title=\"Il consigliere Paolo Tundo\"><img loading=\"lazy\" decoding=\"async\" src=\"https:\/\/c1.staticflickr.com\/8\/7568\/15404009444_de40e39486_n.jpg\" width=\"320\" height=\"240\" alt=\"Il consigliere Paolo Tundo\" \/><\/a><\/p>\n<p style=\"text-align: justify;\">Solo fesserie! Il consigliere Paolo Tundo perde la pazienza, e replica duramente alle dichiarazioni che ci ha rilasciato la vicesindaco Lavinia Orlando la settimana scorsa, in merito al caso polemico di meningite.<\/p>\n<p style=\"text-align: justify;\">\u201cIo non ho mai detto quelle cose al telefono. Lavinia Orlando ha frainteso, o forse parte in quarta, come capita spesso \u2013 fa notare il consigliere \u2013 Ho detto ben altro.<\/p>\n<p style=\"text-align: justify;\">Per quanto riguarda la Commissione elettorale, io e Spada non ci siamo presentati perch\u00e9 il referendum \u00e8 stato annullato, e la nostra presenza sarebbe stata un costo inutile per la comunit\u00e0.<\/p>\n<p style=\"text-align: justify;\">Quanto al caso di meningite, la verit\u00e0 \u00e8 sotto gli occhi di tutti: questa amministrazione Coppi \u00e8 incapace di comunicare e di informare i cittadini con chiarezza e trasparenza. A cominciare dal sindaco Coppi, che non si comporta come uomo delle istituzioni, che tiene i suoi cittadini in campana, scappa, non d\u00e0 spiegazioni, si nasconde\u201d.<\/p>\n<p align=\"center\" style=\"text-align: justify;\"><strong>Allarmismo meningite: la colpa \u00e8 di Coppi!<\/strong><\/p>\n<p style=\"text-align: justify;\">\u201cQuando Rocco Birardi ci ha informato di questa situazione (e io ho tutto per iscritto) \u2013 spiega Tundo \u2013abbiamo capito che poteva esserci la possibilit\u00e0 di pericolo per tutti. Coppi e la vicesindaco dovevano informarci.<\/p>\n<ol style=\"text-align: justify;\">\n<li>Dovevano spiegare ai turesi se il personale di questa cooperativa che gestisce i migranti avesse preso precauzioni preventive;<\/li>\n<li>Se gli extracomunitari che circolano in paese non costituissero un problema per i turesi, e se questo pericolo meningite fosse sotto controllo.<\/li>\n<\/ol>\n<p style=\"text-align: justify;\">Stiamo parlando di un morto di meningite in un centro di Trani dov\u2019erano presenti migranti poi trasferiti a Turi, quindi sarebbe stato il minimo informare i turesi, tranquillizzarli, fare il punto della situazione. Cos\u00ec facendo hanno alimentato loro stessi l\u2019allarmismo\u201d.<\/p>\n<p align=\"center\" style=\"text-align: justify;\"><strong>Sono loro che usano gli extracomunitari!<\/strong><\/p>\n<p style=\"text-align: justify;\">\u201cHanno nascosto e girato la cosa per fare campagna elettorale \u2013 accusa Tundo \u2013 sono loro a questo punto che strumentalizzano gli extracomunitari e li usano per scopi politici. Perch\u00e9 in fondo \u00e8 pi\u00f9 comodo parlare dei migranti, che dei problemi dei turesi, davanti ai quali l\u2019amministrazione gira la testa. \u00c8 scomodo e difficile parlare dei turesi che vivono in condizioni disagiate, che non riescono a pagare affitti e bollette, che non vedono opportunit\u00e0 in questo paese abbandonato e trascurato. Non riescono a vivere e sono emarginati socialmente. Parlasse anche di questo la vicesindaco!\u201d.<\/p>\n<p align=\"center\" style=\"text-align: justify;\"><strong>Buche e danni pure ai trattori in campagna!<\/strong><\/p>\n<p style=\"text-align: justify;\">Intanto, Tundo denuncia le condizioni da &#8216;terzo mondo&#8217; in cui riversano le infrastrutture rurali del nostro paese, proprio ora che sta cominciando la stagione cerasicola. Le strade di campagna con le buche sono un\u2019ulteriore aggravanti ai gi\u00e0 tanti problemi che flagellano l\u2019agricoltura turese.<\/p>\n<p style=\"text-align: justify;\">Da Via delle Ginestre alla ditta Giuliani \u00e8 un campo minato, a ostacoli. \u201c\u00c8 un disastro quella strada \u2013 osserva Tundo \u2013 Turi \u00e8 un disastro totale: questa volta andr\u00f2 dai Carabinieri e denuncer\u00f2 lo stato di quelle strade non ripristinate dopo i lavori, perch\u00e9 non viene fatto rispettare il regolamento. Intanto, gli agricoltori si stanno sfasciando i mezzi. L\u2019assessore ai Lavori Pubblici, Zaccheo, dorme. Andare a Giuliani a vendere le ciliegie \u00e8 un\u2019odissea, con tutte quelle buche, voragini e pezzi di strade non asfaltate. Sindaco Coppi, svegliati, abbiamo perso tutto, e lei, politicamente non conta pi\u00f9 nulla!\u201d.<\/p>\n","protected":false},"excerpt":{"rendered":"<p><a data-flickr-embed=\"true\" href=\"https:\/\/www.flickr.com\/photos\/91470992@N02\/15404009444\/in\/photolist-PT9GfX-Gvdnsh-CG4cXg-rs37NP-rJp7iV-rxu9NG-rfZXT4-rxr93c-rfSCzE-ptczkJ-p5oUss-oNkX1K-p2jkzc-q2pX6u-pJBNww-pJwrZ8-oqG5tN-o8qfWk-pJ4cxB-nq8moW-jHZfBr-fcgyQo-tSuSh2\" title=\"Il consigliere Paolo Tundo\"><img loading=\"lazy\" decoding=\"async\" src=\"https:\/\/c1.staticflickr.com\/8\/7568\/15404009444_de40e39486_n.jpg\" width=\"320\" height=\"240\" alt=\"Il consigliere Paolo Tundo\" \/><\/a><\/p>\n","protected":false},"author":1,"featured_media":0,"comment_status":"open","ping_status":"closed","sticky":false,"template":"","format":"standard","meta":{"colormag_page_container_layout":"default_layout","colormag_page_sidebar_layout":"default_layout","footnotes":""},"categories":[4],"tags":[],"class_list":["post-14737","post","type-post","status-publish","format-standard","hentry","category-politica"],"_links":{"self":[{"href":"https:\/\/archivioturi.lavocedelpaese.info\/index.php\/wp-json\/wp\/v2\/posts\/14737","targetHints":{"allow":["GET"]}}],"collection":[{"href":"https:\/\/archivioturi.lavocedelpaese.info\/index.php\/wp-json\/wp\/v2\/posts"}],"about":[{"href":"https:\/\/archivioturi.lavocedelpaese.info\/index.php\/wp-json\/wp\/v2\/types\/post"}],"author":[{"embeddable":true,"href":"https:\/\/archivioturi.lavocedelpaese.info\/index.php\/wp-json\/wp\/v2\/users\/1"}],"replies":[{"embeddable":true,"href":"https:\/\/archivioturi.lavocedelpaese.info\/index.php\/wp-json\/wp\/v2\/comments?post=14737"}],"version-history":[{"count":0,"href":"https:\/\/archivioturi.lavocedelpaese.info\/index.php\/wp-json\/wp\/v2\/posts\/14737\/revisions"}],"wp:attachment":[{"href":"https:\/\/archivioturi.lavocedelpaese.info\/index.php\/wp-json\/wp\/v2\/media?parent=14737"}],"wp:term":[{"taxonomy":"category","embeddable":true,"href":"https:\/\/archivioturi.lavocedelpaese.info\/index.php\/wp-json\/wp\/v2\/categories?post=14737"},{"taxonomy":"post_tag","embeddable":true,"href":"https:\/\/archivioturi.lavocedelpaese.info\/index.php\/wp-json\/wp\/v2\/tags?post=14737"}],"curies":[{"name":"wp","href":"https:\/\/api.w.org\/{rel}","templated":true}]}}