{"id":14736,"date":"2017-05-10T11:43:55","date_gmt":"2017-05-10T11:43:55","guid":{"rendered":"https:\/\/archivioturi.lavocedelpaese.info\/index.php\/2017\/05\/10\/schedare-i-migranti-e-far-pagare-vitto-e-alloggio\/"},"modified":"2017-05-10T11:43:55","modified_gmt":"2017-05-10T11:43:55","slug":"schedare-i-migranti-e-far-pagare-vitto-e-alloggio","status":"publish","type":"post","link":"https:\/\/archivioturi.lavocedelpaese.info\/index.php\/2017\/05\/10\/schedare-i-migranti-e-far-pagare-vitto-e-alloggio\/","title":{"rendered":"Schedare i migranti e far pagare vitto e alloggio!"},"content":{"rendered":"<p><a data-flickr-embed=\"true\" href=\"https:\/\/www.flickr.com\/photos\/91470992@N02\/27089799730\/in\/photolist-FC1bSh-HgQiEA-EHisdt-Ds9HAx-vgwAxj-rWoKUL-qWuBde-pQryxU-pw7JKn-p5oi4w-nvi9pg-ow9rRy-noYSdq-pJ4F4h\" title=\"Carmine Catalano\"><img loading=\"lazy\" decoding=\"async\" src=\"https:\/\/c1.staticflickr.com\/8\/7630\/27089799730_c00c6b6feb_n.jpg\" width=\"320\" height=\"240\" alt=\"Carmine Catalano\" \/><\/a><\/p>\n<p>Recentemente si \u00e8 parlato della legge sul caporalato anche qui, a Turi, terra spesso arida per gli agricoltori. Terra che a breve coglier\u00e0 acqua e sudore dalle fronti dei contadini migranti, in passato disposti a dormire sulle panchine e in condizioni di disagio, e che quest\u2019anno saranno nuovamente ospitati nelle tendopoli.<\/p>\n<p>A tal proposito, Carmine Catalano propone una sua idea alternativa per la gestione dei migranti e per abbattere ogni forma di sfruttamento. L\u2019occasione di questa intervista \u00e8 ghiotta per fare anche il punto sul centrosinistra turese, alla luce delle primarie di domenica scorsa.<\/p>\n<p><b>&nbsp;<\/b><\/p>\n<p><b>Carmine&nbsp; Catalano, cominciamo dal dibattito sulla legge 199 del 2016. Se n\u2019\u00e8 parlato anche qui a Turi, in un recente convegno organizzato da Fratelli d\u2019Italia\u2026<\/b><\/p>\n<p>\u201cPartiamo da un principio: tutte le persone che lavorano in Italia hanno i diritti e i doveri da rispettare in base all\u2019articolo 3 della nostra Costituzione.Tutti i cittadini hanno pari dignit\u00e0 sociale e sono uguali davanti alla legge, senza distinzione di sesso, di razza, di lingua, di religione, di opinioni politiche, di condizioni personali e sociali.<\/p>\n<p>\u00c8 compito della Repubblica rimuovere gli ostacoli di ordine economico e sociale, che, limitando di fatto la libert\u00e0 e l&#8217;eguaglianza dei cittadini, impediscono il pieno sviluppo della persona umana e l&#8217;effettiva partecipazione di tutti i lavoratori all&#8217;organizzazione politica, economica e sociale del Paese.<\/p>\n<p>Ora la legge 199 del 28 ottobre 2016, fa riferimento alla dignit\u00e0 della persona umana\u201d.<\/p>\n<p><b>&nbsp;<\/b><\/p>\n<p><b>Cosa \u00e8 successo negli ultimi 50 anni in Italia?<\/b><\/p>\n<p>\u201cAssolutamente nulla! La dignit\u00e0 della persona sul lavoro \u00e8 venuta a mancare per due motivi che gli addetti ai lavori sanno bene. Parliamo dei sindacati: ricordo che in Italia ci sono pi\u00f9 di mille associazioni sindacali di cui 5 sono i sindacati tra i pi\u00f9 rappresentativi: la CGIL con pi\u00f9 di 6 milioni di iscritti, poi la CISL con pi\u00f9 di 5 milioni di iscritti, la Uil con pi\u00f9 di 4 milioni di iscritti, la UGIL con pi\u00f9 di 3 milioni di iscritti, ancora la CONFSAL con pi\u00f9 di 2 milioni di iscritti. Aggiungiamo a questi 5 sindacati altri mille che hanno pi\u00f9 di 5 milioni di iscritti. In totale gli iscritti ai sindacati sono 25 milioni\u201d.<\/p>\n<p><b>Quindi?<\/b><\/p>\n<p>\u201cVoglio dire che la responsabilit\u00e0 maggiore \u00e8 dei sindacalisti; sono pi\u00f9 di 50 anni che non pensano pi\u00f9 ai lavoratori, ma badano a fare carriera, a \u2018sistemare\u2019 i parenti nelle aziende che contano, non hanno mai controllato sia nell\u2019agricoltura, sia nel mondo del terziario, sia in tutti i segmenti della nostra economia, in quali condizioni lavorassero gli iscritti, non hanno mai pensato all\u2019imprenditore agricolo, a chi traina l\u2019economia italiana cio\u00e8 alle piccole medie imprese.<\/p>\n<p>Questo ha portato a un disfacimento dell\u2019economia italiana, causando una vera e propria emergenza di legalit\u00e0.<\/p>\n<p>Aggiungo che far lavorare in schiavit\u00f9 o a nero le persone in Italia, ci costa circa 120 miliardi di euro all\u2019anno\u201d.<\/p>\n<p><b>&nbsp;<\/b><\/p>\n<p><b>E la legge 199?<\/b><\/p>\n<p>\u201cDire che la Cgil abbia costretto il governo Renzi a fare una legge sul caporalato \u00e8 una idiozia; ci sono pi\u00f9 di 1000 sigle sindacali che hanno voluto questa legge!<\/p>\n<p>Inoltre la politica, sia nazionale che locale, \u00e8 stata disastrosa per pi\u00f9 di 50 anni; non si sono mai fatte quelle riforme centrali e territoriali che permettessero un controllo capillare del caporalato.<\/p>\n<p>Ecco perch\u00e9 in parte condivido questa legge 199 del 2016, in parte no. Non condivido il fatto che un agricoltore venga paragonato a un delinquente.<\/p>\n<p>Si poteva togliere il reato dell\u2019art. 603-bis. (Intermediazione illecita e sfruttamento del lavoro), che prevede la reclusione da uno a sei anni, e prevedere solo il sequestro preventivo dei beni immobili con le sue operativit\u00e0, da definire con un giudice civile, eliminando cos\u00ec le conseguenze penali. Tutti i ricavi al netto delle spese andavano a favore del sociale, per infrastrutture sul territorio, per convegni sull\u2019argomento nelle scuole, far capire che lo sfruttamento offende l\u2019intelligenza delle persone e non solo la dignit\u00e0\u201d.<\/p>\n<p align=\"center\">______________________________________________________<\/p>\n<p align=\"center\"><b>CAPORALATO E SFRUTTAMENTO A TURI<\/b><\/p>\n<p><b>Il caporalato \u00e8 presente anche qui a Turi? O va tutto bene?<\/b><\/p>\n<p>\u201cNo, non va niente bene, Turi sta vivendo un disagio strutturale, sia sotto l\u2019aspetto organizzativo che sotto l\u2019aspetto di lavoro nero. Questo \u00e8 dovuto al fatto che gli agricoltori di Turi e le amministrazioni che si sono succedute, non hanno mai fatto un tavolo tecnico per stabilire come creare insieme in sintonia e portare benessere alla collettivit\u00e0 turese.<\/p>\n<p>Gli agricoltori turesi lavorano tutto l\u2019anno, e poi si vedono costretti a vendere il loro bene di reddito al disotto del prezzo del mercato, solo perch\u00e9 non vogliono mettersi in testa che nel 21\u00b0 secolo, bisogna consorziarsi, organizzare manifestazioni che diano luce al prodotto del territorio, che \u00e8 l\u2019eccellenza italiana nel mondo, e che non si devono affidare sempre ai soliti intermediari chedecidono il prezzo dell\u2019oro rosso, ma al mercato globale. In questa situazione la ciliegie turesi nei prossimi anni rischiano di scomparire.<\/p>\n<p>Anche perch\u00e9 ci sono i mercati emergenti come il Cile o il Brasile che stanno puntando su questo prodotto con costi minori e con una pubblicit\u00e0 di alcune multinazionali come \u201cLa Melinda\u201d che sta sfruttando l\u2019immagine della ciliegia italiana, anche se le ciliegie vengono comprate in Sudamerica con prezzi bassissimi e messe sui mercati del mondo come ciliegie italiane.<\/p>\n<p>Se a tutto questo aggiungiamo anche lo sfruttamento dei migranti pagati 20 euro al giorno senza le condizioni di sicurezza sul lavoro, e senza un contratto del lavoro, allora la ciliegia \u00e8 un fallimento totale per gli agricoltori turesi\u201d.<\/p>\n<p align=\"center\">______________________________________________________<\/p>\n<p align=\"center\"><b>AGRICOLTURA DIMENTICATA A TURI<\/b><\/p>\n<p><b>Parliamo allora di agricoltura. Cosa ha fatto questa amministrazione per l&#8217;agricoltura?<\/b><\/p>\n<p>\u201cCome gi\u00e0 ho detto in passato, questa amministrazione Coppi non ha fatto niente di niente. Dal suo insediamento mi aspettavo una rivoluzione nel modo di affrontare il mondo agricolo turese, creando una sinergia fra i vari segmenti del mondo agricolo turese, mettendo a disposizione una serie di iniziative per far conosce ai paesi europei il prodotto di qualit\u00e0 turese.<\/p>\n<p>Questo non \u00e8 avvenuto, e penso che non avverr\u00e0, perch\u00e9 ogni politico dell\u2019amministrazione Coppi \u00e8 un lupo solitario, non riesce a creare quella sintonia con gli altri colleghi di maggioranza, perch\u00e9 l\u2019unico scopo non \u00e8 risolvere i problemi del paese, ma \u00e8 quello di arrivare al termine del mandato in qualsiasi modo, anche perdendo consensi\u201d.<\/p>\n<p><b>&nbsp;<\/b><\/p>\n<p align=\"center\">______________________________________________________<\/p>\n<p align=\"center\"><b>CLANDESTINI E RACCOLTA CILIEGIE<\/b><\/p>\n<p align=\"center\"><b>LA PROPOSTA DI CATALANO<\/b><\/p>\n<p><b>&nbsp;<\/b><\/p>\n<p><b>&nbsp;<\/b><\/p>\n<p><b>&nbsp;<\/b><\/p>\n<p><b>Se parliamo di agricoltura, inevitabile \u00e8 il tema dei migranti. Lei ha qualche proposta per la stagione cerasicola?<\/b><\/p>\n<p><b>&nbsp;<\/b><\/p>\n<p>\u201cLa mia proposta \u00e8 molto semplice. Nei prossimi giorni a Turi verranno un centinaio di migranti che sicuramente alloggeranno in una tendopoli creata dall\u2019amministrazione attuale con costi che si aggirano sui 20 mila euro. Ricordo che l\u2019anno scorso, l\u2019assessore Caldararo rifer\u00ec ai cittadini e alle opposizioni che i 20 mila euro che stanziarono per l\u2019accoglienza dei migranti, sarebbero stati restituiti dalla Regione in tempi brevi. Li avete visti questi 20 mila euro? Io no!<\/p>\n<p>Quest\u2019anno sar\u00e0 peggio, perch\u00e9 sia il Prefetto di Bari che la Protezione Civile non hanno risposto alle continue chiamate del sindaco Coppi per organizzare l\u2019afflusso e la permanenza dei migranti su Turi.<\/p>\n<p>La tendopoli dovrebbe sorgere adiacente al complesso del campo sportivo\u201d.<\/p>\n<p><b>Come si possono recuperare i 20 mila euro che il Comune stanzier\u00e0? <\/b><\/p>\n<p>\u201cIn primis tutti i migranti devono essere schedati. Poi bisogna dare un codice per riconoscerli. E chiedere 5 euro al giorno per i pasti e per l\u2019alloggio. Inoltre, chi si serve della manovalanza dei migranti, ogni mattina deve compilare un foglio dove descrive quanti giorni gli pu\u00f2 servire il lavoratore con la paga giornaliera. Solo cos\u00ec \u00e8 possibile eliminare il lavoro nero, ma soprattutto i migranti non peserebbero sulla collettivit\u00e0. I ricavi per il Comune sarebbero di 20 mila euro.<\/p>\n<p>Calcolo: 100&#215;5 = 500&#215;40 giorni = 20.000 euro.<\/p>\n<p>Se l\u2019amministrazione e gli agricoltori volessero prendere in considerazione questa proposta, il sottoscritto e la cittadinanza ne sarebbero veramente sodisfatti&#8221;.<\/p>\n<p align=\"center\">______________________________________________________<\/p>\n<p align=\"center\"><b>IL CASO DELLA MENINGITE<\/b><\/p>\n<p><b>Che ne pensa della polemica sulla meningite? Ha fatto bene Tundo a non presentarsi in Commissione?&nbsp;<\/b><\/p>\n<p><b>&nbsp;<\/b><\/p>\n<p>\u201cPenso che la cattiveria sia degli stupidi. Spero che Paolo Tundo non sia andato in Commissione per altri problemi e non per questa &#8216;bufala&#8217; che gira a Turi. Per me una cosa \u00e8 la persona, un\u2019altra \u00e8 il politico. Poi se vogliamo far credere queste scemenze solo per fare campagna elettorale fatelo pure, io a questi sotterfugi non ci sto!\u201d.<\/p>\n<p><b>Come commenta il risultato delle primarie a Turi?&nbsp;<\/b><\/p>\n<p>\u201cIl risultato era prevedibile, anzi pensavo che Renzi vincesse le primarie con pi\u00f9 del 90% dei consensi.<\/p>\n<p>Il resto lo dir\u00e0 il futuro, certamente se a destra non c\u2019\u00e8 un uomo carismatico come Renzi, \u00e8 finita per Berlusconi\u201d.<\/p>\n<p align=\"center\">______________________________________________________<\/p>\n<p align=\"center\"><b>\u201cGRAVINESE PAGA LA CATTIVA POLITICA DI COPPI\u201d<\/b><\/p>\n<p align=\"center\"><b>PD TURESE DIVISO<\/b><\/p>\n<p><b>Gravinese candidato sindaco. Che ne pensa? Marilena Lerede ci crede&#8230; Hanno gi\u00e0 rottamato Coppi e l\u2019amministrazione della quale fanno parte?&nbsp;<\/b><\/p>\n<p><b>&nbsp;<\/b><\/p>\n<p>\u201cGravinese a Turi ha preso 293 voti\u2026 per fare il candidato sindaco sono pochi! Sicuramente il segretario del PD paga la mala politica dell\u2019amministrazione Coppi, e paga anche una certa insofferenza di alcuni personaggi del passato, come De Grisantis o altri, che vedono un Pd turese frantumato all\u2019interno senza avere ad oggi una programmazione a lunga durata.<\/p>\n<p>Ora bisogna capire cosa vuole fare il segretario del Pd, se sostenere ancora Coppi o chiedere una assemblea del partito\u2026 solo cos\u00ec si capirebbe quali scenari futuri possa intraprendere il centrosinistra turese\u201d.<\/p>\n","protected":false},"excerpt":{"rendered":"<p><a data-flickr-embed=\"true\" href=\"https:\/\/www.flickr.com\/photos\/91470992@N02\/27089799730\/in\/photolist-FC1bSh-HgQiEA-EHisdt-Ds9HAx-vgwAxj-rWoKUL-qWuBde-pQryxU-pw7JKn-p5oi4w-nvi9pg-ow9rRy-noYSdq-pJ4F4h\" title=\"Carmine Catalano\"><img loading=\"lazy\" decoding=\"async\" src=\"https:\/\/c1.staticflickr.com\/8\/7630\/27089799730_c00c6b6feb_n.jpg\" width=\"320\" height=\"240\" alt=\"Carmine Catalano\" \/><\/a><\/p>\n","protected":false},"author":1,"featured_media":0,"comment_status":"open","ping_status":"closed","sticky":false,"template":"","format":"standard","meta":{"colormag_page_container_layout":"default_layout","colormag_page_sidebar_layout":"default_layout","footnotes":""},"categories":[4],"tags":[],"class_list":["post-14736","post","type-post","status-publish","format-standard","hentry","category-politica"],"_links":{"self":[{"href":"https:\/\/archivioturi.lavocedelpaese.info\/index.php\/wp-json\/wp\/v2\/posts\/14736","targetHints":{"allow":["GET"]}}],"collection":[{"href":"https:\/\/archivioturi.lavocedelpaese.info\/index.php\/wp-json\/wp\/v2\/posts"}],"about":[{"href":"https:\/\/archivioturi.lavocedelpaese.info\/index.php\/wp-json\/wp\/v2\/types\/post"}],"author":[{"embeddable":true,"href":"https:\/\/archivioturi.lavocedelpaese.info\/index.php\/wp-json\/wp\/v2\/users\/1"}],"replies":[{"embeddable":true,"href":"https:\/\/archivioturi.lavocedelpaese.info\/index.php\/wp-json\/wp\/v2\/comments?post=14736"}],"version-history":[{"count":0,"href":"https:\/\/archivioturi.lavocedelpaese.info\/index.php\/wp-json\/wp\/v2\/posts\/14736\/revisions"}],"wp:attachment":[{"href":"https:\/\/archivioturi.lavocedelpaese.info\/index.php\/wp-json\/wp\/v2\/media?parent=14736"}],"wp:term":[{"taxonomy":"category","embeddable":true,"href":"https:\/\/archivioturi.lavocedelpaese.info\/index.php\/wp-json\/wp\/v2\/categories?post=14736"},{"taxonomy":"post_tag","embeddable":true,"href":"https:\/\/archivioturi.lavocedelpaese.info\/index.php\/wp-json\/wp\/v2\/tags?post=14736"}],"curies":[{"name":"wp","href":"https:\/\/api.w.org\/{rel}","templated":true}]}}