{"id":14721,"date":"2017-05-03T20:27:48","date_gmt":"2017-05-03T20:27:48","guid":{"rendered":"https:\/\/archivioturi.lavocedelpaese.info\/index.php\/2017\/05\/03\/multato-nonostante-il-pass-per-disabili\/"},"modified":"2017-05-03T20:27:48","modified_gmt":"2017-05-03T20:27:48","slug":"multato-nonostante-il-pass-per-disabili","status":"publish","type":"post","link":"https:\/\/archivioturi.lavocedelpaese.info\/index.php\/2017\/05\/03\/multato-nonostante-il-pass-per-disabili\/","title":{"rendered":"Multato nonostante il pass per disabili"},"content":{"rendered":"<p><a title=\"IMG-20170425-WA0002\" href=\"https:\/\/www.flickr.com\/photos\/91470992@N02\/34196111421\/in\/dateposted-public\/\" data-flickr-embed=\"true\"><img loading=\"lazy\" decoding=\"async\" src=\"https:\/\/c1.staticflickr.com\/5\/4183\/34196111421_81a9ce35a1_m.jpg\" alt=\"IMG-20170425-WA0002\" width=\"180\" height=\"240\" \/><\/a><\/p>\n<p><a title=\"IMG-20170425-WA0003\" href=\"https:\/\/www.flickr.com\/photos\/91470992@N02\/34285856306\/in\/dateposted-public\/\" data-flickr-embed=\"true\"><img loading=\"lazy\" decoding=\"async\" src=\"https:\/\/c1.staticflickr.com\/5\/4176\/34285856306_7853797f44_m.jpg\" alt=\"IMG-20170425-WA0003\" width=\"180\" height=\"240\" style=\"float: right;\" \/><\/a><\/p>\n<p style=\"text-align: justify;\">Pino De Pasquale non ha bisogno di presentazioni, poich\u00e9 a Turi \u00e8 conosciutissimo e benvoluto, anche per la sua devozione nota in paese. Porta sulle spalle una disabilit\u00e0 pesante che lo costringe a usare le stampelle e la sedia a rotelle, ma nonostante questo non perde il buonumore, \u00e8 partecipe alla vita della comunit\u00e0 ed ha una bellissima famiglia. Il turese si confida ai nostri microfoni raccontando la disavventura che gli \u00e8 capitata qualche giorno fa nella vicina Conversano.<\/p>\n<p style=\"text-align: justify;\">L&#8217;uomo, che si era recato con la moglie a Conversano per ascoltare la messa del Vescovo, ha trovato sul parabrezza della sua auto una multa per aver parcheggiato fuori posto presso gli stalli riservati ai disabili. Racconta De Pasquale: \u00abHo parcheggiato in Largo della Corte dove ci sono i posti per disabili ma, siccome era tutto pieno, ho parcheggiato la macchina &#8220;a spina di pesce&#8221; in un modo che non desse fastidio a nessuno. L&#8217;ausiliare del traffico ha fatto la multa, fregandosene del tagliando. Io sono su una sedia a rotelle e solo i piccoli tratti riesco a farli con le stampelle. La mia \u00e8 una disabilit\u00e0 al 100 %\u00bb.<\/p>\n<p style=\"text-align: justify;\">\u00abMi sono recato al Comando dei Vigili Urbani di Conversano &#8211; prosegue De Pasquale &#8211; e hanno cominciato a dire che loro non potevano annullare la multa perch\u00e9 \u00e8 stato l&#8217;ausiliare del traffico a farla. Si sono giustificati andando a scomodare molte norme del codice della strada, avendo occupato un posto che non dovevo occupare. Io la multa l&#8217;ho gi\u00e0 pagata e poi eventualmente far\u00f2 ricorso. Non \u00e8 per i 28 euro, ma perch\u00e9 si tratta di un&#8217; ingiustizia. Sono andato per seguire la messa del Vescovo e ho avuto questa bella sorpresa!\u00bb.<\/p>\n<p style=\"text-align: justify;\">Riteniamo che in questo caso si potesse chiudere quantomeno un occhio: \u00e8 vero, la legge \u00e8 uguale per tutti, ma ricordiamoci che si tratta di una persona che non poteva andare a parcheggiare molto lontano.<\/p>\n","protected":false},"excerpt":{"rendered":"<p><a title=\"IMG-20170425-WA0002\" href=\"https:\/\/www.flickr.com\/photos\/91470992@N02\/34196111421\/in\/dateposted-public\/\" data-flickr-embed=\"true\"><img loading=\"lazy\" decoding=\"async\" src=\"https:\/\/c1.staticflickr.com\/5\/4183\/34196111421_81a9ce35a1_m.jpg\" alt=\"IMG-20170425-WA0002\" width=\"180\" height=\"240\" \/><\/a><\/p>\n","protected":false},"author":1,"featured_media":0,"comment_status":"open","ping_status":"closed","sticky":false,"template":"","format":"standard","meta":{"colormag_page_container_layout":"default_layout","colormag_page_sidebar_layout":"default_layout","footnotes":""},"categories":[7],"tags":[],"class_list":["post-14721","post","type-post","status-publish","format-standard","hentry","category-attualita"],"_links":{"self":[{"href":"https:\/\/archivioturi.lavocedelpaese.info\/index.php\/wp-json\/wp\/v2\/posts\/14721","targetHints":{"allow":["GET"]}}],"collection":[{"href":"https:\/\/archivioturi.lavocedelpaese.info\/index.php\/wp-json\/wp\/v2\/posts"}],"about":[{"href":"https:\/\/archivioturi.lavocedelpaese.info\/index.php\/wp-json\/wp\/v2\/types\/post"}],"author":[{"embeddable":true,"href":"https:\/\/archivioturi.lavocedelpaese.info\/index.php\/wp-json\/wp\/v2\/users\/1"}],"replies":[{"embeddable":true,"href":"https:\/\/archivioturi.lavocedelpaese.info\/index.php\/wp-json\/wp\/v2\/comments?post=14721"}],"version-history":[{"count":0,"href":"https:\/\/archivioturi.lavocedelpaese.info\/index.php\/wp-json\/wp\/v2\/posts\/14721\/revisions"}],"wp:attachment":[{"href":"https:\/\/archivioturi.lavocedelpaese.info\/index.php\/wp-json\/wp\/v2\/media?parent=14721"}],"wp:term":[{"taxonomy":"category","embeddable":true,"href":"https:\/\/archivioturi.lavocedelpaese.info\/index.php\/wp-json\/wp\/v2\/categories?post=14721"},{"taxonomy":"post_tag","embeddable":true,"href":"https:\/\/archivioturi.lavocedelpaese.info\/index.php\/wp-json\/wp\/v2\/tags?post=14721"}],"curies":[{"name":"wp","href":"https:\/\/api.w.org\/{rel}","templated":true}]}}