{"id":14716,"date":"2017-05-02T13:16:34","date_gmt":"2017-05-02T13:16:34","guid":{"rendered":"https:\/\/archivioturi.lavocedelpaese.info\/index.php\/2017\/05\/02\/una-nuova-cooperativa-per-il-centro-di-accoglienza-di-turi\/"},"modified":"2017-05-02T13:16:34","modified_gmt":"2017-05-02T13:16:34","slug":"una-nuova-cooperativa-per-il-centro-di-accoglienza-di-turi","status":"publish","type":"post","link":"https:\/\/archivioturi.lavocedelpaese.info\/index.php\/2017\/05\/02\/una-nuova-cooperativa-per-il-centro-di-accoglienza-di-turi\/","title":{"rendered":"Una nuova cooperativa per il centro di accoglienza di Turi"},"content":{"rendered":"<p><a data-flickr-embed=\"true\" href=\"https:\/\/www.flickr.com\/photos\/91470992@N02\/34285701106\/in\/dateposted-public\/\" title=\"CENTRI\"><img loading=\"lazy\" decoding=\"async\" src=\"https:\/\/c1.staticflickr.com\/3\/2877\/34285701106_2de720962a_n.jpg\" width=\"320\" height=\"213\" alt=\"CENTRI\" \/><\/a><\/p>\n<p style=\"text-align: justify;\">Dall&#8217;Amministrazione Comunale ci arriva la notizia che a giorni, forse a fine settimana, ci sar\u00e0 l&#8217;aggiudicazione a favore di un&#8217;altra cooperativa per la gestione del gruppo di migranti ospiti di Turi. Esce dunque di scena la cooperativa Cometa, che comunque pare si sia adoperata per ospitare e accogliere al meglio i migranti.<\/p>\n<p style=\"text-align: justify;\">Alla gara d&#8217;appalto hanno partecipato due realt\u00e0 turesi: l&#8217;Holiday residence, che ha nuovamente vinto, ed una struttura ricettiva sita in Via Gramsci, che pare sia arrivata ultima. Ci\u00f2 significa che per il 2017 Turi non dovrebbe essere destinataria di altri richiedenti asilo: la lunga polemica che si era creata sentendo solo la voce di un probabile arrivo di un nuovo gruppo di migranti \u00e8 stata dunque assolutamente inutile.<\/p>\n<p style=\"text-align: justify;\">A giochi ormai fermi, ci permettiamo qualche considerazione. Turi, cos\u00ec come ogni altra citt\u00e0 italiana che in questi anni si \u00e8 dovuta confrontare con il fenomeno dell&#8217;immigrazione, non \u00e8 un paese razzista. Casomai \u00e8 un paese impreparato, e dunque impaurito. Scorrendo i social, i commenti che balzano agli occhi si allineano lungo una duplice direttrice: la sicurezza (i migranti ce li ritroviamo fuori dai supermercati a chiedere l&#8217;elemosina e chiss\u00e0 cos&#8217;altro fanno) e la rabbia per quella che viene percepita come &#8220;disparit\u00e0 di trattamento&#8221; (i migranti ricevono vitto, alloggio e spesso trovano anche lavoro; noi turesi siamo abbandonati a noi stessi).<\/p>\n<p style=\"text-align: justify;\">Se si vuole superare con successo questa nuova sfida &#8211; almeno a livello locale, giacch\u00e9 la politica nazionale e quella comunitaria sono a dir poco lacunose &#8211; ci pare che sia debba lavorare molto sulla cultura dell&#8217;integrazione, aiutando a smontare i facili pregiudizi alimentati spesso da situazioni di disagio personale, cui il sistema sociale &#8211; quel famoso welfare continuamente depotenziato &#8211; non riesce a dare sufficienti risposte. Ed il miglior modo per iniziare \u00e8 la trasparenza: trasparenza nei fondi percepiti dalle cooperative per la &#8220;gestione&#8221; dei migranti e trasparenza nella linea comunicativa dell&#8217;amministrazione. Quest&#8217;ultima non pu\u00f2 continuare a ritenersi &#8220;entit\u00e0 superiore&#8221; che decide se e quando comunicare con i cittadini (si vedano a tal proposito le dichiarazioni di Lavinia Orlando in merito alla vicenda della &#8220;questione meningite&#8221;). L&#8217;arroganza &#8211; anche quella in buona fede &#8211; non genera altro che confusione e intolleranza, due atteggiamenti che allontanano sempre pi\u00f9 Turi dal riscoprirsi comunit\u00e0.<\/p>\n","protected":false},"excerpt":{"rendered":"<p><a data-flickr-embed=\"true\" href=\"https:\/\/www.flickr.com\/photos\/91470992@N02\/34285701106\/in\/dateposted-public\/\" title=\"CENTRI\"><img loading=\"lazy\" decoding=\"async\" src=\"https:\/\/c1.staticflickr.com\/3\/2877\/34285701106_2de720962a_n.jpg\" width=\"320\" height=\"213\" alt=\"CENTRI\" \/><\/a><\/p>\n","protected":false},"author":1,"featured_media":0,"comment_status":"open","ping_status":"closed","sticky":false,"template":"","format":"standard","meta":{"colormag_page_container_layout":"default_layout","colormag_page_sidebar_layout":"default_layout","footnotes":""},"categories":[4],"tags":[],"class_list":["post-14716","post","type-post","status-publish","format-standard","hentry","category-politica"],"_links":{"self":[{"href":"https:\/\/archivioturi.lavocedelpaese.info\/index.php\/wp-json\/wp\/v2\/posts\/14716","targetHints":{"allow":["GET"]}}],"collection":[{"href":"https:\/\/archivioturi.lavocedelpaese.info\/index.php\/wp-json\/wp\/v2\/posts"}],"about":[{"href":"https:\/\/archivioturi.lavocedelpaese.info\/index.php\/wp-json\/wp\/v2\/types\/post"}],"author":[{"embeddable":true,"href":"https:\/\/archivioturi.lavocedelpaese.info\/index.php\/wp-json\/wp\/v2\/users\/1"}],"replies":[{"embeddable":true,"href":"https:\/\/archivioturi.lavocedelpaese.info\/index.php\/wp-json\/wp\/v2\/comments?post=14716"}],"version-history":[{"count":0,"href":"https:\/\/archivioturi.lavocedelpaese.info\/index.php\/wp-json\/wp\/v2\/posts\/14716\/revisions"}],"wp:attachment":[{"href":"https:\/\/archivioturi.lavocedelpaese.info\/index.php\/wp-json\/wp\/v2\/media?parent=14716"}],"wp:term":[{"taxonomy":"category","embeddable":true,"href":"https:\/\/archivioturi.lavocedelpaese.info\/index.php\/wp-json\/wp\/v2\/categories?post=14716"},{"taxonomy":"post_tag","embeddable":true,"href":"https:\/\/archivioturi.lavocedelpaese.info\/index.php\/wp-json\/wp\/v2\/tags?post=14716"}],"curies":[{"name":"wp","href":"https:\/\/api.w.org\/{rel}","templated":true}]}}