{"id":14712,"date":"2017-05-01T20:03:31","date_gmt":"2017-05-01T20:03:31","guid":{"rendered":"https:\/\/archivioturi.lavocedelpaese.info\/index.php\/2017\/05\/01\/una-cannonata-e-vola-via\/"},"modified":"2017-05-01T20:03:31","modified_gmt":"2017-05-01T20:03:31","slug":"una-cannonata-e-vola-via","status":"publish","type":"post","link":"https:\/\/archivioturi.lavocedelpaese.info\/index.php\/2017\/05\/01\/una-cannonata-e-vola-via\/","title":{"rendered":"Una \u2018cannonata\u2019 e vola via!"},"content":{"rendered":"<p><a data-flickr-embed=\"true\" href=\"https:\/\/www.flickr.com\/photos\/91470992@N02\/34195727611\/in\/dateposted-public\/\" title=\"DSC_0555\" marked=\"1\"><img loading=\"lazy\" decoding=\"async\" src=\"https:\/\/c1.staticflickr.com\/5\/4163\/34195727611_2f8832e936_n.jpg\" alt=\"DSC_0555\" width=\"320\" height=\"213\" \/><\/a><\/p>\n<p style=\"text-align: justify;\">Un discorso deludente, fiacco, di una banalit\u00e0 retorica disarmante. L\u2019intervento del sindaco Menino Coppi per la cerimonia del 25 aprile (Festa della Liberazione dal nazifascismo) \u00e8 il termometro politico di quanto accade all\u2019ombra di Via XX settembre, con un Palazzo ormai allo sbando, senza un\u2019idea di futuro per la nostra Comunit\u00e0 martoriata e presa in giro sia dagli uffici tecnici comunali che dai politicanti locali.<\/p>\n<p style=\"text-align: justify;\">Dal punto di vista politico e intellettuale, il discorso di Coppi \u00e8 stato dello stesso spessore di una sottiletta, che al caldo poi si scioglie, e quasi scompare, senza lasciare traccia. Anzi, lascia un appiccicoso senso di fastidio e di rabbia per come \u00e8 trattata questa comunit\u00e0, senza che nessuno da Bari a dagli organi pubblici (Prefettura in primis) ci venga a salvare da questo inaccettabile immobilismo e menefreghismo della cosa pubblica (il \u2018parco\u2019 di Via Conversano \u00e8 una vergogna pubblica, e non solo quello!).<\/p>\n<p style=\"text-align: justify;\">Il primo cittadino ha raccontato la storia del nazifascismo con uno stile da sussidiario di scuola elementare, ormai fuori catalogazione, e senza gettare mai un solo sguardo all\u2019attualit\u00e0, al futuro che si prospetta. Perch\u00e9 la verit\u00e0 \u00e8 che Menino \u00e8 gi\u00e0 in pensione\u2026 politica. Non guarda pi\u00f9 al futuro, non lo ha mai fatto in questo mandato, e diciamoci la verit\u00e0, neppure in campagna elettorale aveva un programma ambizioso, ideale e di idee. Era tutta propria, l\u2019ambizione.<\/p>\n<p style=\"text-align: justify;\">Menino Coppi incarna quel passato dal quale i giovani dovevano liberarci (la Liberazione \u00e8 un concetto metaforico), e invece ne sono rimasti schiacciati e fagocitati da quel passato che torna, da quello stile politico da Prima Repubblica. Dei giovani politici di questa maggioranza purtroppo non rester\u00e0 traccia, sono stati bruciati da un sindaco irresponsabile, sacrificati in questa specie di guerra civile. Anche la liberazione dell\u2019Italia purtroppo ha richiesto tanto sacrificio, di vincitori e vinti, tutti hanno pagato un prezzo alto, il prezzo di chi si ostina a un governo illiberale, senza idee e progetti, senza visioni e senza futuro.<\/p>\n<p style=\"text-align: justify;\">I giovani dovevano essere il futuro, e invece ora sono gi\u00e0 vecchi, e non tanto per colpa loro, ed \u00e8 quello che tanto pi\u00f9 lascia il rammarico.<\/p>\n<p style=\"text-align: justify;\"><strong>Il caso del migrante morto di meningite.<\/strong><\/p>\n<p class=\"Standard\" style=\"text-align: justify;\">L\u2019ultimo dramma politico si \u00e8 consumato in quella che poteva essere una tragicomica se fosse stata scritta da Pirandello: parliamo del migrante morto di meningite a Trani, nello stesso centro in cui vi erano altri migranti che poi sono stati ospiti a Turi. Si bada come al solito alla forma e alla veridicit\u00e0 delle notizie, senza considerare che i rischi sono reali e che bisogna attrezzarsi. Mentre gli altri si preoccupano di scattarsi selfie per nutrire la retorica buonista (senza aiutare di fatto i migranti), la vicesindaco Lavinia Orlando \u00e8 rimasta intrappolata dal solito atteggiamento pilatesco e letale del sindaco Coppi che da tre anni ci propina il solito mantra: Tutte chiacchiere da bar!<\/p>\n<p class=\"Standard\" style=\"text-align: justify;\">Ancora una volta, il suo incredibile silenzio, il suo continuo lavarsi le mani, va a spese della maggioranza e dell\u2019esecutivo, dei giovani politici turesi cos\u00ec bruciati; una giovent\u00f9 bruciata.<\/p>\n<p class=\"Standard\" style=\"text-align: justify;\">Ci vuole una bella \u2018cannonata\u2019 a questo modi di fare politica. Buona fortuna Turi, il famoso \u2018giardino\u2019 ormai dimenticato della provincia, che da tanto tempo ormai attende il suo prossimo 25 aprile.&nbsp;&nbsp;<\/p>\n","protected":false},"excerpt":{"rendered":"<p><a data-flickr-embed=\"true\" href=\"https:\/\/www.flickr.com\/photos\/91470992@N02\/34195727611\/in\/dateposted-public\/\" title=\"DSC_0555\" marked=\"1\"><img loading=\"lazy\" decoding=\"async\" src=\"https:\/\/c1.staticflickr.com\/5\/4163\/34195727611_2f8832e936_n.jpg\" alt=\"DSC_0555\" width=\"320\" height=\"213\" \/><\/a><\/p>\n","protected":false},"author":1,"featured_media":0,"comment_status":"open","ping_status":"closed","sticky":false,"template":"","format":"standard","meta":{"colormag_page_container_layout":"default_layout","colormag_page_sidebar_layout":"default_layout","footnotes":""},"categories":[4],"tags":[],"class_list":["post-14712","post","type-post","status-publish","format-standard","hentry","category-politica"],"_links":{"self":[{"href":"https:\/\/archivioturi.lavocedelpaese.info\/index.php\/wp-json\/wp\/v2\/posts\/14712","targetHints":{"allow":["GET"]}}],"collection":[{"href":"https:\/\/archivioturi.lavocedelpaese.info\/index.php\/wp-json\/wp\/v2\/posts"}],"about":[{"href":"https:\/\/archivioturi.lavocedelpaese.info\/index.php\/wp-json\/wp\/v2\/types\/post"}],"author":[{"embeddable":true,"href":"https:\/\/archivioturi.lavocedelpaese.info\/index.php\/wp-json\/wp\/v2\/users\/1"}],"replies":[{"embeddable":true,"href":"https:\/\/archivioturi.lavocedelpaese.info\/index.php\/wp-json\/wp\/v2\/comments?post=14712"}],"version-history":[{"count":0,"href":"https:\/\/archivioturi.lavocedelpaese.info\/index.php\/wp-json\/wp\/v2\/posts\/14712\/revisions"}],"wp:attachment":[{"href":"https:\/\/archivioturi.lavocedelpaese.info\/index.php\/wp-json\/wp\/v2\/media?parent=14712"}],"wp:term":[{"taxonomy":"category","embeddable":true,"href":"https:\/\/archivioturi.lavocedelpaese.info\/index.php\/wp-json\/wp\/v2\/categories?post=14712"},{"taxonomy":"post_tag","embeddable":true,"href":"https:\/\/archivioturi.lavocedelpaese.info\/index.php\/wp-json\/wp\/v2\/tags?post=14712"}],"curies":[{"name":"wp","href":"https:\/\/api.w.org\/{rel}","templated":true}]}}