{"id":14702,"date":"2017-04-23T13:35:41","date_gmt":"2017-04-23T13:35:41","guid":{"rendered":"https:\/\/archivioturi.lavocedelpaese.info\/index.php\/2017\/04\/23\/grave-incidente-a-turi\/"},"modified":"2017-04-23T13:35:41","modified_gmt":"2017-04-23T13:35:41","slug":"grave-incidente-a-turi","status":"publish","type":"post","link":"https:\/\/archivioturi.lavocedelpaese.info\/index.php\/2017\/04\/23\/grave-incidente-a-turi\/","title":{"rendered":"Grave incidente a Turi"},"content":{"rendered":"<p><a title=\"WhatsApp Image 2017-04-19 at 13.58.19\" href=\"https:\/\/www.flickr.com\/photos\/91470992@N02\/33334959124\/in\/dateposted-public\/\" data-flickr-embed=\"true\"><img loading=\"lazy\" decoding=\"async\" src=\"https:\/\/c1.staticflickr.com\/3\/2824\/33334959124_729a494e0a_n.jpg\" alt=\"WhatsApp Image 2017-04-19 at 13.58.19\" width=\"320\" height=\"240\" \/><\/a><\/p>\n<p style=\"text-align: center;\" align=\"center\"><strong>Una settimana di sangue sulle strade pi\u00f9 pericolose a noi collegate: la SP 32 e l\u2019intramontabile 172 della morte<\/strong><\/p>\n<p><a title=\"WhatsApp Image 2017-04-19 at 13.58.18\" href=\"https:\/\/www.flickr.com\/photos\/91470992@N02\/33792923200\/in\/dateposted-public\/\" data-flickr-embed=\"true\"><img loading=\"lazy\" decoding=\"async\" src=\"https:\/\/c1.staticflickr.com\/3\/2806\/33792923200_fa7150d5c9_n.jpg\" alt=\"WhatsApp Image 2017-04-19 at 13.58.18\" width=\"320\" height=\"240\" style=\"float: right;\" \/><\/a><\/p>\n<p style=\"text-align: justify;\">La BMW decapitata dalla parte del conducente e un grosso tir poco distante. Questa \u00e8 l\u2019immagine agghiacciante che si \u00e8 presentata ai soccorritori mercoled\u00ec mattina, 19 aprile, quando alle ore 11.15 sono giunti nei pressi del pericolosissimo curvone della Strada Provinciale 32 che, uscendo da Turi, si piega a gomito immediatamente dopo la rotonda, svoltando a sinistra e proseguendo verso Castellana Grotte.<\/p>\n<p style=\"text-align: justify;\">La velocit\u00e0 e i gradi repentini della curva potrebbero essere la causa di questo \u2018spettacolare\u2019 incidente che ha ferito gravemente il conducente non turese di una robusta BMW.<\/p>\n<p style=\"text-align: justify;\">L\u2019auto ha impattato con violenza contro un tir nei pressi della curva. La BMW proseguiva verso Castellana, mentre l\u2019autoarticolato procedeva in direzione Turi, diretto a uno stabilimento vetreria.<\/p>\n<p style=\"text-align: justify;\"><strong>Autista quasi \u2018decapitato\u2019!<\/strong><\/p>\n<p style=\"text-align: justify;\">Ad avere la peggio \u00e8 stato il conducente dell&#8217;auto berlina, che ha impattato dalla parte fiancata di guida, sul lato sinistro. Quando sono arrivati i soccorritori del 118 della postazione locale di Turi, e una squadra dei Vigili del Fuoco (di Putignano) del Turno C guidati dal CSE Michele Avella, l\u2019uomo che conduceva la BMW era con la testa accasciata sull\u2019airbag esploso e impregnato di sangue. Sul capo un grosso ematoma. Tutta la fiancata del conducente decapitata dal grosso rimorchio dell\u2019autoarticolato. Ha rischiato seriamente di morire sul colpo a causa del violento impatto del capo. Probabilmente \u00e8 stato miracolato dall\u2019airbag e dall\u2019angolatura. L\u2019autista del tir \u00e8 rimasto illeso, mentre la strada \u00e8 stata chiusa al traffico e i mezzi sottoposti a sequestro.<\/p>\n<p style=\"text-align: justify;\"><strong>&nbsp;<\/strong><\/p>\n<p style=\"text-align: justify;\"><strong>Fuori pericolo<\/strong><\/p>\n<p style=\"text-align: justify;\">I pompieri hanno tagliato le lamiere con le cesoie e hanno liberato l&#8217;automobilista, che in un primo momento sembrava completamente privo di sensi, ma poi ha risposto ai segnali. \u00c8 stato ricoverato all\u2019ospedale \u201cSanta Maria\u201d di Putignano ed \u00e8 ancora in condizioni serie, ma fuori pericolo. I medici valuteranno l\u2019entit\u00e0 dei danni e stileranno un referto pi\u00f9 dettagliato nelle prossime ore, per capire se ci saranno o meno conseguenze.<\/p>\n<p style=\"text-align: justify;\">I rilievi per tracciare meglio la dinamica del sinistro sono stati effettuati dai Carabinieri della locale stazione di Turi. Oltre ai militari, sono intervenute le guardie giurate della Metronotte di Turi.<\/p>\n<p style=\"text-align: justify;\"><strong>Altro grave incidente sulla Statale dei Trulli.<\/strong><\/p>\n<p><a title=\"WhatsApp Image 2017-04-18 at 11.56.03\" href=\"https:\/\/www.flickr.com\/photos\/91470992@N02\/34046539081\/in\/dateposted-public\/\" data-flickr-embed=\"true\"><img loading=\"lazy\" decoding=\"async\" style=\"float: left;\" src=\"https:\/\/c1.staticflickr.com\/3\/2901\/34046539081_d9c9491c19_n.jpg\" alt=\"WhatsApp Image 2017-04-18 at 11.56.03\" width=\"320\" height=\"240\" \/><\/a><\/p>\n<p style=\"text-align: justify;\">Il giorno prima, nella mattinata del 18 aprile, un altro violentissimo impatto tra due mezzi \u00e8 avvenuto sulla Casamassima-Turi, la Strada Statale 172 dei Trulli, la strada della morte che doveva essere allargata e interessata da lavori di messa in sicurezza, e che invece continua a costituire un pericolo pubblico anche per chi guida adagio e sulla propria carreggiata. \u00c8 una strada fuorilegge per molti aspetti, attivata alla circolazione solo perch\u00e9 \u00e8 l\u2019unico raccordo che collega Turi a Casamassima, e Turi verso Putignano. Mentre il tratto di Putignano quantomeno \u00e8 stato \u2018sistemato\u2019 con delle rotonde, il tratto che raggiunge Casamassima attende da 30 anni lavori da sempre annunciati e mai programmati. L\u2019incidente di marted\u00ec ha coinvolto un\u2019auto e un furgoncino, che si sono quasi scontrati frontalmente, ma per fortuna nessuno dei due conducenti ha riportato gravi conseguenze. Ma il sangue che scorre da decenni su questa strada \u00e8 ancora fresco come una vernice che non asciuga mai, una ferita che per molti parenti delle vittime non rimargina, nell\u2019indifferenza totale delle istituzioni.<\/p>\n","protected":false},"excerpt":{"rendered":"<p><a title=\"WhatsApp Image 2017-04-19 at 13.58.19\" href=\"https:\/\/www.flickr.com\/photos\/91470992@N02\/33334959124\/in\/dateposted-public\/\" data-flickr-embed=\"true\"><img loading=\"lazy\" decoding=\"async\" src=\"https:\/\/c1.staticflickr.com\/3\/2824\/33334959124_729a494e0a_n.jpg\" alt=\"WhatsApp Image 2017-04-19 at 13.58.19\" width=\"320\" height=\"240\" \/><\/a><\/p>\n","protected":false},"author":1,"featured_media":0,"comment_status":"open","ping_status":"closed","sticky":false,"template":"","format":"standard","meta":{"colormag_page_container_layout":"default_layout","colormag_page_sidebar_layout":"default_layout","footnotes":""},"categories":[8],"tags":[],"class_list":["post-14702","post","type-post","status-publish","format-standard","hentry","category-cronaca"],"_links":{"self":[{"href":"https:\/\/archivioturi.lavocedelpaese.info\/index.php\/wp-json\/wp\/v2\/posts\/14702","targetHints":{"allow":["GET"]}}],"collection":[{"href":"https:\/\/archivioturi.lavocedelpaese.info\/index.php\/wp-json\/wp\/v2\/posts"}],"about":[{"href":"https:\/\/archivioturi.lavocedelpaese.info\/index.php\/wp-json\/wp\/v2\/types\/post"}],"author":[{"embeddable":true,"href":"https:\/\/archivioturi.lavocedelpaese.info\/index.php\/wp-json\/wp\/v2\/users\/1"}],"replies":[{"embeddable":true,"href":"https:\/\/archivioturi.lavocedelpaese.info\/index.php\/wp-json\/wp\/v2\/comments?post=14702"}],"version-history":[{"count":0,"href":"https:\/\/archivioturi.lavocedelpaese.info\/index.php\/wp-json\/wp\/v2\/posts\/14702\/revisions"}],"wp:attachment":[{"href":"https:\/\/archivioturi.lavocedelpaese.info\/index.php\/wp-json\/wp\/v2\/media?parent=14702"}],"wp:term":[{"taxonomy":"category","embeddable":true,"href":"https:\/\/archivioturi.lavocedelpaese.info\/index.php\/wp-json\/wp\/v2\/categories?post=14702"},{"taxonomy":"post_tag","embeddable":true,"href":"https:\/\/archivioturi.lavocedelpaese.info\/index.php\/wp-json\/wp\/v2\/tags?post=14702"}],"curies":[{"name":"wp","href":"https:\/\/api.w.org\/{rel}","templated":true}]}}