{"id":14688,"date":"2017-04-20T08:19:55","date_gmt":"2017-04-20T08:19:55","guid":{"rendered":"https:\/\/archivioturi.lavocedelpaese.info\/index.php\/2017\/04\/20\/aspettando-il-passa-pass\/"},"modified":"2017-04-20T08:19:55","modified_gmt":"2017-04-20T08:19:55","slug":"aspettando-il-passa-pass","status":"publish","type":"post","link":"https:\/\/archivioturi.lavocedelpaese.info\/index.php\/2017\/04\/20\/aspettando-il-passa-pass\/","title":{"rendered":"Aspettando\u2026. Il Passa Pass"},"content":{"rendered":"<p><a data-flickr-embed=\"true\" href=\"https:\/\/www.flickr.com\/photos\/91470992@N02\/14134855153\/in\/album-72157644116158038\/\" title=\"DSC_1399\"><img loading=\"lazy\" decoding=\"async\" src=\"https:\/\/c1.staticflickr.com\/3\/2930\/14134855153_6fe79ecfe3_n.jpg\" width=\"320\" height=\"212\" alt=\"DSC_1399\" \/><\/a><\/p>\n<p style=\"text-align: justify;\">\u00c8 un nome. \u00c8 una connotazione cittadina. \u00c8 una tradizione, ma anche un modo di essere, di considerare\u2026 \u00e8 uno stato d\u2019animo; \u00e8 un\u2019attesa come le feste \u201ccomandate\u201d. \u00c8 il Passa Passa che anche quest\u2019anno si rinnover\u00e0 il prossimo 25 aprile, regalando emozioni in chi lo realizza e in chi lo osserva.<\/p>\n<p style=\"text-align: justify;\">\u00c8 un misto di emozioni e di speranze. \u00c8 un augurio e un momento da condividere e ricordare. Una \u201ctappa obbligata\u201d per ogni turese che non voglia mancare ad uno degli appuntamenti cittadini sentiti, partecipati e festeggiati.<\/p>\n<p style=\"text-align: justify;\">Mancano pochi giorni al suo compimento e gi\u00e0 il paese si affretta a prepararlo. Un rito di origine pagana che rivive ogni anno nei festeggiamenti civili e religiosi dell&#8217;Annunziata intorno alla piccola chiesa medievale di San Rocco. Per l&#8217;antica cerimonia, bambini \u2013 ma anche adulti \u2013 infiocchettati e accompagnati dai rispettivi padrini o madrine, seguiranno l&#8217;effige dell&#8217;Annunziata (bassorilievo in legno, raffigurante la Madonna, l\u2019arcangelo Gabriele e lo Spirito Santo rappresentato da una colomba) nei tre giri che compie intorno alla chiesetta.<\/p>\n<p style=\"text-align: justify;\">Il rito del Passa Passa, ripetuto per tre anni consecutivi, servir\u00e0 a suggellare il vincolo di comparatico tra l&#8217;adulto ed il bambino. Inoltre, secondo la credenza popolare, questa \u201cpassata\u201d preserva dal male d\u2019ernia. Pu\u00f2 fare da padrino solamente chi a sua volta \u00e8 stato &#8220;passato&#8221;.<\/p>\n<p style=\"text-align: justify;\">Prima del rito che richiama a s\u00e9 migliaia di persone, verr\u00e0 celebrata all\u2019aperto, dall\u2019arciprete Don Giovanni Amodio, la Santa Messa alla presenza delle autorit\u00e0 civili e religiose. Dopo la benedizione, la Confraternita dell\u2019Addolorata sfiler\u00e0 seguita dall\u2019Arciprete, che ha preceduto i portatori del cippo scolpito raffigurante l\u2019Annunciazione, seguito ancora dalle autorit\u00e0 e dai fedeli. Tra questi numerosi i padrini e le madrine che terranno per mano un bambino con una fascia colorata a tracolla, segno della durata di legame o di relazione. Tutti, in processione, eseguiranno, come di tradizione tre giri intorno alla chiesetta di San Rocco.<\/p>\n<p style=\"text-align: justify;\">Nei primi anni il rito si svolgeva il 25 marzo, giorno dei festeggiamenti in onore della Madonna Annunziata ma dal momento che in questo periodo generalmente faceva freddo e la data coincideva con il periodo della Quaresima, don Donato Totire, rettore della chiesetta di San Rocco, nel 1950 fiss\u00f2 come data della celebrazione il 25 aprile.<\/p>\n<p style=\"text-align: justify;\">Il \u2018passa passa\u2019 detto anche \u2018passata\u2019 \u00e8 la sopravvivenza di un antico rituale magico-religioso legato alla prevenzione e alla cura dell&#8217;ernia infantile. Nel tempo si \u00e8 caratterizzato in diverse tipologie: passaggio attraverso un arco di foglie, un arco di pietra, una porta e poi un percorso circolare intorno ad un luogo sacro, come nel caso di Turi.<\/p>\n<p style=\"text-align: justify;\">Il passa-passa a Turi si svolge dal 1903, anno in cui i turesi hanno cominciato a disertare il passa-passa di Gioia del Colle e Rutigliano.<\/p>\n","protected":false},"excerpt":{"rendered":"<p><a data-flickr-embed=\"true\" href=\"https:\/\/www.flickr.com\/photos\/91470992@N02\/14134855153\/in\/album-72157644116158038\/\" title=\"DSC_1399\"><img loading=\"lazy\" decoding=\"async\" src=\"https:\/\/c1.staticflickr.com\/3\/2930\/14134855153_6fe79ecfe3_n.jpg\" width=\"320\" height=\"212\" alt=\"DSC_1399\" \/><\/a><\/p>\n","protected":false},"author":1,"featured_media":0,"comment_status":"open","ping_status":"closed","sticky":false,"template":"","format":"standard","meta":{"colormag_page_container_layout":"default_layout","colormag_page_sidebar_layout":"default_layout","footnotes":""},"categories":[7],"tags":[],"class_list":["post-14688","post","type-post","status-publish","format-standard","hentry","category-attualita"],"_links":{"self":[{"href":"https:\/\/archivioturi.lavocedelpaese.info\/index.php\/wp-json\/wp\/v2\/posts\/14688","targetHints":{"allow":["GET"]}}],"collection":[{"href":"https:\/\/archivioturi.lavocedelpaese.info\/index.php\/wp-json\/wp\/v2\/posts"}],"about":[{"href":"https:\/\/archivioturi.lavocedelpaese.info\/index.php\/wp-json\/wp\/v2\/types\/post"}],"author":[{"embeddable":true,"href":"https:\/\/archivioturi.lavocedelpaese.info\/index.php\/wp-json\/wp\/v2\/users\/1"}],"replies":[{"embeddable":true,"href":"https:\/\/archivioturi.lavocedelpaese.info\/index.php\/wp-json\/wp\/v2\/comments?post=14688"}],"version-history":[{"count":0,"href":"https:\/\/archivioturi.lavocedelpaese.info\/index.php\/wp-json\/wp\/v2\/posts\/14688\/revisions"}],"wp:attachment":[{"href":"https:\/\/archivioturi.lavocedelpaese.info\/index.php\/wp-json\/wp\/v2\/media?parent=14688"}],"wp:term":[{"taxonomy":"category","embeddable":true,"href":"https:\/\/archivioturi.lavocedelpaese.info\/index.php\/wp-json\/wp\/v2\/categories?post=14688"},{"taxonomy":"post_tag","embeddable":true,"href":"https:\/\/archivioturi.lavocedelpaese.info\/index.php\/wp-json\/wp\/v2\/tags?post=14688"}],"curies":[{"name":"wp","href":"https:\/\/api.w.org\/{rel}","templated":true}]}}