{"id":14676,"date":"2017-04-16T17:38:51","date_gmt":"2017-04-16T17:38:51","guid":{"rendered":"https:\/\/archivioturi.lavocedelpaese.info\/index.php\/2017\/04\/16\/via-noci-e-pericolosa-per-i-pedoni\/"},"modified":"2017-04-16T17:38:51","modified_gmt":"2017-04-16T17:38:51","slug":"via-noci-e-pericolosa-per-i-pedoni","status":"publish","type":"post","link":"https:\/\/archivioturi.lavocedelpaese.info\/index.php\/2017\/04\/16\/via-noci-e-pericolosa-per-i-pedoni\/","title":{"rendered":"Via Noci \u00e8 pericolosa per i pedoni"},"content":{"rendered":"<p><a title=\"IMG_20170409_123915\" href=\"https:\/\/www.flickr.com\/photos\/91470992@N02\/33882452121\/in\/dateposted-public\/\" data-flickr-embed=\"true\"><img loading=\"lazy\" decoding=\"async\" src=\"https:\/\/c1.staticflickr.com\/4\/3941\/33882452121_d54d43f0eb_n.jpg\" alt=\"IMG_20170409_123915\" width=\"320\" height=\"240\" \/><\/a><\/p>\n<p style=\"text-align: justify;\">Il nostro comune, negli ultimi 15 anni, ha subito una espansione notevole: sono sorti nuovi palazzi e si sono costruite abitazioni a ridosso di strade che, in precedenza, erano percorse quasi esclusivamente da mezzi agricoli. Un esempio \u00e8 la zona di via Noci. A tal proposito, alcuni residenti hanno segnalato al gruppo Turi ReVolution la mancanza di segnaletica stradale e di dissuasori di velocit\u00e0.<br \/> Infatti via Noci \u00e8 diventata, in pochi anni, un\u2019arteria trafficata e pericolosa: alcune vetture la percorrono a velocit\u00e0 elevata e in pi\u00f9 mancano le strisce pedonali per l\u2019attraversamento in sicurezza.<br \/> Inoltre, essendo presente un giardinetto comunale, risulta indispensabile istallare dei dissuasori che inducano le vetture a moderare la propria velocit\u00e0, proprio come si \u00e8 fatto per alcune strade lungo le quali insistono gli edifici scolastici, al fine di tutelare la sicurezza di bambini, ragazzi e famiglie.<\/p>\n<p style=\"text-align: justify;\">Pertanto il gruppo \u201cTuri Revolution\u201d ha protocollato, presso l\u2019ente comunale, una richiesta di intervento per la messa in sicurezza di via Noci, in modo da per poter rendere sicuro per tutti i turesi l\u2019attraversamento pedonale e l\u2019accesso al giardinetto comunale che si affaccia su tale strada.<\/p>\n<p><a title=\"IMG_20170409_123824\" href=\"https:\/\/www.flickr.com\/photos\/91470992@N02\/33970767426\/in\/dateposted-public\/\" data-flickr-embed=\"true\"><img loading=\"lazy\" decoding=\"async\" src=\"https:\/\/c1.staticflickr.com\/3\/2848\/33970767426_ec67300700_n.jpg\" alt=\"IMG_20170409_123824\" width=\"320\" height=\"240\" style=\"float: right;\" \/><\/a><\/p>\n<p style=\"text-align: justify;\">\u00c8 ora che il Comune si svegli e risolva tale problematica nel minor tempo possibile: l\u2019incolumit\u00e0 delle persone non pu\u00f2 pi\u00f9 aspettare.<\/p>\n<p style=\"text-align: justify;\">Ecco il testo della lettera.<\/p>\n<p style=\"text-align: justify;\" align=\"right\">Al Sindaco di Turi Dott. Domenico Coppi<\/p>\n<p style=\"text-align: justify;\"> OGGETTO: sicurezza pedonale su via Noci<\/p>\n<p style=\"text-align: justify;\">Il sottoscritto Lerede Francesco, nato a Noci (Ba) il 7-9-1983 e residente a Turi (Ba) in strada Monopoli 3, componente del gruppo \u201cTuri ReVolution\u201d, avendo ricevuto segnalazioni in merito da parte di alcuni cittadini turesi residenti in via Noci,<\/p>\n<p> &nbsp;&nbsp;&nbsp;&nbsp;&nbsp;&nbsp;&nbsp;&nbsp;&nbsp;&nbsp;&nbsp;&nbsp;&nbsp;&nbsp;&nbsp;&nbsp;&nbsp;&nbsp;&nbsp;&nbsp;&nbsp;&nbsp;&nbsp;&nbsp;&nbsp;&nbsp;&nbsp;&nbsp;&nbsp;&nbsp;&nbsp;&nbsp;&nbsp;&nbsp;&nbsp;&nbsp;&nbsp;&nbsp;&nbsp;&nbsp;&nbsp;&nbsp;&nbsp;&nbsp;&nbsp;&nbsp;&nbsp;&nbsp;&nbsp;&nbsp;&nbsp;&nbsp;&nbsp;&nbsp;&nbsp;&nbsp;&nbsp;&nbsp;&nbsp;&nbsp;&nbsp;&nbsp;&nbsp;&nbsp;&nbsp;&nbsp;&nbsp;&nbsp;&nbsp;&nbsp;&nbsp;&nbsp;&nbsp;&nbsp;&nbsp;&nbsp;&nbsp;&nbsp;&nbsp;&nbsp;&nbsp;&nbsp;&nbsp;&nbsp; &nbsp;&nbsp;&nbsp;&nbsp;&nbsp;&nbsp;&nbsp;&nbsp;&nbsp;CONSIDERATO<\/p>\n<p> &#8211; il traffico veicolare su via Noci, notevolmente aumentato negli ultimi anni;<\/p>\n<p style=\"text-align: justify;\">&#8211; la presenza, su via Noci, di un giardinetto comunale frequentato da bambini, ragazzi e famiglie;<\/p>\n<p style=\"text-align: justify;\">&#8211; la velocit\u00e0 elevata con cui alcuni veicoli percorrono la strada in oggetto;<\/p>\n<p style=\"text-align: justify;\">&#8211; l\u2019assenza di segnaletica stradale (strisce pedonali);<\/p>\n<p> &nbsp;&nbsp;&nbsp;&nbsp;&nbsp;&nbsp;&nbsp;&nbsp;&nbsp;&nbsp;&nbsp;&nbsp;&nbsp;&nbsp;&nbsp;&nbsp;&nbsp;&nbsp;&nbsp;&nbsp;&nbsp;&nbsp;&nbsp;&nbsp;&nbsp;&nbsp;&nbsp;&nbsp;&nbsp;&nbsp;&nbsp;&nbsp;&nbsp;&nbsp;&nbsp;&nbsp;&nbsp;&nbsp;&nbsp;&nbsp;&nbsp;&nbsp;&nbsp;&nbsp;&nbsp;&nbsp;&nbsp;&nbsp;&nbsp;&nbsp;&nbsp;&nbsp;&nbsp;&nbsp;&nbsp;&nbsp;&nbsp;&nbsp;&nbsp;&nbsp;&nbsp;&nbsp;&nbsp;&nbsp;&nbsp;&nbsp;&nbsp;&nbsp;&nbsp;&nbsp;&nbsp;&nbsp;&nbsp;&nbsp;&nbsp;&nbsp;&nbsp;&nbsp;&nbsp;&nbsp;&nbsp;&nbsp;&nbsp;&nbsp;&nbsp;&nbsp;&nbsp;&nbsp;&nbsp;&nbsp;&nbsp;&nbsp;&nbsp;&nbsp;&nbsp;&nbsp;&nbsp;&nbsp;&nbsp; VISTA<\/p>\n<p> la recente istallazione di dissuasori di velocit\u00e0 nelle strade adiacenti ai plessi scolastici, luoghi frequentati da bambini, ragazzi e famiglie;<\/p>\n<p> &nbsp;&nbsp;&nbsp;&nbsp;&nbsp;&nbsp;&nbsp;&nbsp;&nbsp;&nbsp;&nbsp;&nbsp;&nbsp;&nbsp;&nbsp;&nbsp;&nbsp;&nbsp;&nbsp;&nbsp;&nbsp;&nbsp;&nbsp;&nbsp;&nbsp;&nbsp;&nbsp;&nbsp;&nbsp;&nbsp;&nbsp;&nbsp;&nbsp;&nbsp;&nbsp;&nbsp;&nbsp;&nbsp;&nbsp;&nbsp;&nbsp;&nbsp;&nbsp;&nbsp;&nbsp;&nbsp;&nbsp;&nbsp;&nbsp;&nbsp;&nbsp;&nbsp;&nbsp;&nbsp;&nbsp;&nbsp;&nbsp;&nbsp;&nbsp;&nbsp;&nbsp;&nbsp;&nbsp;&nbsp;&nbsp;&nbsp;&nbsp;&nbsp;&nbsp;&nbsp;&nbsp;&nbsp;&nbsp;&nbsp;&nbsp;&nbsp;&nbsp;&nbsp;&nbsp;&nbsp;&nbsp;&nbsp;&nbsp;&nbsp;&nbsp;&nbsp;&nbsp;&nbsp;&nbsp;&nbsp;&nbsp;&nbsp;&nbsp;&nbsp;&nbsp;&nbsp;&nbsp; AL FINE DI<\/p>\n<p> &#8211; rendere pi\u00f9 sicuro l\u2019attraversamento pedonale in via Noci e la fruizione del giardinetto che si affaccia su tale arteria<\/p>\n<p style=\"text-align: justify;\">&#8211; indurre gli automobilisti a moderare la velocit\u00e0, in particolar modo in prossimit\u00e0 del giardinetto sopra citato<\/p>\n<p> &nbsp;&nbsp;&nbsp;&nbsp;&nbsp;&nbsp;&nbsp;&nbsp;&nbsp;&nbsp;&nbsp;&nbsp;&nbsp;&nbsp;&nbsp;&nbsp;&nbsp;&nbsp;&nbsp;&nbsp;&nbsp;&nbsp;&nbsp;&nbsp;&nbsp;&nbsp;&nbsp;&nbsp;&nbsp;&nbsp;&nbsp;&nbsp;&nbsp;&nbsp;&nbsp;&nbsp;&nbsp;&nbsp;&nbsp;&nbsp;&nbsp;&nbsp;&nbsp;&nbsp;&nbsp;&nbsp;&nbsp;&nbsp;&nbsp;&nbsp;&nbsp;&nbsp;&nbsp;&nbsp;&nbsp;&nbsp;&nbsp;&nbsp;&nbsp;&nbsp;&nbsp;&nbsp;&nbsp;&nbsp;&nbsp;&nbsp;&nbsp;&nbsp;&nbsp;&nbsp;&nbsp;&nbsp;&nbsp;&nbsp;&nbsp;&nbsp;&nbsp;&nbsp;&nbsp;&nbsp;&nbsp;&nbsp;&nbsp;&nbsp;&nbsp;&nbsp; &nbsp;&nbsp;&nbsp;&nbsp;&nbsp;&nbsp;&nbsp;&nbsp;&nbsp;&nbsp;&nbsp;&nbsp;&nbsp;&nbsp;CHIEDE<\/p>\n<p style=\"text-align: justify;\">che l\u2019Amministrazione Comunale si attivi, nel pi\u00f9 breve tempo possibile, per la messa in opera della segnaletica stradale (strisce pedonali) e per l\u2019istallazione di dissuasori di velocit\u00e0 lungo via Noci, specialmente in corrispondenza del giardino comunale presente lungo tale arteria.<\/p>\n<p style=\"text-align: justify;\">Turi, 10\/4\/2017<\/p>\n<p style=\"text-align: justify;\" align=\"right\">&nbsp;<br \/> Gruppo \u201cTuri ReVolution\u201d<br \/> <a href=\"mailto:movimento5stelleturi@gmail.com\">movimento5stelleturi@gmail.com<\/a><\/p>\n","protected":false},"excerpt":{"rendered":"<p><a title=\"IMG_20170409_123915\" href=\"https:\/\/www.flickr.com\/photos\/91470992@N02\/33882452121\/in\/dateposted-public\/\" data-flickr-embed=\"true\"><img loading=\"lazy\" decoding=\"async\" src=\"https:\/\/c1.staticflickr.com\/4\/3941\/33882452121_d54d43f0eb_n.jpg\" alt=\"IMG_20170409_123915\" width=\"320\" height=\"240\" \/><\/a><\/p>\n","protected":false},"author":1,"featured_media":0,"comment_status":"open","ping_status":"closed","sticky":false,"template":"","format":"standard","meta":{"colormag_page_container_layout":"default_layout","colormag_page_sidebar_layout":"default_layout","footnotes":""},"categories":[7],"tags":[],"class_list":["post-14676","post","type-post","status-publish","format-standard","hentry","category-attualita"],"_links":{"self":[{"href":"https:\/\/archivioturi.lavocedelpaese.info\/index.php\/wp-json\/wp\/v2\/posts\/14676","targetHints":{"allow":["GET"]}}],"collection":[{"href":"https:\/\/archivioturi.lavocedelpaese.info\/index.php\/wp-json\/wp\/v2\/posts"}],"about":[{"href":"https:\/\/archivioturi.lavocedelpaese.info\/index.php\/wp-json\/wp\/v2\/types\/post"}],"author":[{"embeddable":true,"href":"https:\/\/archivioturi.lavocedelpaese.info\/index.php\/wp-json\/wp\/v2\/users\/1"}],"replies":[{"embeddable":true,"href":"https:\/\/archivioturi.lavocedelpaese.info\/index.php\/wp-json\/wp\/v2\/comments?post=14676"}],"version-history":[{"count":0,"href":"https:\/\/archivioturi.lavocedelpaese.info\/index.php\/wp-json\/wp\/v2\/posts\/14676\/revisions"}],"wp:attachment":[{"href":"https:\/\/archivioturi.lavocedelpaese.info\/index.php\/wp-json\/wp\/v2\/media?parent=14676"}],"wp:term":[{"taxonomy":"category","embeddable":true,"href":"https:\/\/archivioturi.lavocedelpaese.info\/index.php\/wp-json\/wp\/v2\/categories?post=14676"},{"taxonomy":"post_tag","embeddable":true,"href":"https:\/\/archivioturi.lavocedelpaese.info\/index.php\/wp-json\/wp\/v2\/tags?post=14676"}],"curies":[{"name":"wp","href":"https:\/\/api.w.org\/{rel}","templated":true}]}}