{"id":14675,"date":"2017-04-19T12:35:06","date_gmt":"2017-04-19T12:35:06","guid":{"rendered":"https:\/\/archivioturi.lavocedelpaese.info\/index.php\/2017\/04\/19\/patroni-griffi-a-capo-dellautorita-portuale\/"},"modified":"2017-04-19T12:35:06","modified_gmt":"2017-04-19T12:35:06","slug":"patroni-griffi-a-capo-dellautorita-portuale","status":"publish","type":"post","link":"https:\/\/archivioturi.lavocedelpaese.info\/index.php\/2017\/04\/19\/patroni-griffi-a-capo-dellautorita-portuale\/","title":{"rendered":"Patroni Griffi a capo dell\u2019autorit\u00e0 portuale"},"content":{"rendered":"<p><a data-flickr-embed=\"true\" href=\"https:\/\/www.flickr.com\/photos\/91470992@N02\/33168553034\/in\/dateposted-public\/\" title=\"Resta e Petroni Griffi alla Fiera 2014 (dal nostro archivio)\"><img loading=\"lazy\" decoding=\"async\" src=\"https:\/\/c1.staticflickr.com\/3\/2863\/33168553034_a145fdaaba.jpg\" width=\"320\" height=\"200\" alt=\"Resta e Petroni Griffi alla Fiera 2014 (dal nostro archivio)\" \/><\/a><\/p>\n<p style=\"text-align: justify;\">Ugo Patroni Griffi \u00e8 ufficialmente il nuovo presidente dell\u2019Autorit\u00e0 del Sistema Portuale del Mare Adriatico Meridionale. Il decreto ministeriale a firma di Graziano Delrio \u00e8 stato notificato lo scorso 10 aprile 2017. L\u2019Autorit\u00e0 comprende i porti di Bari, Brindisi, Manfredonia, Barletta e Monopoli.<\/p>\n<p style=\"text-align: justify;\">Ricordiamo ai lettori del sud est barese che Griffi, ex presidente della Fiera del Levante, \u00e8 anche alla guida del Movimento Rivoluzione Metropolitana, movimento del quale il prof. Onofrio Resta (ex sindaco di Turi e gi\u00e0 assessore provinciale) \u00e8 il numero due.<\/p>\n<p style=\"text-align: justify;\">Nel marzo 2015, proprio da Turi, il Movimento cominciava a muovere i primi passi, presentandosi attraverso un convegno pubblico dal titolo \u2013 \u201cDalla Provincia di Bari all\u2019Area Metropolitana: il cambiamento\u201d \u2013 con ospiti Resta, Patroni Griffi, De Marinis, Dell\u2019Atti e tanti altri professionisti di vari ambiti, che sposavano le politiche renziani di rilancio economico e di semplificazione burocratica.<\/p>\n<p style=\"text-align: justify;\"><strong>Resta: una nomina che mette d\u2019accordo Emiliano e Renzi.<\/strong><\/p>\n<p style=\"text-align: justify;\">Il turese Resta, ai nostri microfoni si limita per ora a esprimere grande soddisfazione: \u201c\u00c8 una nomina importantissima, di grande rilievo, che \u00e8 ancor pi\u00f9 avvalorata dal fatto che mette d\u2019accordo sia Renzi che Emiliano (sfidanti alle primarie del 30 aprile per la segreteria nazionale del PD, ndr), ed \u00e8 il frutto di una condivisione\u201d.<\/p>\n<p style=\"text-align: justify;\">\u201cQuella di Patroni Griffi \u00e8 una nomina di merito, perch\u00e9 ricordiamo che ha rilanciato la Fiera del Levante, e per questo va oltre gli steccati politici, oltre che il frutto di un percorso lungo e autorevole, che dalla Regione Puglia, molti mesi fa \u2013 ricorda Resta \u2013 approda alla Camera, al Senato della Repubblica, alle Commissioni, e infine al decreto ministeriale\u201d.<\/p>\n<p style=\"text-align: justify;\">Recuperiamo dal nostro archivio fotografico uno scatto che ritrae insieme Patroni Griffi e Resta, davanti al plastico della Fiera del Levante di Bari; correva l\u2019anno 2014, quando la campionaria cambiava volto e si apriva per la prima volta a una sfida pi\u00f9 popolare e moderna, ed \u00e8 la sfida che incarna il Movimento Rivoluzione Metropolitana.<\/p>\n<p style=\"text-align: justify;\"><strong>Una nomina strategica per l\u2019economia del nostro territorio.<\/strong><\/p>\n<p style=\"text-align: justify;\">Patroni Griffi intanto ha gi\u00e0 assistito a Brindisi all\u2019apertura della stagione crocieristica, una vera manna per il nostro settore turistico; crescono i flussi portuali di turisti che fanno tappa nelle localit\u00e0 non solo di mare, ma anche con escursioni nell\u2019entroterra, anche qui a Turi dove aumentano le presenze turistiche.<\/p>\n<p style=\"text-align: justify;\">Nei prossimi giorni avverr\u00e0 il passaggio di consegne con l\u2019attuale commissario di Brindisi, il capitano di vascello Mario Valente, che lascia l\u2019incarico presso l\u2019Autorit\u00e0 portuale di Brindisi. Patroni Griffi eredita un prezioso documento programmatico dell\u2019Area Logistica Integrata pugliese-lucano, per continuare a \u2018navigare\u2019 in un futuro roseo per l\u2019Autorit\u00e0 Portuale. Sar\u00e0 incentivato e favorito ulteriormente l\u2019ingresso di navi da crociera.<\/p>\n<p style=\"text-align: justify;\">\u201cSono certo \u2013 assicura il commissario Valente \u2013 che il presidente Ugo Patroni Griffi, a cui rivolgo il mio pi\u00f9 caloroso augurio di buon lavoro, sapr\u00e0 valorizzare in maniera esponenziale il porto nell\u2019ambito dell\u2019AdSP del Mare Adriatico Meridionale, a beneficio dei traffici e dell\u2019\u2019economia dell\u2019intero territorio\u201d.<\/p>\n","protected":false},"excerpt":{"rendered":"<p><a data-flickr-embed=\"true\" href=\"https:\/\/www.flickr.com\/photos\/91470992@N02\/33168553034\/in\/dateposted-public\/\" title=\"Resta e Petroni Griffi alla Fiera 2014 (dal nostro archivio)\"><img loading=\"lazy\" decoding=\"async\" src=\"https:\/\/c1.staticflickr.com\/3\/2863\/33168553034_a145fdaaba.jpg\" width=\"320\" height=\"200\" alt=\"Resta e Petroni Griffi alla Fiera 2014 (dal nostro archivio)\" \/><\/a><\/p>\n","protected":false},"author":1,"featured_media":0,"comment_status":"open","ping_status":"closed","sticky":false,"template":"","format":"standard","meta":{"colormag_page_container_layout":"default_layout","colormag_page_sidebar_layout":"default_layout","footnotes":""},"categories":[4],"tags":[],"class_list":["post-14675","post","type-post","status-publish","format-standard","hentry","category-politica"],"_links":{"self":[{"href":"https:\/\/archivioturi.lavocedelpaese.info\/index.php\/wp-json\/wp\/v2\/posts\/14675","targetHints":{"allow":["GET"]}}],"collection":[{"href":"https:\/\/archivioturi.lavocedelpaese.info\/index.php\/wp-json\/wp\/v2\/posts"}],"about":[{"href":"https:\/\/archivioturi.lavocedelpaese.info\/index.php\/wp-json\/wp\/v2\/types\/post"}],"author":[{"embeddable":true,"href":"https:\/\/archivioturi.lavocedelpaese.info\/index.php\/wp-json\/wp\/v2\/users\/1"}],"replies":[{"embeddable":true,"href":"https:\/\/archivioturi.lavocedelpaese.info\/index.php\/wp-json\/wp\/v2\/comments?post=14675"}],"version-history":[{"count":0,"href":"https:\/\/archivioturi.lavocedelpaese.info\/index.php\/wp-json\/wp\/v2\/posts\/14675\/revisions"}],"wp:attachment":[{"href":"https:\/\/archivioturi.lavocedelpaese.info\/index.php\/wp-json\/wp\/v2\/media?parent=14675"}],"wp:term":[{"taxonomy":"category","embeddable":true,"href":"https:\/\/archivioturi.lavocedelpaese.info\/index.php\/wp-json\/wp\/v2\/categories?post=14675"},{"taxonomy":"post_tag","embeddable":true,"href":"https:\/\/archivioturi.lavocedelpaese.info\/index.php\/wp-json\/wp\/v2\/tags?post=14675"}],"curies":[{"name":"wp","href":"https:\/\/api.w.org\/{rel}","templated":true}]}}