{"id":14674,"date":"2017-04-17T15:29:10","date_gmt":"2017-04-17T15:29:10","guid":{"rendered":"https:\/\/archivioturi.lavocedelpaese.info\/index.php\/2017\/04\/17\/mensa-a-scuola-terza-ammonizione-per-la-ditta-ladisa\/"},"modified":"2017-04-17T15:29:10","modified_gmt":"2017-04-17T15:29:10","slug":"mensa-a-scuola-terza-ammonizione-per-la-ditta-ladisa","status":"publish","type":"post","link":"https:\/\/archivioturi.lavocedelpaese.info\/index.php\/2017\/04\/17\/mensa-a-scuola-terza-ammonizione-per-la-ditta-ladisa\/","title":{"rendered":"Mensa a scuola: terza ammonizione per la ditta Ladisa"},"content":{"rendered":"<p><img loading=\"lazy\" decoding=\"async\" src=\"https:\/\/c1.staticflickr.com\/3\/2934\/33626284290_59a642a09b_n.jpg\" width=\"319\" height=\"220\" alt=\"L'assessore Caldararo ha scritto alla Asl\" \/><\/p>\n<p style=\"text-align: justify;\">Marted\u00ec 11 aprile, \u00e8 giunta a Palazzo di Citt\u00e0 la risposta alla contestazione di addebito con terza ammonizione (multa) per la ditta Ladisa che si occupa del servizio di refezione scolastica. L\u2019ammonizione era stata giustamente condivisa dall\u2019assessore alla Pubblica Istruzione, Giusy Caldararo, dopo alcune anomalie riscontrate a seguito di un sopralluogo della Commissione Mensa, datato 29 marzo, nelle cucine della Scuola \u201cDon Tonino Bello\u201d di Turi.<\/p>\n<p style=\"text-align: justify;\"><strong>Le anomali emerse<\/strong><\/p>\n<p style=\"text-align: justify;\">Dal sopralluogo sono emerse due anomalie: 1) confezione di 560 grammi di carne suina di macellazione in Germania; 2) confezioni in dispensa di lenticchie rosse originarie del Canada.<\/p>\n<p style=\"text-align: justify;\">L\u2019assessore Caldararo, appena ricevuto il verbale del sopralluogo, nel pomeriggio stesso, ha chiesto alla presidente di Commissione, Emma Manghisi come mai non avesse contattato subito l\u2019ASL, come avvenne nei precedenti casi, come quello dell\u2019arancia e del vermetto nel panino. Si poteva bloccare immediatamente.<\/p>\n<p style=\"text-align: justify;\">Sar\u00e0 stata l\u2019inesperienza? Forse non ci avevano pensato? Sta di fatto che il 30 marzo di mattina, l\u2019assessore ha inviato tramite pec la contestazione di addebito nei confronti della ditta Ladisa (con multa pari a 100 euro), la terza ammonizione, che potrebbe essere come il doppio cartellino giallo che vale l\u2019espulsione.<\/p>\n<p style=\"text-align: justify;\">La Caldararo nel frattempo ha informato la ASL (<em>Dipartimento di Prevenzione Veterinario)<\/em><em> <\/em>trattandosi anche di carni, richiedendo un sopralluogo, non ancora avvenuto, e che potrebbe scattare a sorpresa.<\/p>\n<p style=\"text-align: justify;\"><strong>Le risposte della ditta Ladisa<\/strong><\/p>\n<p style=\"text-align: justify;\">Marted\u00ec 11 aprile dunque \u00e8 arrivata la risposta della ditta Ladisa che spiega:<\/p>\n<p style=\"text-align: justify;\">1) In merito alle carni suine della Germania, queste non erano destinate alla refezione scolastica, bens\u00ec al confezionamento pasti per gli anziani indigenti (pasto gratuito) in sostituzione del prosciutto cotto. Questa circostanza sarebbe stata spiegata alla Commissione Mensa durante il sopralluogo, ma stranamente non \u00e8 stata riportata nel verbale;<\/p>\n<p style=\"text-align: justify;\">2) Quanto alle lenticchie conservate in dispensa e non somministrate, Ladisa spiega che si tratta di una fornitura errata, tanto \u00e8 vero che il prodotto \u00e8 stato sostituito con lenticchie di Altamura somministrate il giorno 31 marzo.<\/p>\n<p style=\"text-align: justify;\">Ladisa chiede pertanto di non considerare questi casi come inadempienze, evitando cos\u00ec la terza ammonizione.<\/p>\n<p style=\"text-align: justify;\"><strong>Un nuovo bando mensa?<\/strong><\/p>\n<p style=\"text-align: justify;\">Intanto, in queste ore la maggioranza di Coppi valuter\u00e0 il da farsi: se \u00e8 il caso di prolungare il contratto di un altro anno alla Ladisa, o al contrario, una volta concluso il servizio, pubblicare un nuovo bando di gara aperto ad altre ditte.<\/p>\n<p style=\"text-align: justify;\">E si lavora anche per i parcheggi della Scuola di Via Mola; tra le altre cose, l\u2019assessore Caldararo ha chiesto almeno un posto auto in pi\u00f9 per i disabili, da aggiungere all\u2019unico posto fatto inserire dalla collega ai Lavori Pubblici. La Caldararo sta affrontando anche il problema dell\u2019uscita mezzi e scuolabus dal parcheggio, e relativa sicurezza per i bambini.&nbsp;<\/p>\n","protected":false},"excerpt":{"rendered":"<p><img loading=\"lazy\" decoding=\"async\" src=\"https:\/\/c1.staticflickr.com\/3\/2934\/33626284290_59a642a09b_n.jpg\" width=\"319\" height=\"220\" alt=\"L'assessore Caldararo ha scritto alla Asl\" \/><\/p>\n","protected":false},"author":1,"featured_media":0,"comment_status":"open","ping_status":"closed","sticky":false,"template":"","format":"standard","meta":{"colormag_page_container_layout":"default_layout","colormag_page_sidebar_layout":"default_layout","footnotes":""},"categories":[4],"tags":[],"class_list":["post-14674","post","type-post","status-publish","format-standard","hentry","category-politica"],"_links":{"self":[{"href":"https:\/\/archivioturi.lavocedelpaese.info\/index.php\/wp-json\/wp\/v2\/posts\/14674","targetHints":{"allow":["GET"]}}],"collection":[{"href":"https:\/\/archivioturi.lavocedelpaese.info\/index.php\/wp-json\/wp\/v2\/posts"}],"about":[{"href":"https:\/\/archivioturi.lavocedelpaese.info\/index.php\/wp-json\/wp\/v2\/types\/post"}],"author":[{"embeddable":true,"href":"https:\/\/archivioturi.lavocedelpaese.info\/index.php\/wp-json\/wp\/v2\/users\/1"}],"replies":[{"embeddable":true,"href":"https:\/\/archivioturi.lavocedelpaese.info\/index.php\/wp-json\/wp\/v2\/comments?post=14674"}],"version-history":[{"count":0,"href":"https:\/\/archivioturi.lavocedelpaese.info\/index.php\/wp-json\/wp\/v2\/posts\/14674\/revisions"}],"wp:attachment":[{"href":"https:\/\/archivioturi.lavocedelpaese.info\/index.php\/wp-json\/wp\/v2\/media?parent=14674"}],"wp:term":[{"taxonomy":"category","embeddable":true,"href":"https:\/\/archivioturi.lavocedelpaese.info\/index.php\/wp-json\/wp\/v2\/categories?post=14674"},{"taxonomy":"post_tag","embeddable":true,"href":"https:\/\/archivioturi.lavocedelpaese.info\/index.php\/wp-json\/wp\/v2\/tags?post=14674"}],"curies":[{"name":"wp","href":"https:\/\/api.w.org\/{rel}","templated":true}]}}