{"id":14660,"date":"2017-04-10T13:14:31","date_gmt":"2017-04-10T13:14:31","guid":{"rendered":"https:\/\/archivioturi.lavocedelpaese.info\/index.php\/2017\/04\/10\/percorsi-in-musica-per-i-deva-projec\/"},"modified":"2017-04-10T13:14:31","modified_gmt":"2017-04-10T13:14:31","slug":"percorsi-in-musica-per-i-deva-projec","status":"publish","type":"post","link":"https:\/\/archivioturi.lavocedelpaese.info\/index.php\/2017\/04\/10\/percorsi-in-musica-per-i-deva-projec\/","title":{"rendered":"Percorsi in musica\u2026 per i Deva Projec"},"content":{"rendered":"<p><img loading=\"lazy\" decoding=\"async\" src=\"https:\/\/c1.staticflickr.com\/3\/2819\/33079177453_0109e0c33e_n.jpg\" alt=\"I Deva Project\" width=\"320\" height=\"240\" \/><\/p>\n<p><img loading=\"lazy\" decoding=\"async\" style=\"float: right;\" src=\"https:\/\/c1.staticflickr.com\/3\/2882\/33079180173_97b6e0d3b6_n.jpg\" alt=\"La copertina della compilation\" width=\"320\" height=\"320\" \/><\/p>\n<p style=\"text-align: justify;\">Ogni suono \u00e8 una scoperta, ogni nota \u00e8 un incontro con la propria anima.<\/p>\n<p style=\"text-align: justify;\">Torniamo a parlare di lui, di Michele Jamil Marzella che oggi torna a farsi ascoltare e questa volta \u201csi fa in tre\u201d, presentando il suo incontro e legame musicale con Nikaleo e Piero Ancona. Infatti, in attesa della pubblicazione del nuovo videoclip del singolo del prossimo maggio, i \u201cDeva Project\u201d, si presentano al panorama artistico nazionale e mondiale con due intensi brani raccolti nella importante compilation, <strong>\u201cC\u00f4te d\u2019Azur\u201d<\/strong> di Papa DJ. La splendida raccolta \u00e8 stata concepita e prodotta da Lelio D&#8217;aprile e Matteo Tateo per la Redland Music, che ringraziamo, e sar\u00e0 distribuita nel mese di maggio su etichetta discografica Halidon.<\/p>\n<p style=\"text-align: justify;\">La produzione, di particolare fascino, vanta la presenza di artisti del panorama nazionale ed internazionale tra i pi\u00f9 rappresentativi della World-Music, con la grande maestria di Donato Papadj Papadia famoso dj del Buddha Bar Montecarlo.<\/p>\n<p style=\"text-align: justify;\">Non \u00e8 la prima volta che il musicista turese entra in una raccolta, cos\u00ec selettiva e cos\u00ec raffinata, come quelle di Papa Dj, che riassume, nelle sue tracce, brani in grado di ricercare e donare misticismo e sogno ma \u00e8 sicuramente una novit\u00e0 quella del suo incontro e fusione musicale con altri artisti dando vita ad un progetto di musica che lascer\u00e0 sicuramente il segno nell\u2019anima e nei cuori di tanti.<\/p>\n<p style=\"text-align: justify;\">\u201cDa qualche tempo stavo lavorando ad un progetto e sin dalle prime battute ho incontrato due colleghi, Nikaleo (Veronica Palmisano) e Piero Ancona con i quali siamo entrati presto in sintonia. A loro ho comunicato il mio mondo, la mia spiritualit\u00e0 e presto da questa intesa \u00e8 nata una Musica, una magia\u2026.\u201d<\/p>\n<p style=\"text-align: justify;\">Era solo un esperimento, poi si \u00e8 trasformato in un cd. \u201cCi siamo dati un nome \u201cDeva\u201d, che nell\u2019ambito induista rappresenta la dea per eccellenza della devozione. Non vogliamo per\u00f2 dare un taglio prettamente spirituale, ma la nostra \u00e8 devozione al suono, un messaggio che diviene universale per tutti. Da questo, <strong>\u201cDeva Project\u201d<\/strong>, che, presto ha dato vita a brani che verranno raccolti in un disco di futura uscita. Gli stessi brani, anzi, due brani, hanno trovato una naturale collocazione nel \u201cC\u00f4te d\u2019Azur\u201d prodotta da Lelio D&#8217;aprile e Matteo Tateo per la Redland Music, che uscir\u00e0 a maggio, ed avr\u00e0 una tiratura internazionale. Con loro, artisti nazionali ed internazionali, diretti, tutti, da Papa Dj di Radio Monte Carlo\u201d.<\/p>\n<p><img loading=\"lazy\" decoding=\"async\" src=\"https:\/\/c1.staticflickr.com\/3\/2924\/33507565490_01f1600bd5_n.jpg\" alt=\"Prima delle riprese\" width=\"240\" height=\"320\" style=\"float: left;\" \/><\/p>\n<p style=\"text-align: justify;\">\u201cDeva Project\u201d, per\u00f2 \u00e8 anche ricerca, studio, nuove strade e nuovi percorsi. infatti \u201csaremo presenti, come lo scorso anno, con \u201cTv Sorrisi e Canzoni\u201d, in <strong>\u201cPizzica la Taranta\u201d<\/strong> e per questo ci siamo cimentati in una pizzica. Nessuno di noi aveva mai percorso la strada della musica popolare, ma abbiamo voluto unire le nostre esperienze musicali con la nostra tradizione e le nostre radici territoriali. Da questo incontro \u00e8 venuto fuori il brano che sar\u00e0 possibile ascoltare nella raccolta \u201cPizzica la Taranta!\u201d.<\/p>\n<p style=\"text-align: justify;\">E tra un brano e una nuova ricerca musicale, dalla mattinata di ieri, gioved\u00ec 6 aprile, i \u201cDeva Project\u201d avviano le riprese del loro singolo.<strong> \u201cPresente\u201d<\/strong> \u00e8 il nome del brano che funger\u00e0 da biglietto da visita del neo nato gruppo. \u00c8 una contaminazione di suoni, tra elettronica, trombone e voce e, senza svelare i particolari, promettono di stupire. \u201cSar\u00e0 ci\u00f2 che ognuno di noi immagina di essere. Vogliamo portare lo spettatore in un sogno\u201d \u2013 aggiunge Marzella euforico e carico di adrenalina per questo nuovo momento che sta iniziando. Le riprese saranno sviluppate in diverse location turesi &#8211; \u201cperch\u00e9, nonostante non sia nato a Turi, amo questo paese, questo territorio\u201d &#8211; a cura di Alma Film con Romualdo Pecorella e fotografia di Valentina Pavone. Ma cosa significa \u201cPresente\u201d? \u201cSaremo presenti a noi stessi in un mondo in cui crollano le certezze, in cui crollano le illusioni, in un mondo in cui bisogna vivere il quid ed ora, il Presente. Bisogna abbandonare il passato, vivere il presente per poter vivere meglio il futuro, portando i ricordi del passato\u201d.<\/p>\n<p style=\"text-align: justify;\">\u201cMi auguro \u2013 invita il musicista turese \u2013 che qualcuno, tra associazioni o cittadini, voglia poi darci asilo per proiettare il video del nostro singolo che uscir\u00e0 a maggio, in concomitanza con l\u2019uscita di \u201cC\u00f4te d\u2019Azur\u201d e racchiude tutto il mio amore non solo per la musica, ma anche per il territorio e la terra in cui vivo\u201d.<\/p>\n","protected":false},"excerpt":{"rendered":"<p><img loading=\"lazy\" decoding=\"async\" src=\"https:\/\/c1.staticflickr.com\/3\/2819\/33079177453_0109e0c33e_n.jpg\" alt=\"I Deva Project\" width=\"320\" height=\"240\" \/><\/p>\n","protected":false},"author":1,"featured_media":0,"comment_status":"open","ping_status":"closed","sticky":false,"template":"","format":"standard","meta":{"colormag_page_container_layout":"default_layout","colormag_page_sidebar_layout":"default_layout","footnotes":""},"categories":[6],"tags":[],"class_list":["post-14660","post","type-post","status-publish","format-standard","hentry","category-cultura"],"_links":{"self":[{"href":"https:\/\/archivioturi.lavocedelpaese.info\/index.php\/wp-json\/wp\/v2\/posts\/14660","targetHints":{"allow":["GET"]}}],"collection":[{"href":"https:\/\/archivioturi.lavocedelpaese.info\/index.php\/wp-json\/wp\/v2\/posts"}],"about":[{"href":"https:\/\/archivioturi.lavocedelpaese.info\/index.php\/wp-json\/wp\/v2\/types\/post"}],"author":[{"embeddable":true,"href":"https:\/\/archivioturi.lavocedelpaese.info\/index.php\/wp-json\/wp\/v2\/users\/1"}],"replies":[{"embeddable":true,"href":"https:\/\/archivioturi.lavocedelpaese.info\/index.php\/wp-json\/wp\/v2\/comments?post=14660"}],"version-history":[{"count":0,"href":"https:\/\/archivioturi.lavocedelpaese.info\/index.php\/wp-json\/wp\/v2\/posts\/14660\/revisions"}],"wp:attachment":[{"href":"https:\/\/archivioturi.lavocedelpaese.info\/index.php\/wp-json\/wp\/v2\/media?parent=14660"}],"wp:term":[{"taxonomy":"category","embeddable":true,"href":"https:\/\/archivioturi.lavocedelpaese.info\/index.php\/wp-json\/wp\/v2\/categories?post=14660"},{"taxonomy":"post_tag","embeddable":true,"href":"https:\/\/archivioturi.lavocedelpaese.info\/index.php\/wp-json\/wp\/v2\/tags?post=14660"}],"curies":[{"name":"wp","href":"https:\/\/api.w.org\/{rel}","templated":true}]}}