{"id":14657,"date":"2017-04-11T12:27:44","date_gmt":"2017-04-11T12:27:44","guid":{"rendered":"https:\/\/archivioturi.lavocedelpaese.info\/index.php\/2017\/04\/11\/il-nostro-albero-blu\/"},"modified":"2017-04-11T12:27:44","modified_gmt":"2017-04-11T12:27:44","slug":"il-nostro-albero-blu","status":"publish","type":"post","link":"https:\/\/archivioturi.lavocedelpaese.info\/index.php\/2017\/04\/11\/il-nostro-albero-blu\/","title":{"rendered":"Il nostro albero blu"},"content":{"rendered":"<p><img loading=\"lazy\" decoding=\"async\" src=\"https:\/\/c1.staticflickr.com\/3\/2942\/33507149350_aac5f2eed7_n.jpg\" alt=\"WP_20170322_003\" width=\"320\" height=\"305\" \/><\/p>\n<p style=\"text-align: justify;\">Come simbolo della&nbsp; Giornata Mondiale della Consapevolezza sull\u2019Autismo del 2 aprile 2017, l\u2019 Istituto \u201cResta \u2013 De Donato Giannini\u201d ha scelto l\u2019albero della vita e\u2026. lo ha tinto di blu.<\/p>\n<p style=\"text-align: justify;\">Festeggiando questa giornata \u00e8 stato accolto l\u2019invito del Ministero dell\u2019Istruzione a promuovere iniziative di conoscenza sul tema.<\/p>\n<p><a title=\"IMG-20170405-WA0007\" href=\"https:\/\/www.flickr.com\/photos\/91470992@N02\/33892024615\/in\/dateposted-public\/\" data-flickr-embed=\"true\"><img loading=\"lazy\" decoding=\"async\" src=\"https:\/\/c1.staticflickr.com\/3\/2843\/33892024615_e1142efafa_n.jpg\" alt=\"IMG-20170405-WA0007\" width=\"240\" height=\"320\" style=\"float: right;\" \/><\/a><\/p>\n<p style=\"text-align: justify;\">Gli studenti dei tre gradi di scolarizzazione si sono preparati all\u2019evento nella settimana precedente alla data: nell\u2019ambito del laboratorio di inclusione \u201c(Manu) Fatti col cuore\u201d, sono stati disegnati grandi alberi blu e sono state realizzate le parti essenziali di segnalibri che riportano frasi significative quali \u201cNon si vede che con il cuore. L\u2019essenziale \u00e8 invisibile agli occhi\u201d e \u201cIl silenzio fa rumore quando \u00e8 il cuore a parlare\u201d.<\/p>\n<p style=\"text-align: justify;\">Il 3 aprile \u00e8 stato dato il via alle attivit\u00e0, coinvolgendo tutte le classi: video sul tema con riflessioni, completamento dei segnalibro, decorazione degli alberi e discussione sulla simbologia dell\u2019albero.<\/p>\n<p style=\"text-align: justify;\">L\u2019albero costituisce un\u2019immagine universale, simbolo di un percorso inteso come processo di crescita e di evoluzione; racchiude nella sua essenza il concetto stesso della vita: il minuscolo seme cade per terra, il tempo e l&#8217;acqua fanno il loro corso ed ecco che la pianta inizia ad espandersi, svilupparsi e propagarsi, divenendo sempre pi\u00f9 florida e generosa, producendo anch&#8217;essa nuovi semi che, a loro volta, genereranno un nuovo e rigoglioso ciclo vitale, in un continuo fluire che lo rende immortale nel suo processo di crescita ed evoluzione.<\/p>\n<p style=\"text-align: justify;\">Sicuramente, l&#8217;albero si presta ad essere paragonato ad ogni tipo di struttura che comporti evoluzione e progresso, si pensi alla famiglia e alla societ\u00e0 in genere.&nbsp; Per questo lo consideriamo &nbsp;simbolo di questa nostra comunit\u00e0 perch\u00e9 una societ\u00e0 in crescita si nutre di \u201ccielo\u201d e di \u201cterra\u201d, protende i suoi rami verso l\u2019infinito e spesso verso l\u2019ignoto, accoglie nella sua chioma tutti fiori e tutti i frutti, lascia cadere semi di speranza, di solidariet\u00e0, di amore perch\u00e9 nasca altra vita. Nella nostra comunit\u00e0 ogni classe \u00e8 un piccolo albero, una piccola vita. Ogni componente della classe \u00e8 uno dei suoi rami che contribuisce al ciclo vitale.<\/p>\n<p style=\"text-align: justify;\">&nbsp;E cos\u00ec, questa giornata diventa occasione per parlare sia di una sindrome che riguarda l\u2019intera morfologia della persona e che interessa ogni aspetto del suo essere, sia dell\u2019importanza che ognuno di noi ricopre nella comunit\u00e0 a cui appartiene e per sensibilizzare all\u2019uguaglianza nella diversit\u00e0: ogni ramo disegnato sui segnalibro \u00e8 diverso dall\u2019altro, ma tutti insieme formano la chioma dell\u2019albero.<\/p>\n<p style=\"text-align: right;\" align=\"right\"><strong>Rita Romito<\/strong><\/p>\n","protected":false},"excerpt":{"rendered":"<p><img loading=\"lazy\" decoding=\"async\" src=\"https:\/\/c1.staticflickr.com\/3\/2942\/33507149350_aac5f2eed7_n.jpg\" alt=\"WP_20170322_003\" width=\"320\" height=\"305\" \/><\/p>\n","protected":false},"author":1,"featured_media":0,"comment_status":"open","ping_status":"closed","sticky":false,"template":"","format":"standard","meta":{"colormag_page_container_layout":"default_layout","colormag_page_sidebar_layout":"default_layout","footnotes":""},"categories":[6],"tags":[],"class_list":["post-14657","post","type-post","status-publish","format-standard","hentry","category-cultura"],"_links":{"self":[{"href":"https:\/\/archivioturi.lavocedelpaese.info\/index.php\/wp-json\/wp\/v2\/posts\/14657","targetHints":{"allow":["GET"]}}],"collection":[{"href":"https:\/\/archivioturi.lavocedelpaese.info\/index.php\/wp-json\/wp\/v2\/posts"}],"about":[{"href":"https:\/\/archivioturi.lavocedelpaese.info\/index.php\/wp-json\/wp\/v2\/types\/post"}],"author":[{"embeddable":true,"href":"https:\/\/archivioturi.lavocedelpaese.info\/index.php\/wp-json\/wp\/v2\/users\/1"}],"replies":[{"embeddable":true,"href":"https:\/\/archivioturi.lavocedelpaese.info\/index.php\/wp-json\/wp\/v2\/comments?post=14657"}],"version-history":[{"count":0,"href":"https:\/\/archivioturi.lavocedelpaese.info\/index.php\/wp-json\/wp\/v2\/posts\/14657\/revisions"}],"wp:attachment":[{"href":"https:\/\/archivioturi.lavocedelpaese.info\/index.php\/wp-json\/wp\/v2\/media?parent=14657"}],"wp:term":[{"taxonomy":"category","embeddable":true,"href":"https:\/\/archivioturi.lavocedelpaese.info\/index.php\/wp-json\/wp\/v2\/categories?post=14657"},{"taxonomy":"post_tag","embeddable":true,"href":"https:\/\/archivioturi.lavocedelpaese.info\/index.php\/wp-json\/wp\/v2\/tags?post=14657"}],"curies":[{"name":"wp","href":"https:\/\/api.w.org\/{rel}","templated":true}]}}