{"id":14648,"date":"2017-04-10T13:24:41","date_gmt":"2017-04-10T13:24:41","guid":{"rendered":"https:\/\/archivioturi.lavocedelpaese.info\/index.php\/2017\/04\/10\/il-carcere-di-turi-e-poco-sicuro\/"},"modified":"2017-04-10T13:24:41","modified_gmt":"2017-04-10T13:24:41","slug":"il-carcere-di-turi-e-poco-sicuro","status":"publish","type":"post","link":"https:\/\/archivioturi.lavocedelpaese.info\/index.php\/2017\/04\/10\/il-carcere-di-turi-e-poco-sicuro\/","title":{"rendered":"Il carcere di Turi \u00e8 poco sicuro"},"content":{"rendered":"<p><a data-flickr-embed=\"true\" href=\"https:\/\/www.flickr.com\/photos\/91470992@N02\/33889338415\/in\/dateposted-public\/\" title=\"Carcere di Turi\"><img loading=\"lazy\" decoding=\"async\" src=\"https:\/\/c1.staticflickr.com\/4\/3953\/33889338415_4bf56691d8_m.jpg\" width=\"180\" height=\"240\" alt=\"Carcere di Turi\" \/><\/a><\/p>\n<p style=\"text-align: justify;\">Porta la data dello scorso 29 marzo la lettera sottoscritta dal Vice Segretario Regionale Vito Moretti, del Coordinamento Sindacale Penitenziario di Puglia. La comunicazione elenca in maniera puntuale le moltissime &#8220;pecche&#8221; della casa circondariale di Turi, problemi che si riscontrano da anni sia a livello strutturale che a livello di sicurezza, sulla cui risoluzione i vertici competenti non sono mai adeguatamente intervenuti.<\/p>\n<p style=\"text-align: justify;\"><strong>Carenze strutturali.&nbsp; <\/strong>Non serve certo un sopralluogo con tecnici ed esperti per riscontrare che il carcere \u00e8 in uno stato di allerta <em>in primis<\/em> per quanto riguarda la struttura. Come si legge nella lettera, le pareti necessitano di un&#8217;urgente tinteggiatura, l&#8217;arredamento risulta completamente usurato e distrutto. Ma lo stato di degrado \u00e8 cos\u00ec avanzato da non applicare neppure le pi\u00f9 elementari norme di igiene: le finestre infatti sono piene di escrementi di volatili che continuano a nidificare sui cornicioni, generando un odore a dir poco nauseabondo.<\/p>\n<p style=\"text-align: justify;\"><strong>Scarsa sicurezza. <\/strong>La nota del sindacalista Moretti contesta inoltre la scarsissima sicurezza, che in una struttura di quel genere dovrebbe essere la priorit\u00e0, relativa in particolare alla prima e alla seconda sezione detentiva. I problemi maggiori sembrano essere due: la mancanza dei cancelli di sbarramento che isolino i poliziotti penitenziari dai detenuti e la&nbsp; questione del locale docce che nella prima sezione non funziona. Per questa ragione, la mattina e il pomeriggio, gruppi di detenuti della prima sezione devono attraversare un corridoio per poter fare la doccia presso il locale adibito della seconda sezione. Un rischio quotidiano davvero troppo grande.<\/p>\n<p style=\"text-align: justify;\">Non mancano difficolt\u00e0 anche in merito alle operazioni di sorveglianza a causa della mancanza di personale, circostanza che costringe &nbsp;gli agenti in turno a a diventare &#8220;sentinelle tuttofare&#8221;. Si legge infatti nel testo della lettera: \u00abla sentinella deve espletare servizio, in quattro o cinque postazioni lavorative contemporaneamente che qui vi elenco: 1) garitta 1; 2) garitta 2; 3) garitta 3; 4) passeggio detenuti [&#8230;]; 5) vigilanza del campo sportivo&#8221;.<\/p>\n<p style=\"text-align: justify;\"><strong>Videosorveglianza. <\/strong>In ultimo, viene sottolineto che il servizio di videosorveglianza notturno non sostituisce certo delle vere sentinelle: \u00abLa videosorveglianza non risolve affatto la mancanza di personale, quindi sarebbe opportuno e\/o preferibile che gli addetti alle sezioni detentive rimangano nelle loro postazioni lavorative fisse; meglio avere un agente sul piano che un servizio di ronda (l\u2019agente sul piano riesce a percepire il minimo rumore, soprattutto una chiamata notturna in caso di malore [&#8230;]\u00bb.<\/p>\n<p style=\"text-align: justify;\">Ci\u00f2 che davvero serve, dunque, \u00e8 un incremento di personale all&#8217;interno della struttura. &nbsp;La comunicazione ufficiale del dott. Moretti pone l&#8217;accento su una realt\u00e0 drammatica e che riguarda non solo Turi ma un po&#8217; tutta l&#8217;Italia: dal sud al nord, la mancanza del personale penitenziario si configura come una grande e grave emergenza di cui si parla sempre troppo poco.<\/p>\n","protected":false},"excerpt":{"rendered":"<p><a data-flickr-embed=\"true\" href=\"https:\/\/www.flickr.com\/photos\/91470992@N02\/33889338415\/in\/dateposted-public\/\" title=\"Carcere di Turi\"><img loading=\"lazy\" decoding=\"async\" src=\"https:\/\/c1.staticflickr.com\/4\/3953\/33889338415_4bf56691d8_m.jpg\" width=\"180\" height=\"240\" alt=\"Carcere di Turi\" \/><\/a><\/p>\n","protected":false},"author":1,"featured_media":0,"comment_status":"open","ping_status":"closed","sticky":false,"template":"","format":"standard","meta":{"colormag_page_container_layout":"default_layout","colormag_page_sidebar_layout":"default_layout","footnotes":""},"categories":[7],"tags":[],"class_list":["post-14648","post","type-post","status-publish","format-standard","hentry","category-attualita"],"_links":{"self":[{"href":"https:\/\/archivioturi.lavocedelpaese.info\/index.php\/wp-json\/wp\/v2\/posts\/14648","targetHints":{"allow":["GET"]}}],"collection":[{"href":"https:\/\/archivioturi.lavocedelpaese.info\/index.php\/wp-json\/wp\/v2\/posts"}],"about":[{"href":"https:\/\/archivioturi.lavocedelpaese.info\/index.php\/wp-json\/wp\/v2\/types\/post"}],"author":[{"embeddable":true,"href":"https:\/\/archivioturi.lavocedelpaese.info\/index.php\/wp-json\/wp\/v2\/users\/1"}],"replies":[{"embeddable":true,"href":"https:\/\/archivioturi.lavocedelpaese.info\/index.php\/wp-json\/wp\/v2\/comments?post=14648"}],"version-history":[{"count":0,"href":"https:\/\/archivioturi.lavocedelpaese.info\/index.php\/wp-json\/wp\/v2\/posts\/14648\/revisions"}],"wp:attachment":[{"href":"https:\/\/archivioturi.lavocedelpaese.info\/index.php\/wp-json\/wp\/v2\/media?parent=14648"}],"wp:term":[{"taxonomy":"category","embeddable":true,"href":"https:\/\/archivioturi.lavocedelpaese.info\/index.php\/wp-json\/wp\/v2\/categories?post=14648"},{"taxonomy":"post_tag","embeddable":true,"href":"https:\/\/archivioturi.lavocedelpaese.info\/index.php\/wp-json\/wp\/v2\/tags?post=14648"}],"curies":[{"name":"wp","href":"https:\/\/api.w.org\/{rel}","templated":true}]}}