{"id":14617,"date":"2017-03-27T14:16:01","date_gmt":"2017-03-27T14:16:01","guid":{"rendered":"https:\/\/archivioturi.lavocedelpaese.info\/index.php\/2017\/03\/27\/maria-elena-didonna-approda-al-romanzo\/"},"modified":"2017-03-27T14:16:01","modified_gmt":"2017-03-27T14:16:01","slug":"maria-elena-didonna-approda-al-romanzo","status":"publish","type":"post","link":"https:\/\/archivioturi.lavocedelpaese.info\/index.php\/2017\/03\/27\/maria-elena-didonna-approda-al-romanzo\/","title":{"rendered":"Maria Elena Didonna approda al romanzo"},"content":{"rendered":"<p style=\"text-align: justify;\"><img loading=\"lazy\" decoding=\"async\" src=\"https:\/\/c1.staticflickr.com\/4\/3720\/32864910983_4e44e8ed18_n.jpg\" alt=\"Elena Didonna\" width=\"218\" height=\"320\" \/><\/p>\n<p style=\"text-align: justify;\">Letture, scritture, analisi dell&#8217;anima, riflessioni. Dalla poesia al testo narrativo la strada \u00e8 stata breve, almeno in apparenza e per noi fruitori ed appassionati lettori. Per lei, \u00e8 un percorso in crescita, una strada in ascesa che sicuramente la porteranno a grandi e nuovi orizzonti letterari. Parliamo di Maria Elena Didonna, classe 1988, giovanissima autrice turese che ritorna nelle librerie con il suo primo romanzo &#8220;Sh\u00ecran. In memoria dell&#8217;Alba Vivente&#8221;.<\/p>\n<p style=\"text-align: justify;\">L&#8217;abbiamo incontrata per esprimere i nostri auguri e nell&#8217;occasione le abbiamo fatto qualche domanda.<strong><\/strong><\/p>\n<p><img loading=\"lazy\" decoding=\"async\" src=\"https:\/\/c1.staticflickr.com\/4\/3853\/33548735711_9fa678b113_z.jpg\" alt=\"Shiran\" width=\"424\" height=\"640\" style=\"float: right;\" \/><\/p>\n<p style=\"text-align: justify;\"><strong>Da questa settimana \u00e8 disponibile il tuo nuovo lavoro letterario: Sh\u00ecran&#8230; di cosa parla questo romanzo?<\/strong><\/p>\n<p style=\"text-align: justify;\">&#8220;Sh\u00ecran \u00e8 un mondo parallelo, abitato da creature magiche e mistiche come elfi, druidi, maghi, hobbit, fauni, centauri, da creature eteree come le nigule( nonch\u00e8 spiriti del vento, della terra, dell\u2019acqua e del fuco); le schiere degli angeli inami, ehmur e kh\u00e0lis; gli angeli grigi conosciuti come i Guerci e molte altre creature oscure. In questo mondo l\u2019equilibrio dell\u2019esistenza \u00e8 minacciato dall\u2019oscura bramosia di potere dell\u2019angelo grigio Usr\u00ecl. Con la nascita di due gemelli, Gi\u00e0monir e Asira, la leggenda inizia il suo incedere&#8221;.<\/p>\n<p style=\"text-align: justify;\"><strong>Se non erro, dopo poesie e brevi racconti, questo \u00e8 il tuo primo romanzo&#8230;come sei approdata a questa nuova scrittura?<\/strong><\/p>\n<p style=\"text-align: justify;\">&#8220;Esatto. Infatti, l\u2019impostazione \u00e8 totalmente diversa e l\u2019amore per la scrittura mi incentiva ad approdare su nuovi generi. Naturalmente ci vuole uno studio continuo e la scrittura diventa parte di te sino a che tu sei lei e lei diventa te. Questo romanzo era in lavorazione da anni, ma non mi sembrava mai perfetto, per cui ho dovuto lavorarci molto per far si che risultasse credibile e reale. Ho abbozzato una lingua nuova, chiaramente non sono una studiosa del campo quindi \u00e8 indicativa e circoscritta; di fatti ha il semplice intento di dare un\u2019identit\u00e0 a Sh\u00ecran&#8221;.<\/p>\n<p style=\"text-align: justify;\"><strong>Per Sh\u00ecran a chi ti sei ispirata?<\/strong><\/p>\n<p style=\"text-align: justify;\">&#8220;Sh\u00ecran \u00e8 un mondo esattamente come lo \u00e8 la nostra terra, dunque accantonando la fantasia, gli elementi sono simili, un po\u2019 enfatizzati e alterati, ma in sostanza siamo qui che ogni giorno difendiamo noi stessi, lottiamo perch\u00e9 crediamo in qualcosa di buono. Sh\u00ecran nasce per evidenziare un messaggio, che credo sia essenziale, \u201cnonostante le brutture, l\u2019oscurit\u00e0, non dobbiamo perdere noi stessi, non dobbiamo permettere a qualcuno di plasmare le nostre idee.\u201d Difendiamo la storia che ci accompagna, amiamo le arti che la esaltano e costruiamo nel rispetto di tutto il creato&#8221;.<\/p>\n<p style=\"text-align: justify;\"><strong>Elena e la scrittura&#8230; chi \u00e8 la Elena che leggiamo?<\/strong><\/p>\n<p style=\"text-align: justify;\">&#8220;Elena si disperde tra le parole, come se si dissolvesse e fosse presente una piccola parte di s\u00e9 in ogni personaggio&#8221;.<\/p>\n<p style=\"text-align: justify;\"><strong>Come nasce la parola scritta&#8230; quello che scrivi parte da qualcosa che accade o&#8230;<\/strong><\/p>\n<p style=\"text-align: justify;\">&#8220;Credo che un bravo scrittore scriva ci\u00f2 che sa, quindi non improvvisa in maniera posticcia e falsa, soprattutto perch\u00e9 i lettori se ne accorgerebbero. Personalmente, vorrei diventare un\u2019eccellente scrittrice e devo ancora lavorare sodo, per raggiungere tale aspirazione. Quando scrivo ho delle visioni, come se davanti a me avessi una pellicola di un film e cerco con tutta me stessa di rendere vive le parole, affinch\u00e9 anche il lettore possa&nbsp; vedere ci\u00f2 che vedo io. Mi piacerebbe che il lettore si sentisse catapultato, dalle parole, nella vita di questi personaggi. Di certo scrivo con i miei occhi quindi la mia prospettiva, circa ci\u00f2 che avviene nel nostro mondo, influenza molto la mia scrittura. Scrivo di sogni, desideri, speranze, amori, coraggio, paura, ansia, dolore. Sono emozioni e sentimenti che tutti conosciamo e che ci uniscono&#8221;.<\/p>\n<p style=\"text-align: justify;\"><strong>Letture fantasy&#8230; quale \u00e8 il libro fantasy che ti ha accompagnato nella tua vita?<\/strong><\/p>\n<p style=\"text-align: justify;\">&#8220;Il capolavoro della Rowling ha suscitato in me molto entusiasmo nella lettura. Ha sicuramente fomentato la mia passione. Incentivata anche dalla grande opera di Tolkien. Sono dei veri colossi del fantas&#8221;.<\/p>\n<p style=\"text-align: justify;\"><strong>Stai gi\u00e0 pensando al tuo prossimo viaggio letterario?<\/strong><\/p>\n<p style=\"text-align: justify;\">&#8220;In realt\u00e0 vorrei che Sh\u00ecran potesse continuare a raccontarsi. Al momento non ho nulla in programma, solo pochissime righe non ancora estese a dovere&#8221;.<\/p>\n<p style=\"text-align: justify;\"><strong>Chi vorresti ringraziare?<\/strong><\/p>\n<p style=\"text-align: justify;\">&#8220;Mio fratello, sin da piccolo, mi ha trasportato in questo mondo magico e incantato. La fantasia \u00e8 sempre stata la nostra compagna di giochi, quindi grazie a mio fratello Gianmarco, Sh\u00ecran respira. La mia famiglia \u00e8 sempre presente, mi sostiene con fiducia e stima, i miei affetti pi\u00f9 intimi che vivono la mia quotidianit\u00e0 e non sono pochi. Poi vorrei ringraziare il mio direttore editoriale, Milena Palumbo, che ha creduto in me, assieme al suo staff lavorativo, sin da subito. Ringrazio Miriam Palumbo, che ha realizzato la copertina. Mi ritrovo molto in lei, ci capiamo al volo e lavoriamo con diligenza ed entusiasmo, credo siano gli ingredienti giusti per una collaborazione. Sh\u00ecran \u00e8 merito di molte persone&#8221;.<strong><\/strong><\/p>\n<p style=\"text-align: justify;\"><strong>Dove possiamo acquistare e leggere Sh\u00ecran?<\/strong><\/p>\n<p style=\"text-align: justify;\">&#8220;\u00c8 disponibile online su diversi portali come: NeP Edizioni, Amazon, Ibs, La Feltrinelli e molti altri; oppure \u00e8 possibile prenotarli in libreria&#8221;. <strong><\/strong><\/p>\n<p style=\"text-align: justify;\"><strong>In tutto questo&#8230; Elena \u00e8 anche teatro&#8230;<\/strong><\/p>\n<p style=\"text-align: justify;\">&#8220;Il teatro \u00e8 nato da una scommessa del M\u00b0 di canto e baritono Pietro Barbieri. Non avevo mai recitato prima, a parte una piccola parte in precedenza. Mentre Pietro mi ha proposto un ruolo da coprotagonista che mi ha vista nei panni della Cenciosa nel musical Forza venite Gente, un cast e un coro impeccabili. Lavoriamo duramente. Il teatro \u00e8 sempre stato una mia passione, infatti, non mi risparmio sulla scrittura in tal campo. Spero di poter mettere in scena un dramma inedito scritto da me. Il problema \u00e8 che il teatro e l\u2019arte in genere ha difficolt\u00e0 ad emergere, perch\u00e9 risulta essere poco tutelato e talvolta non considerato un vero e proprio lavoro&#8221;.&nbsp;<\/p>\n","protected":false},"excerpt":{"rendered":"<p style=\"text-align: justify;\"><img loading=\"lazy\" decoding=\"async\" src=\"https:\/\/c1.staticflickr.com\/4\/3720\/32864910983_4e44e8ed18_n.jpg\" alt=\"Elena Didonna\" width=\"218\" height=\"320\" \/><\/p>\n","protected":false},"author":1,"featured_media":0,"comment_status":"open","ping_status":"closed","sticky":false,"template":"","format":"standard","meta":{"colormag_page_container_layout":"default_layout","colormag_page_sidebar_layout":"default_layout","footnotes":""},"categories":[6],"tags":[],"class_list":["post-14617","post","type-post","status-publish","format-standard","hentry","category-cultura"],"_links":{"self":[{"href":"https:\/\/archivioturi.lavocedelpaese.info\/index.php\/wp-json\/wp\/v2\/posts\/14617","targetHints":{"allow":["GET"]}}],"collection":[{"href":"https:\/\/archivioturi.lavocedelpaese.info\/index.php\/wp-json\/wp\/v2\/posts"}],"about":[{"href":"https:\/\/archivioturi.lavocedelpaese.info\/index.php\/wp-json\/wp\/v2\/types\/post"}],"author":[{"embeddable":true,"href":"https:\/\/archivioturi.lavocedelpaese.info\/index.php\/wp-json\/wp\/v2\/users\/1"}],"replies":[{"embeddable":true,"href":"https:\/\/archivioturi.lavocedelpaese.info\/index.php\/wp-json\/wp\/v2\/comments?post=14617"}],"version-history":[{"count":0,"href":"https:\/\/archivioturi.lavocedelpaese.info\/index.php\/wp-json\/wp\/v2\/posts\/14617\/revisions"}],"wp:attachment":[{"href":"https:\/\/archivioturi.lavocedelpaese.info\/index.php\/wp-json\/wp\/v2\/media?parent=14617"}],"wp:term":[{"taxonomy":"category","embeddable":true,"href":"https:\/\/archivioturi.lavocedelpaese.info\/index.php\/wp-json\/wp\/v2\/categories?post=14617"},{"taxonomy":"post_tag","embeddable":true,"href":"https:\/\/archivioturi.lavocedelpaese.info\/index.php\/wp-json\/wp\/v2\/tags?post=14617"}],"curies":[{"name":"wp","href":"https:\/\/api.w.org\/{rel}","templated":true}]}}