{"id":14597,"date":"2017-01-17T11:49:55","date_gmt":"2017-01-17T11:49:55","guid":{"rendered":"https:\/\/archivioturi.lavocedelpaese.info\/index.php\/2017\/01\/17\/il-coro-dellausiliatrice-al-concorso-qcori-nataliziq\/"},"modified":"2017-01-17T11:49:55","modified_gmt":"2017-01-17T11:49:55","slug":"il-coro-dellausiliatrice-al-concorso-qcori-nataliziq","status":"publish","type":"post","link":"https:\/\/archivioturi.lavocedelpaese.info\/index.php\/2017\/01\/17\/il-coro-dellausiliatrice-al-concorso-qcori-nataliziq\/","title":{"rendered":"Il coro dell&#8217;Ausiliatrice al concorso &#8220;Cori natalizi&#8221;"},"content":{"rendered":"<p><img loading=\"lazy\" decoding=\"async\" src=\"https:\/\/c1.staticflickr.com\/1\/474\/31987626730_99d2196166_n.jpg\" alt=\"coro polifonico Turi\" width=\"320\" height=\"180\" \/><\/p>\n<p>&nbsp;<\/p>\n<p style=\"text-align: justify;\">Continua ad essere partecipe e presente alle iniziative diocesane il coro polifonico della Parrocchia Maria Santissima Ausiliatrice di Turi, dopo aver partecipato al giubileo delle corali a Roma.<\/p>\n<p><img loading=\"lazy\" decoding=\"async\" src=\"https:\/\/c1.staticflickr.com\/1\/463\/31987625870_ba0b53435b_n.jpg\" alt=\"coro Ausiliatrice Turi\" style=\"margin: 6px; float: right;\" width=\"350\" height=\"197\" \/><\/p>\n<p style=\"text-align: justify;\">Il gruppo infatti, guidato dalla maestra Vera Scarcella, ha partecipato al primo concorso de &#8221;I cori natalizi&#8221;, promosso dall&#8217;associazione &#8220;Vivere In&#8221;, che si \u00e8 tenuto sabato 14 gennaio presso la Parrocchia del Sacro Cuore di Monopoli.<\/p>\n<p style=\"text-align: justify;\">Di primissimo piano la giuria composta da Don Davide Garganese (direttore dell&#8217;ufficio liturgico diocesano) e dai maestri Giannicola D&#8217;Amico e Margherita Quarta. Sono inoltre intervenuti l&#8217;ing. Emilio Romani (sindaco di Monopoli), Don Nicola Giordano (fondatore movimento &#8220;Vivere In&#8221;) e Don Michele Petruzzi (direttore della Caritas Diocesana).<\/p>\n<p style=\"text-align: justify;\">Per la cronaca, il premio \u00e8 stato assegnato al Coro adulti della parrocchia Regina Pacis di Monopoli, mentre al coro turese \u00e8 andato il premio della critica oltre che il ringraziamento di tutta la comunit\u00e0.<\/p>\n","protected":false},"excerpt":{"rendered":"<p><img loading=\"lazy\" decoding=\"async\" src=\"https:\/\/c1.staticflickr.com\/1\/474\/31987626730_99d2196166_n.jpg\" alt=\"coro polifonico Turi\" width=\"320\" height=\"180\" \/><\/p>\n","protected":false},"author":1,"featured_media":0,"comment_status":"open","ping_status":"closed","sticky":false,"template":"","format":"standard","meta":{"colormag_page_container_layout":"default_layout","colormag_page_sidebar_layout":"default_layout","footnotes":""},"categories":[6],"tags":[],"class_list":["post-14597","post","type-post","status-publish","format-standard","hentry","category-cultura"],"_links":{"self":[{"href":"https:\/\/archivioturi.lavocedelpaese.info\/index.php\/wp-json\/wp\/v2\/posts\/14597","targetHints":{"allow":["GET"]}}],"collection":[{"href":"https:\/\/archivioturi.lavocedelpaese.info\/index.php\/wp-json\/wp\/v2\/posts"}],"about":[{"href":"https:\/\/archivioturi.lavocedelpaese.info\/index.php\/wp-json\/wp\/v2\/types\/post"}],"author":[{"embeddable":true,"href":"https:\/\/archivioturi.lavocedelpaese.info\/index.php\/wp-json\/wp\/v2\/users\/1"}],"replies":[{"embeddable":true,"href":"https:\/\/archivioturi.lavocedelpaese.info\/index.php\/wp-json\/wp\/v2\/comments?post=14597"}],"version-history":[{"count":0,"href":"https:\/\/archivioturi.lavocedelpaese.info\/index.php\/wp-json\/wp\/v2\/posts\/14597\/revisions"}],"wp:attachment":[{"href":"https:\/\/archivioturi.lavocedelpaese.info\/index.php\/wp-json\/wp\/v2\/media?parent=14597"}],"wp:term":[{"taxonomy":"category","embeddable":true,"href":"https:\/\/archivioturi.lavocedelpaese.info\/index.php\/wp-json\/wp\/v2\/categories?post=14597"},{"taxonomy":"post_tag","embeddable":true,"href":"https:\/\/archivioturi.lavocedelpaese.info\/index.php\/wp-json\/wp\/v2\/tags?post=14597"}],"curies":[{"name":"wp","href":"https:\/\/api.w.org\/{rel}","templated":true}]}}