{"id":14576,"date":"2017-01-05T10:27:15","date_gmt":"2017-01-05T10:27:15","guid":{"rendered":"https:\/\/archivioturi.lavocedelpaese.info\/index.php\/2017\/01\/05\/istituto-majorana-sede-di-casamassima-le-lezioni-riprendono-il-10-gennaio\/"},"modified":"2017-01-05T10:27:15","modified_gmt":"2017-01-05T10:27:15","slug":"istituto-majorana-sede-di-casamassima-le-lezioni-riprendono-il-10-gennaio","status":"publish","type":"post","link":"https:\/\/archivioturi.lavocedelpaese.info\/index.php\/2017\/01\/05\/istituto-majorana-sede-di-casamassima-le-lezioni-riprendono-il-10-gennaio\/","title":{"rendered":"Istituto Majorana &#8211; sede di Casamassima, le lezioni riprendono il 10 gennaio"},"content":{"rendered":"<p><img loading=\"lazy\" decoding=\"async\" src=\"https:\/\/c7.staticflickr.com\/1\/593\/31742426070_5c703fd4fb_n.jpg\" alt=\"Majorana - Casamassima\" width=\"320\" height=\"240\" \/><\/p>\n<p style=\"text-align: justify;\">&nbsp;<\/p>\n<p style=\"text-align: justify;\">A seguito dell\u2019avviso di interruzione di energia elettrica per lavori sugli impianti inviato presso l&#8217;I.I.S.S. &#8220;E. Majorana&#8221; dalla societ\u00e0 ENEL, si comunica che il Plesso di Casamassima, situato in via Grazia Deledda, rester\u00e0 chiuso LUNED\u00cc 9 GENNAIO 2017.<\/p>\n<p style=\"text-align: justify;\">Le attivit\u00e0 didattiche riprenderanno regolarmente il giorno 10\/01\/2017.<\/p>\n","protected":false},"excerpt":{"rendered":"<p><img loading=\"lazy\" decoding=\"async\" src=\"https:\/\/c7.staticflickr.com\/1\/593\/31742426070_5c703fd4fb_n.jpg\" alt=\"Majorana - Casamassima\" width=\"320\" height=\"240\" \/><\/p>\n","protected":false},"author":1,"featured_media":0,"comment_status":"open","ping_status":"closed","sticky":false,"template":"","format":"standard","meta":{"colormag_page_container_layout":"default_layout","colormag_page_sidebar_layout":"default_layout","footnotes":""},"categories":[7],"tags":[],"class_list":["post-14576","post","type-post","status-publish","format-standard","hentry","category-attualita"],"_links":{"self":[{"href":"https:\/\/archivioturi.lavocedelpaese.info\/index.php\/wp-json\/wp\/v2\/posts\/14576","targetHints":{"allow":["GET"]}}],"collection":[{"href":"https:\/\/archivioturi.lavocedelpaese.info\/index.php\/wp-json\/wp\/v2\/posts"}],"about":[{"href":"https:\/\/archivioturi.lavocedelpaese.info\/index.php\/wp-json\/wp\/v2\/types\/post"}],"author":[{"embeddable":true,"href":"https:\/\/archivioturi.lavocedelpaese.info\/index.php\/wp-json\/wp\/v2\/users\/1"}],"replies":[{"embeddable":true,"href":"https:\/\/archivioturi.lavocedelpaese.info\/index.php\/wp-json\/wp\/v2\/comments?post=14576"}],"version-history":[{"count":0,"href":"https:\/\/archivioturi.lavocedelpaese.info\/index.php\/wp-json\/wp\/v2\/posts\/14576\/revisions"}],"wp:attachment":[{"href":"https:\/\/archivioturi.lavocedelpaese.info\/index.php\/wp-json\/wp\/v2\/media?parent=14576"}],"wp:term":[{"taxonomy":"category","embeddable":true,"href":"https:\/\/archivioturi.lavocedelpaese.info\/index.php\/wp-json\/wp\/v2\/categories?post=14576"},{"taxonomy":"post_tag","embeddable":true,"href":"https:\/\/archivioturi.lavocedelpaese.info\/index.php\/wp-json\/wp\/v2\/tags?post=14576"}],"curies":[{"name":"wp","href":"https:\/\/api.w.org\/{rel}","templated":true}]}}