{"id":14572,"date":"2017-01-04T00:36:52","date_gmt":"2017-01-04T00:36:52","guid":{"rendered":"https:\/\/archivioturi.lavocedelpaese.info\/index.php\/2017\/01\/04\/bando-periferie-la-citta-metropolitana-finanzia-anche-il-progetto-di-turi\/"},"modified":"2017-01-04T00:36:52","modified_gmt":"2017-01-04T00:36:52","slug":"bando-periferie-la-citta-metropolitana-finanzia-anche-il-progetto-di-turi","status":"publish","type":"post","link":"https:\/\/archivioturi.lavocedelpaese.info\/index.php\/2017\/01\/04\/bando-periferie-la-citta-metropolitana-finanzia-anche-il-progetto-di-turi\/","title":{"rendered":"Bando Periferie: la Citt\u00e0 Metropolitana finanzia anche il progetto di Turi"},"content":{"rendered":"<p><img loading=\"lazy\" decoding=\"async\" src=\"https:\/\/c2.staticflickr.com\/1\/532\/31970387721_bf121369b7_n.jpg\" alt=\"Turi - periferie aperte\" width=\"320\" height=\"238\" \/><\/p>\n<p style=\"text-align: center;\"><strong><br \/><\/strong><\/p>\n<p style=\"text-align: center;\"><strong>Il nostro Comune ottiene il finanziamento per la riqualificazione di Via Conversano e via Dell\u2019Andro<\/strong><\/p>\n<p style=\"text-align: center;\"><strong><br \/><\/strong><\/p>\n<p style=\"text-align: justify;\">Nella mattinata di marted\u00ec 3 gennaio 2017, il sindaco metropolitano, Antonio Decaro, alla presenza dei sindaci del Comuni dell\u2019area metropolitana di Bari, ha illustrato tutti gli interventi territoriali che compongono il <strong>progetto \u201cPeriferie Aperte\u201d<\/strong> vincitore del Bando periferie della Presidenza del Consiglio dei Ministri.<\/p>\n<p style=\"text-align: justify;\">&#8220;Questo \u00e8 per noi un risultato straordinario \u2013 spiega il sindaco metropolitano <strong>Decaro<\/strong>. A due anni dall\u2019istituzione della Citt\u00e0 metropolitana oggi presentiamo un progetto di riqualificazione di un territorio che va ben oltre i singoli confini dei Comuni, dimostrando nei fatti che la Citt\u00e0 metropolitana \u00e8, a tutti gli effetti, un ente che funziona, nonostante tutte le difficolt\u00e0 organizzative dovute alla fase di transizione, e che pu\u00f2 essere un punto di riferimento per tutti i Comuni e per i cittadini&#8221;<\/p>\n<p style=\"text-align: justify;\">All\u2019unanimit\u00e0 i sindaci intervenuti hanno espresso soddisfazione non solo per i finanziamenti ottenuti, ma soprattutto per il metodo innovativo e partecipativo avviato dalla Citt\u00e0 metropolitana di Bari nella co-pianificazione e co-progettazione degli interventi predisposti, un metodo di lavoro \u2013 hanno sottolineato gli amministratori \u2013 che rende protagoniste le comunit\u00e0 dell\u2019area metropolitana nella costruzione di interventi pubblici condivisi ed efficaci.<\/p>\n<p style=\"text-align: justify;\">\u201cL\u2019idea progettuale di fondo che ci ha accompagnati nella progettazione degli interventi \u2013 ha aggiunto il vice sindaco <strong>Michele Abbaticchio<\/strong>, con delega alla Pianificazione strategica \u2013 \u00e8 stata quella di rendere pi\u00f9 sicure le periferie trasformandole in luoghi di incontro tra la gente e di amore per l\u2019arte. I Comuni hanno risposto tempestivamente e coerentemente con questa linea guida consentendoci di ottenere un grande risultato\u201d.<\/p>\n<p style=\"text-align: justify;\">\u201cPeriferie aperte\u201d si sviluppa attraverso 37 interventi strategici di riqualificazione dello spazio pubblico in 36 Comuni, per un valore complessivo di oltre 100 milioni di euro (di cui 40 milioni finanziati dal Bando e oltre 60 milioni di cofinanziamenti pubblici e privati), entro un quadro di ulteriori 315 milioni di euro di investimenti complementari e coerenti. <strong>Per quanto riguarda il Comune di Turi, l&#8217;intervento candidato e finanziato punta alla<\/strong> <strong>riqualificazione urbana e all&#8217;incremento della sicurezza territoriale in Via Conversano e via Dell\u2019Andro<\/strong>.<\/p>\n<p style=\"text-align: justify;\">Infine, a tracciare un filo conduttore dell&#8217;intero progetto metropolitano sar\u00e0 un\u2019azione di sistema sull\u2019arte pubblica che prevede la creazione di un museo diffuso e periferico del contemporaneo attraverso la realizzazione di 41 opere d\u2019arte site specific disegnate da giovani collettivi di artisti e urban designer (installazioni, sculture, writing, street art, lighting\u2026).<\/p>\n<p><img loading=\"lazy\" decoding=\"async\" src=\"https:\/\/c2.staticflickr.com\/1\/532\/31970387721_bf121369b7_z.jpg\" alt=\"Turi - periferie aperte\" width=\"640\" height=\"475\" \/><\/p>\n","protected":false},"excerpt":{"rendered":"<p><img loading=\"lazy\" decoding=\"async\" src=\"https:\/\/c2.staticflickr.com\/1\/532\/31970387721_bf121369b7_n.jpg\" alt=\"Turi - periferie aperte\" width=\"320\" height=\"238\" \/><\/p>\n","protected":false},"author":1,"featured_media":0,"comment_status":"open","ping_status":"closed","sticky":false,"template":"","format":"standard","meta":{"colormag_page_container_layout":"default_layout","colormag_page_sidebar_layout":"default_layout","footnotes":""},"categories":[4],"tags":[],"class_list":["post-14572","post","type-post","status-publish","format-standard","hentry","category-politica"],"_links":{"self":[{"href":"https:\/\/archivioturi.lavocedelpaese.info\/index.php\/wp-json\/wp\/v2\/posts\/14572","targetHints":{"allow":["GET"]}}],"collection":[{"href":"https:\/\/archivioturi.lavocedelpaese.info\/index.php\/wp-json\/wp\/v2\/posts"}],"about":[{"href":"https:\/\/archivioturi.lavocedelpaese.info\/index.php\/wp-json\/wp\/v2\/types\/post"}],"author":[{"embeddable":true,"href":"https:\/\/archivioturi.lavocedelpaese.info\/index.php\/wp-json\/wp\/v2\/users\/1"}],"replies":[{"embeddable":true,"href":"https:\/\/archivioturi.lavocedelpaese.info\/index.php\/wp-json\/wp\/v2\/comments?post=14572"}],"version-history":[{"count":0,"href":"https:\/\/archivioturi.lavocedelpaese.info\/index.php\/wp-json\/wp\/v2\/posts\/14572\/revisions"}],"wp:attachment":[{"href":"https:\/\/archivioturi.lavocedelpaese.info\/index.php\/wp-json\/wp\/v2\/media?parent=14572"}],"wp:term":[{"taxonomy":"category","embeddable":true,"href":"https:\/\/archivioturi.lavocedelpaese.info\/index.php\/wp-json\/wp\/v2\/categories?post=14572"},{"taxonomy":"post_tag","embeddable":true,"href":"https:\/\/archivioturi.lavocedelpaese.info\/index.php\/wp-json\/wp\/v2\/tags?post=14572"}],"curies":[{"name":"wp","href":"https:\/\/api.w.org\/{rel}","templated":true}]}}