{"id":14565,"date":"2016-12-31T02:03:08","date_gmt":"2016-12-31T02:03:08","guid":{"rendered":"https:\/\/archivioturi.lavocedelpaese.info\/index.php\/2016\/12\/31\/bimbi-e-motori-con-santa-claus\/"},"modified":"2016-12-31T02:03:08","modified_gmt":"2016-12-31T02:03:08","slug":"bimbi-e-motori-con-santa-claus","status":"publish","type":"post","link":"https:\/\/archivioturi.lavocedelpaese.info\/index.php\/2016\/12\/31\/bimbi-e-motori-con-santa-claus\/","title":{"rendered":"Bimbi e motori, con Santa Claus"},"content":{"rendered":"<p><img loading=\"lazy\" decoding=\"async\" src=\"https:\/\/c5.staticflickr.com\/1\/458\/31755239972_cede06fcdb_n.jpg\" alt=\"Moturi Natale 2016 (19)\" width=\"320\" height=\"240\" \/><\/p>\n<p style=\"text-align: center;\"><strong><br \/><\/strong><\/p>\n<p style=\"text-align: center;\"><strong>Mattinata in sella con l\u2019Associazione I MoTuri<\/strong><\/p>\n<p style=\"text-align: center;\"><strong><br \/><\/strong><\/p>\n<p style=\"text-align: justify;\">Cuori d&#8217;acciaio rombanti, anima metallica di rosso vestita, marmitte pulsanti e fumanti, cavalli pronti a partire&#8230; \u00c8 la mattinata con l&#8217;Associazione I MoTuri che ancora una volta regalano ai bambini turesi l&#8217;emozione di salire in sella alla moto per un giro con Babbo Natale.<\/p>\n<p style=\"text-align: justify;\">Santa Claus in moto, giunto alla sesta edizione, ha richiamato in piazza Silvio Orlandi tante famiglie con bambini e tantissimi curiosi per rinnovare la tradizione ormai propria della nostra Turi della passeggiata per le vie del centro cittadino.<\/p>\n<p style=\"text-align: justify;\">Un&#8217;occasione come poche di divertire con semplicit\u00e0, ma con grande attenzione alla sicurezza, i piccoli del nostro paese, sempre pi\u00f9 attratti dalla moto e sempre pi\u00f9 affascinati da Babbo Natale. Sempre per loro, l&#8217;intrattenimento dei personaggi pi\u00f9 amati dei cartoon, quali Peppa Pig, Minnie e Spiderman, oltre che qualche dolcetto distribuito da Santa Claus. Per i pi\u00f9 grandi, dolcezze di pasticceria e vin br\u00fbl\u00e9 per riscaldare gli animi pronti a pulsare.<\/p>\n<p style=\"text-align: justify;\">E tra un&#8217;iscrizione ed un&#8217;attesa, la coinvolgente musica della Banda Musicale Cittadina &#8220;Don Giovanni Cipriani&#8221; che ha poi dato il via alla &#8220;corsa&#8221; e lasciato spazio alle moto natalizie.<\/p>\n<p style=\"text-align: justify;\">Non vi resta che guardare le foto della mattinata e attendere il prossimo anno per la settima edizione del Santa Claus in moto.<\/p>\n<p style=\"text-align: justify;\">&nbsp;<\/p>\n<p><object width=\"640\" height=\"480\"><param name=\"flashvars\" value=\"offsite=true&amp;lang=it-it&amp;page_show_url=%2Fphotos%2F91470992%40N02%2Fsets%2F72157674560673613%2Fshow%2F&amp;page_show_back_url=%2Fphotos%2F91470992%40N02%2Fsets%2F72157674560673613%2F&amp;set_id=72157674560673613&amp;jump_to=\" \/><param name=\"movie\" value=\"https:\/\/www.flickr.com\/apps\/slideshow\/show.swf?v=261948265\" \/><param name=\"allowFullScreen\" value=\"true\" \/><embed type=\"application\/x-shockwave-flash\" src=\"https:\/\/www.flickr.com\/apps\/slideshow\/show.swf?v=261948265\" allowfullscreen=\"true\" flashvars=\"offsite=true&amp;lang=it-it&amp;page_show_url=%2Fphotos%2F91470992%40N02%2Fsets%2F72157674560673613%2Fshow%2F&amp;page_show_back_url=%2Fphotos%2F91470992%40N02%2Fsets%2F72157674560673613%2F&amp;set_id=72157674560673613&amp;jump_to=\" width=\"640\" height=\"480\" \/><\/object><\/p>\n","protected":false},"excerpt":{"rendered":"<p><img loading=\"lazy\" decoding=\"async\" src=\"https:\/\/c5.staticflickr.com\/1\/458\/31755239972_cede06fcdb_n.jpg\" alt=\"Moturi Natale 2016 (19)\" width=\"320\" height=\"240\" \/><\/p>\n","protected":false},"author":1,"featured_media":0,"comment_status":"open","ping_status":"closed","sticky":false,"template":"","format":"standard","meta":{"colormag_page_container_layout":"default_layout","colormag_page_sidebar_layout":"default_layout","footnotes":""},"categories":[6],"tags":[],"class_list":["post-14565","post","type-post","status-publish","format-standard","hentry","category-cultura"],"_links":{"self":[{"href":"https:\/\/archivioturi.lavocedelpaese.info\/index.php\/wp-json\/wp\/v2\/posts\/14565","targetHints":{"allow":["GET"]}}],"collection":[{"href":"https:\/\/archivioturi.lavocedelpaese.info\/index.php\/wp-json\/wp\/v2\/posts"}],"about":[{"href":"https:\/\/archivioturi.lavocedelpaese.info\/index.php\/wp-json\/wp\/v2\/types\/post"}],"author":[{"embeddable":true,"href":"https:\/\/archivioturi.lavocedelpaese.info\/index.php\/wp-json\/wp\/v2\/users\/1"}],"replies":[{"embeddable":true,"href":"https:\/\/archivioturi.lavocedelpaese.info\/index.php\/wp-json\/wp\/v2\/comments?post=14565"}],"version-history":[{"count":0,"href":"https:\/\/archivioturi.lavocedelpaese.info\/index.php\/wp-json\/wp\/v2\/posts\/14565\/revisions"}],"wp:attachment":[{"href":"https:\/\/archivioturi.lavocedelpaese.info\/index.php\/wp-json\/wp\/v2\/media?parent=14565"}],"wp:term":[{"taxonomy":"category","embeddable":true,"href":"https:\/\/archivioturi.lavocedelpaese.info\/index.php\/wp-json\/wp\/v2\/categories?post=14565"},{"taxonomy":"post_tag","embeddable":true,"href":"https:\/\/archivioturi.lavocedelpaese.info\/index.php\/wp-json\/wp\/v2\/tags?post=14565"}],"curies":[{"name":"wp","href":"https:\/\/api.w.org\/{rel}","templated":true}]}}