{"id":14535,"date":"2016-12-20T04:17:38","date_gmt":"2016-12-20T04:17:38","guid":{"rendered":"https:\/\/archivioturi.lavocedelpaese.info\/index.php\/2016\/12\/20\/tornano-a-qspaccareq-turi\/"},"modified":"2016-12-20T04:17:38","modified_gmt":"2016-12-20T04:17:38","slug":"tornano-a-qspaccareq-turi","status":"publish","type":"post","link":"https:\/\/archivioturi.lavocedelpaese.info\/index.php\/2016\/12\/20\/tornano-a-qspaccareq-turi\/","title":{"rendered":"Tornano a &#8220;spaccare&#8221; Turi"},"content":{"rendered":"<p><img loading=\"lazy\" decoding=\"async\" src=\"https:\/\/c3.staticflickr.com\/1\/679\/31697224066_9ea8ca44be_n.jpg\" alt=\"Spaccata via Casamassima Turi\" width=\"320\" height=\"213\" \/><\/p>\n<p style=\"text-align: center;\"><strong><br \/><\/strong><\/p>\n<p style=\"text-align: center;\"><strong>Settimana prenatalizia con \u2018sorprese\u2019 in casa\u2026 furti d\u2019appartamento!<\/strong><\/p>\n<p style=\"text-align: center;\"><strong><br \/><\/strong><\/p>\n<p style=\"text-align: justify;\">L\u2019ultima spaccata non si vedeva da tempo, ricorderete quella in Via Santa Maria Assunta, con due auto che bloccarono gli ingressi e le uscite da e per la strada, e un mezzo pesante che sfond\u00f2 la vetrina della banca BCC. Poi altre spaccate si sono verificate. L\u2019ultima \u00e8 avvenuta in questa settimana di cronaca da dimenticare soprattutto per il circondario (vedi assalto all\u2019Auchan).<\/p>\n<p style=\"text-align: justify;\">Nella serata di mercoled\u00ec 14 dicembre ignoti hanno messo a segno forse la pi\u00f9 classica delle rapine, appunto la &#8220;spaccata&#8221;, presso il distributore di benzina sito in Via Casamassima. Un bottino considerevole, per quanto non ancora quantificato. La vetrina \u00e8 stata buttata gi\u00f9 mentre l\u2019occhio della telecamera riprendeva il \u2018blitz\u2019. L\u2019obiettivo erano le slot machine.<\/p>\n<p style=\"text-align: justify;\">I malviventi sono riusciti a farla franca ed \u00e8 stato il proprietario, qualche ora dopo, a dare l&#8217;allarme. Sul posto sono intervenuti i Carabinieri della Stazione di Turi, cui spetta ora il compito di ricostruire la vicenda ed individuare i responsabili.<\/p>\n<p style=\"text-align: justify;\">Come se non bastasse, si sono registrati numerosi furti d&#8217;appartamento \u2013 molti dei quali purtroppo andati a buon fine \u2013 in svariate zone del paese. Un dato che non sorprende, giacch\u00e9, tradizionalmente, il periodo natalizio \u00e8 il pi\u00f9 critico per quanto riguarda i furti, dal momento che le famiglie, impegnate nelle compere, tendono a lasciare &#8220;incustodite&#8221; le proprie abitazioni.<\/p>\n<p><img loading=\"lazy\" decoding=\"async\" src=\"https:\/\/c2.staticflickr.com\/1\/549\/31735371825_a1811b9759_z.jpg\" alt=\"Spaccata via Casamassima Turi (1)\" width=\"640\" height=\"427\" \/><\/p>\n<p><img loading=\"lazy\" decoding=\"async\" src=\"https:\/\/c5.staticflickr.com\/1\/272\/31588091692_3c06e07bf2_z.jpg\" alt=\"Spaccata via Casamassima Turi (2)\" width=\"640\" height=\"427\" \/><\/p>\n<p><img loading=\"lazy\" decoding=\"async\" src=\"https:\/\/c7.staticflickr.com\/1\/610\/30893526814_9b63032751_z.jpg\" alt=\"Spaccata via Casamassima Turi (3)\" width=\"640\" height=\"427\" \/><\/p>\n","protected":false},"excerpt":{"rendered":"<p><img loading=\"lazy\" decoding=\"async\" src=\"https:\/\/c3.staticflickr.com\/1\/679\/31697224066_9ea8ca44be_n.jpg\" alt=\"Spaccata via Casamassima Turi\" width=\"320\" height=\"213\" \/><\/p>\n","protected":false},"author":1,"featured_media":0,"comment_status":"open","ping_status":"closed","sticky":false,"template":"","format":"standard","meta":{"colormag_page_container_layout":"default_layout","colormag_page_sidebar_layout":"default_layout","footnotes":""},"categories":[8],"tags":[],"class_list":["post-14535","post","type-post","status-publish","format-standard","hentry","category-cronaca"],"_links":{"self":[{"href":"https:\/\/archivioturi.lavocedelpaese.info\/index.php\/wp-json\/wp\/v2\/posts\/14535","targetHints":{"allow":["GET"]}}],"collection":[{"href":"https:\/\/archivioturi.lavocedelpaese.info\/index.php\/wp-json\/wp\/v2\/posts"}],"about":[{"href":"https:\/\/archivioturi.lavocedelpaese.info\/index.php\/wp-json\/wp\/v2\/types\/post"}],"author":[{"embeddable":true,"href":"https:\/\/archivioturi.lavocedelpaese.info\/index.php\/wp-json\/wp\/v2\/users\/1"}],"replies":[{"embeddable":true,"href":"https:\/\/archivioturi.lavocedelpaese.info\/index.php\/wp-json\/wp\/v2\/comments?post=14535"}],"version-history":[{"count":0,"href":"https:\/\/archivioturi.lavocedelpaese.info\/index.php\/wp-json\/wp\/v2\/posts\/14535\/revisions"}],"wp:attachment":[{"href":"https:\/\/archivioturi.lavocedelpaese.info\/index.php\/wp-json\/wp\/v2\/media?parent=14535"}],"wp:term":[{"taxonomy":"category","embeddable":true,"href":"https:\/\/archivioturi.lavocedelpaese.info\/index.php\/wp-json\/wp\/v2\/categories?post=14535"},{"taxonomy":"post_tag","embeddable":true,"href":"https:\/\/archivioturi.lavocedelpaese.info\/index.php\/wp-json\/wp\/v2\/tags?post=14535"}],"curies":[{"name":"wp","href":"https:\/\/api.w.org\/{rel}","templated":true}]}}