{"id":14530,"date":"2016-12-19T03:17:39","date_gmt":"2016-12-19T03:17:39","guid":{"rendered":"https:\/\/archivioturi.lavocedelpaese.info\/index.php\/2016\/12\/19\/icone-e-sacralita\/"},"modified":"2016-12-19T03:17:39","modified_gmt":"2016-12-19T03:17:39","slug":"icone-e-sacralita","status":"publish","type":"post","link":"https:\/\/archivioturi.lavocedelpaese.info\/index.php\/2016\/12\/19\/icone-e-sacralita\/","title":{"rendered":"Icone e Sacralit\u00e0"},"content":{"rendered":"<p><img loading=\"lazy\" decoding=\"async\" src=\"https:\/\/c7.staticflickr.com\/1\/437\/31565363782_2b6f354aee_n.jpg\" alt=\"I relatori della serata\" width=\"320\" height=\"240\" \/><\/p>\n<p style=\"text-align: center;\"><strong><br \/><\/strong><\/p>\n<p style=\"text-align: center;\"><strong>Un appuntamento con il Lions Club di Turi<\/strong><\/p>\n<p style=\"text-align: center;\"><strong><br \/><\/strong><\/p>\n<p style=\"text-align: justify;\">La Madonna, il Cristo, la Trinit\u00e0. Sono tra i primi simboli religiosi che un cristiano conosce nella sua formazione. Le icone\u2026 sono queste il tema della serata di venerd\u00ec 9 dicembre presso il Centro Studi di Storia e Cultura \u201cMatteo Pugliese\u201d.<\/p>\n<p style=\"text-align: justify;\">\u00c8 nella volont\u00e0 del Lions Club Turi parlare e approfondire il tema verso il quale in tanti esprimono la loro curiosit\u00e0 e attenzione. \u201cL&#8217;icona non si dipinge, si scrive&#8221; \u2013 ha stigmatizzato l&#8217;Architetto<strong> Caterina Arn\u00f2<\/strong>, relatrice della serata.<\/p>\n<p><img loading=\"lazy\" decoding=\"async\" src=\"https:\/\/c2.staticflickr.com\/1\/489\/31711888945_27e9ba0407_n.jpg\" alt=\"L'intervento di Pierangelo Pugliese\" style=\"margin: 6px; float: right;\" width=\"320\" height=\"240\" \/><\/p>\n<p style=\"text-align: justify;\">A dare il benvenuto, il presidente del Centro Studi e Cerimoniere del Lions, <strong>prof. Domenico Resta<\/strong>, che presto ha dato la parola al vicepresidente del Lions Club Turi, <strong>Pierangelo Pugliese<\/strong>, dopo i saluti e i ringraziamenti all\u2019Architetto Arn\u00f2, di Manduria. \u201cAvremmo potuto usare la nostra sede consueta, ma per questo incontro abbiamo preferito un posto pi\u00f9 centrale, per dare maggiore possibilit\u00e0 a tutti di parteciparvi, considerata la valenza dell\u2019argomento\u201d \u2013 ha commentato il vicepresidente. \u201cPersonalmente sono sempre stato affascinato dalle icone e grazie ad una mia esperienza sono riuscito a comprenderle negli anni. L\u2019icona nasce dopo un momento di contemplazione! Non \u00e8 solo un atto artistico\u201d \u2013 conclude il vice presidente, passando la parola all\u2019Architetto Arn\u00f2.<\/p>\n<p style=\"text-align: justify;\">Sono le slide che accompagnano la sua spiegazione e il suo percorso all\u2019interno delle Icone \u201cche hanno le stesse valenze dei Testi Sacri\u201d.<\/p>\n<p><img loading=\"lazy\" decoding=\"async\" src=\"https:\/\/c2.staticflickr.com\/1\/362\/31596295921_a821489d73_n.jpg\" alt=\"La lezione dell'architetto Caterina Arn\u00f2\" style=\"margin: 6px; float: left;\" width=\"320\" height=\"241\" \/><\/p>\n<p style=\"text-align: justify;\">Ma cosa sono le icone? \u201cSono parole impresse in immagini dai monaci ortodossi, di Dio e dei Santi\u201d. La parola &#8216;icona&#8217; deriva dal greco &#8216;eikon&#8217; e significa immagine&#8221;. Nei primi secoli dopo Cristo era tipica la raffigurazione della Madonna, del Cristo o dei Santi, eseguita con una particolare tecnica di pittura su legno e resa preziosa dallo sfondo: un sottile strato d&#8217;oro. L&#8217;icona non \u00e8 per\u00f2 un semplice quadro. Ogni parte del dipinto insegna le verit\u00e0 cristiane: dalla disposizione delle figure alle scritte, dalla posizione delle parti del corpo ai colori dei vestiti.<\/p>\n<p style=\"text-align: justify;\">L&#8217;iconografo, oggi come nel passato, si prepara con la preghiera e il digiuno prima di dipingere un&#8217;icona e deve rispettare severe regole di comportamento, custodite e tramandate dai Padri della Chiesa. Su queste pitture, infine, non appaiono le firme degli artisti o le date di esecuzione, in quanto le immagini non devono suscitare emozioni umane ma far percepire la realt\u00e0 divina.<\/p>\n<p style=\"text-align: justify;\">L&#8217;icona \u00e8 un&#8217;immagine sacra tipica di tutto l&#8217;Oriente cristiano, dalla Russia ai Balcani, dalla Grecia alla Palestina, rimasta immutata nei suoi modi espressivi praticamente dai primi secoli del Cristianesimo fino ad oggi. Le icone sono anche utilizzate nelle case per la preghiera familiare, collocate nell&#8217;angolo orientale della stanza e ornate con candele. Esse formano un piccolo santuario domestico chiamato dai russi &#8220;angolo bello o prezioso&#8221;. Le pi\u00f9 famose sono: &#8220;le icone del Salvatore&#8221;, &#8220;le icone di Maria con Ges\u00f9 Bambino&#8221; e &#8220;l&#8217;icona della SS. Trinit\u00e0&#8221;.<\/p>\n<p style=\"text-align: justify;\">L&#8217;icona di Ges\u00f9 pi\u00f9 diffusa e pi\u00f9 nota \u00e8 il &#8220;Cristo Pantocrator&#8221;, cio\u00e8 &#8220;Colui che \u00e8 l&#8217;Onnipotente&#8221;. La troviamo in diverse forme ma vi sono elementi che rimangono invariati come: la mano destra che benedice, il libro delle Scritture tenuto con la mano sinistra e che pu\u00f2 essere aperto e chiuso, l&#8217;espressione del volto severa o, a volte, pi\u00f9 benigna.<\/p>\n","protected":false},"excerpt":{"rendered":"<p><img loading=\"lazy\" decoding=\"async\" src=\"https:\/\/c7.staticflickr.com\/1\/437\/31565363782_2b6f354aee_n.jpg\" alt=\"I relatori della serata\" width=\"320\" height=\"240\" \/><\/p>\n","protected":false},"author":1,"featured_media":0,"comment_status":"open","ping_status":"closed","sticky":false,"template":"","format":"standard","meta":{"colormag_page_container_layout":"default_layout","colormag_page_sidebar_layout":"default_layout","footnotes":""},"categories":[6],"tags":[],"class_list":["post-14530","post","type-post","status-publish","format-standard","hentry","category-cultura"],"_links":{"self":[{"href":"https:\/\/archivioturi.lavocedelpaese.info\/index.php\/wp-json\/wp\/v2\/posts\/14530","targetHints":{"allow":["GET"]}}],"collection":[{"href":"https:\/\/archivioturi.lavocedelpaese.info\/index.php\/wp-json\/wp\/v2\/posts"}],"about":[{"href":"https:\/\/archivioturi.lavocedelpaese.info\/index.php\/wp-json\/wp\/v2\/types\/post"}],"author":[{"embeddable":true,"href":"https:\/\/archivioturi.lavocedelpaese.info\/index.php\/wp-json\/wp\/v2\/users\/1"}],"replies":[{"embeddable":true,"href":"https:\/\/archivioturi.lavocedelpaese.info\/index.php\/wp-json\/wp\/v2\/comments?post=14530"}],"version-history":[{"count":0,"href":"https:\/\/archivioturi.lavocedelpaese.info\/index.php\/wp-json\/wp\/v2\/posts\/14530\/revisions"}],"wp:attachment":[{"href":"https:\/\/archivioturi.lavocedelpaese.info\/index.php\/wp-json\/wp\/v2\/media?parent=14530"}],"wp:term":[{"taxonomy":"category","embeddable":true,"href":"https:\/\/archivioturi.lavocedelpaese.info\/index.php\/wp-json\/wp\/v2\/categories?post=14530"},{"taxonomy":"post_tag","embeddable":true,"href":"https:\/\/archivioturi.lavocedelpaese.info\/index.php\/wp-json\/wp\/v2\/tags?post=14530"}],"curies":[{"name":"wp","href":"https:\/\/api.w.org\/{rel}","templated":true}]}}