{"id":1453,"date":"2010-02-11T16:30:30","date_gmt":"2010-02-11T16:30:30","guid":{"rendered":"https:\/\/archivioturi.lavocedelpaese.info\/index.php\/2010\/02\/11\/emergenza-carceri-nuovo-penitenziario-a-turi\/"},"modified":"2010-02-11T16:30:30","modified_gmt":"2010-02-11T16:30:30","slug":"emergenza-carceri-nuovo-penitenziario-a-turi","status":"publish","type":"post","link":"https:\/\/archivioturi.lavocedelpaese.info\/index.php\/2010\/02\/11\/emergenza-carceri-nuovo-penitenziario-a-turi\/","title":{"rendered":"EMERGENZA CARCERI, NUOVO PENITENZIARIO A TURI"},"content":{"rendered":"<p><img loading=\"lazy\" decoding=\"async\" class=\" size-full wp-image-1293\" alt=\"carcere\" src=\"https:\/\/archivioturi.lavocedelpaese.info\/wp-content\/uploads\/2010\/01\/carcere.jpg\" width=\"320\" height=\"150\" srcset=\"https:\/\/archivioturi.lavocedelpaese.info\/wp-content\/uploads\/2010\/01\/carcere.jpg 640w, https:\/\/archivioturi.lavocedelpaese.info\/wp-content\/uploads\/2010\/01\/carcere-300x141.jpg 300w\" sizes=\"auto, (max-width: 320px) 100vw, 320px\" \/> <\/p>\n<h4 style=\"text-align: justify;\">IN PUGLIA 4300 DETENUTI, SOLO 2200 POSTI DISPONIBILI.<\/h4>\n<p style=\"text-align: justify;\">Il <strong>Sappe<\/strong> (Sindacato Autonomo di Polizia Penitenziaria) decreta lo <strong>stato di emergenza<\/strong> dal governo e chiede un <strong>nuovo penitenziario metropolitano a Turi<\/strong>. In una nota diffusa qualche ora fa a tutti gli organi di stampa nazionali, il segretario nazionale del Sappe, <strong>Federico Pilagatti<\/strong>, chiede che \u201cnel piano carceri venga presa in considerazione la costruzione di un nuovo penitenziario nell\u2019area Metropolitana di Bari di circa <strong>800-1000 posti<\/strong>\u201d.<\/p>\n<p style=\"text-align: justify;\">\u201cCi\u00f2 &#8211; prosegue la nota scritta &#8211; in considerazione del fatto che il sindaco della citt\u00e0 di Turi nei giorni scorsi ha gi\u00e0 offerto il sito dove costruire il nuovo carcere e pi\u00f9 precisamente l\u2019immensa area dell\u2019ex polveriera\u201d. Cos\u00ec, Pilagatti, parla di un sito gi\u00e0 individuato e messo a disposizione dal sindaco Gigantelli del quale parlammo tempo fa. \u201cCi\u00f2 &#8211; scrive il segretario &#8211; oltre a decongestionare\u00a0 le altre carceri pugliesi ormai piene all&#8217;inverosimile (Taranto, Lecce, Foggia e Bari stessa) con la cantierizzazione dei lavori potrebbe contribuire a rilanciare l&#8217;economia con la creazione per parecchio tempo di centinaia se non migliaia di posti di lavoro\u201d.<\/p>\n<p style=\"text-align: justify;\">Il Sappe, infine, valuta <strong>&#8220;interessante&#8221; l&#8217;idea del sindaco Gigantelli <\/strong>di costruire un nuovo penitenziario nell&#8217;agro turese (<em>vedi comunicato<\/em>).<\/p>\n<div style=\"text-align: justify;\"><\/div>\n<p style=\"text-align: justify;\"><strong>Riportiamo ora per intero la nota diffusa dal Sappe.<\/strong><\/p>\n<div style=\"text-align: justify;\"><\/div>\n<p style=\"text-align: justify;\">Dopo tante chiacchiere, finalmente \u00a0il GOVERNO si \u00e8 reso conto della drammatica situazione che si sta vivendo nelle carceri Italiane per il drammatico sovraffollamento di detenuti, che si acuisce nella Puglia ormai Regione pi\u00f9 affollata, con circa <strong>4300 detenuti <\/strong>a fronte di <strong>2200 posti<\/strong> disponibili.<\/p>\n<div style=\"text-align: justify;\"><\/div>\n<p style=\"text-align: justify;\">Il SAPPE &#8211; sindacato autonomo polizia penitenziaria, maggior sindacato di categoria, chiede ora di fare presto \u00a0poich\u00e9 continuano i suicidi, i tentativi di suicidio, le manifestazioni di protesta o le violenze tra gli stessi detenuti, \u00a0o contro il personale di Polizia Penitenziaria.<\/p>\n<div style=\"text-align: justify;\"><\/div>\n<p style=\"text-align: justify;\">In questa situazione il prezzo pi\u00f9 pesante lo pagano \u00a0proprio i Poliziotti Penitenziari pugliesi sempre pi\u00f9 stanchi\u00a0\u00a0 e sempre pi\u00f9 pochi ad affrontare\u00a0 una situazione di estrema emergenza \u00a0mentre vengono negati anche i pagamenti di straordinari, missioni , premi di produzione ecc.ecc.<\/p>\n<div style=\"text-align: justify;\"><\/div>\n<p style=\"text-align: justify;\">Il SAPPE-, ritiene che il piano carceri\u00a0 da solo non baster\u00e0 poich\u00e9 si rendono necessarie altre misure, come la depenalizzazione di reati che non creano allarme sociale; il maggior ricorso alle misure alternative alla detenzione(semilibert\u00e0, affidamento ai servizi sociali); al braccialetto elettronico per cui si sono sprecati a tutt\u2019oggi oltre <strong>100 milioni di euro<\/strong>; far scontare la pena agli stranieri nei loro paesi d\u2019origine, ma soprattutto\u00a0 l\u2019assunzione di almeno<strong> 5000 poliziotti penitenziari<\/strong>.<\/p>\n<div style=\"text-align: justify;\"><\/div>\n<p style=\"text-align: justify;\">Solo con i provvedimenti sopradescritti\u00a0 \u00a0la costruzione di nuovi Penitenziari avrebbe un senso poich\u00e9\u00a0 consentirebbe di \u00a0disporre di strutture pi\u00f9 adeguate per ospitare i detenuti in condizioni igienico-sanitarie pi\u00f9 umane,\u00a0 nonch\u00e9 si\u00a0 consentirebbe \u00a0di \u00a0far lavorare gli operatori penitenziari in condizioni pi\u00f9 degne di un paese civile.<\/p>\n<div style=\"text-align: justify;\"><\/div>\n<p style=\"text-align: justify;\">Purtroppo i numeri Pugliesi sono sempre pi\u00f9 preoccupanti a cominciare dalle uscite dei detenuti \u00a0accompagnati \u00a0presso le strutture sanitarie esterne al carcere nonch\u00e9 i piantonamenti dei detenuti,(anche mafiosi), \u00a0nelle corsie a stretto contatto con gli altri malati e loro familiari.<\/p>\n<div style=\"text-align: justify;\"><\/div>\n<p style=\"text-align: justify;\">Nel 2009 si sono registrati oltre 5000 uscite di detenuti per motivi sanitari a fronte alle circa 16000 uscite \u00a0totali di detenuti dalle carceri pugliesi (per processi, trasferimenti ecc.ecc.)<\/p>\n<div style=\"text-align: justify;\"><\/div>\n<p style=\"text-align: justify;\">Il SAPPE ricorda l\u2019impegno dell\u2019assessore regionale alla sanit\u00e0 Fiore che in un convegno pubblico a Dicembre, promise di aumentare l\u2019assistenza all\u2019interno delle carceri per ridimensionare questa problematica che incide notevolmente anche sull\u2019ordine e la sicurezza pubblica.<\/p>\n<div style=\"text-align: justify;\"><\/div>\n<p style=\"text-align: justify;\">Ritornando al decreto del governo sull\u2019emergenza carceri, il SAPPE ritiene che sia apprezzabile e fattibile l\u2019<strong>idea lanciata dal sindaco della Citt\u00e0 di Turi <\/strong>che ha proposto la costruzione di un <strong>nuovo penitenziario in agro di Turi<\/strong> mettendo peraltro a disposizione l\u2019area destinata all\u2019ex polveriera.<\/p>\n<div style=\"text-align: justify;\"><\/div>\n<p style=\"text-align: justify;\"><strong>Il SAPPE ritiene molto interessante tale idea<\/strong> poich\u00e9 un nuovo grande penitenziario (800-1000 posti) potrebbe essere utilizzato per le necessit\u00e0 dell\u2019area metropolitana di Bari e che, oltre a decongestionare l\u2019Istituto del Capoluogo Regionale (nonch\u00e8 le carceri di Foggia, Lecce e Taranto) potrebbe far confluire tutta l\u2019utenza delinquenziale del sud est Barese considerato che le attuali strutture esistenti sono del tutto insufficienti e fatiscenti. Infatti\u00a0 nel carcere di Bari sono rinchiusi circa 630 detenuti a fronte di circa 300 posti disponibili, mentre <strong>a Turi, 180 su 110<\/strong>.<\/p>\n<div style=\"text-align: justify;\"><\/div>\n<p style=\"text-align: justify;\">Il SAPPE ritiene che il GOVERNO abbia i dovere di pensare anche alla Puglia nel destinare i fondi ed impegnarsi affinch\u00e9 venga costruito un<strong> nuovo penitenziario nella zona di TURI<\/strong>.<\/p>\n<div style=\"text-align: justify;\"><\/div>\n<p style=\"text-align: justify;\">Questa \u00a0O.S.\u00a0 si augura che l\u2019idea lanciata dal sindaco della citt\u00e0 di Turi non\u00a0 cada nel vuoto, ma che venga fatta propria dagli esponenti politici nazionali e regionali di tutti gli schieramenti, \u00a0al fine convincere il ministro della Giustizia ALFANO sulla bont\u00e0 e necessit\u00e0 di tale\u00a0 \u00a0progetto che\u00a0 con la cantierizzazione dei\u00a0 lavori potrebbe generare centinaia se non migliaia di posti di lavoro.<\/p>\n<div style=\"text-align: justify;\"><\/div>\n<p style=\"text-align: justify;\">Con un nuovo Istituto Metropolitano, cos\u00ec come avviene per le grandi citt\u00e0 del nord, (Milano, Torino) si aumenterebbe la disponibilit\u00e0 di posti, destinando nel contempo il vecchio carcere di Turi ormai assunto a <strong>monumento nazionale con le celle di GRAMSCI e PERTINI<\/strong>, a tutta una serie di iniziative di carattere culturale (Regione, Provincia, Citt\u00e0 di Bari se ci siete battete un colpo).<\/p>\n<div style=\"text-align: justify;\"><\/div>\n<p style=\"text-align: justify;\">Il SAPPE si augura che almeno in questo occasione la classe dirigente pugliese che negli anni si \u00e8 sempre disinteressata delle problematiche inerenti il pianeta carcere, dimostri un interesse per tali questioni \u00a0poich\u00e8 un efficiente sistema penitenziario pugliese oltrech\u00e8 migliorare le condizioni di detenzione dei ristretti, offrirebbe migliori condizioni di lavoro \u00a0agli operatori penitenziari <span style=\"text-decoration: underline;\">nonch\u00e8 pi\u00f9 sicurezza\u00a0 ai cittadini.<\/span><\/p>\n<div style=\"text-align: justify;\"><\/div>\n<p style=\"text-align: justify;\">BARI, l\u00ec 10.2.2010<\/p>\n<div style=\"text-align: justify;\"><\/div>\n<p style=\"text-align: justify;\">Il Segretario Nazionale<\/p>\n<div style=\"text-align: justify;\"><\/div>\n<p style=\"text-align: justify;\"><strong>Federico PILAGATTI<\/strong><\/p>\n<p style=\"text-align: justify;\"><strong>________<br \/><\/strong><\/p>\n<p style=\"text-align: justify;\"><a href=\"index.php?option=com_content&amp;task=view&amp;id=902&amp;Itemid=11&#038;phpMyAdmin=249be9a92230f4edfb2945ad723064de\">VEDI ANCHE SECONDO CARCERE, TURI CI PENSA<\/a><\/p>\n<p style=\"text-align: justify;\"><a href=\"notizie\/attualita\/583-carcere-di-turi-sovraffollato.html?phpMyAdmin=249be9a92230f4edfb2945ad723064de\">VEDI ANCHE CARCERE TURI SOVRAFFOLATO<\/a><strong><br \/><\/strong><\/p>\n","protected":false},"excerpt":{"rendered":"<p><img loading=\"lazy\" decoding=\"async\" class=\" size-full wp-image-1293\" alt=\"carcere\" src=\"https:\/\/archivioturi.lavocedelpaese.info\/wp-content\/uploads\/2010\/01\/carcere.jpg\" width=\"320\" height=\"150\" srcset=\"https:\/\/archivioturi.lavocedelpaese.info\/wp-content\/uploads\/2010\/01\/carcere.jpg 640w, https:\/\/archivioturi.lavocedelpaese.info\/wp-content\/uploads\/2010\/01\/carcere-300x141.jpg 300w\" sizes=\"auto, (max-width: 320px) 100vw, 320px\" \/> <\/p>\n","protected":false},"author":1,"featured_media":1293,"comment_status":"open","ping_status":"closed","sticky":false,"template":"","format":"standard","meta":{"colormag_page_container_layout":"default_layout","colormag_page_sidebar_layout":"default_layout","footnotes":""},"categories":[7],"tags":[],"class_list":["post-1453","post","type-post","status-publish","format-standard","has-post-thumbnail","hentry","category-attualita"],"_links":{"self":[{"href":"https:\/\/archivioturi.lavocedelpaese.info\/index.php\/wp-json\/wp\/v2\/posts\/1453","targetHints":{"allow":["GET"]}}],"collection":[{"href":"https:\/\/archivioturi.lavocedelpaese.info\/index.php\/wp-json\/wp\/v2\/posts"}],"about":[{"href":"https:\/\/archivioturi.lavocedelpaese.info\/index.php\/wp-json\/wp\/v2\/types\/post"}],"author":[{"embeddable":true,"href":"https:\/\/archivioturi.lavocedelpaese.info\/index.php\/wp-json\/wp\/v2\/users\/1"}],"replies":[{"embeddable":true,"href":"https:\/\/archivioturi.lavocedelpaese.info\/index.php\/wp-json\/wp\/v2\/comments?post=1453"}],"version-history":[{"count":0,"href":"https:\/\/archivioturi.lavocedelpaese.info\/index.php\/wp-json\/wp\/v2\/posts\/1453\/revisions"}],"wp:featuredmedia":[{"embeddable":true,"href":"https:\/\/archivioturi.lavocedelpaese.info\/index.php\/wp-json\/wp\/v2\/media\/1293"}],"wp:attachment":[{"href":"https:\/\/archivioturi.lavocedelpaese.info\/index.php\/wp-json\/wp\/v2\/media?parent=1453"}],"wp:term":[{"taxonomy":"category","embeddable":true,"href":"https:\/\/archivioturi.lavocedelpaese.info\/index.php\/wp-json\/wp\/v2\/categories?post=1453"},{"taxonomy":"post_tag","embeddable":true,"href":"https:\/\/archivioturi.lavocedelpaese.info\/index.php\/wp-json\/wp\/v2\/tags?post=1453"}],"curies":[{"name":"wp","href":"https:\/\/api.w.org\/{rel}","templated":true}]}}