{"id":14514,"date":"2016-12-14T02:09:22","date_gmt":"2016-12-14T02:09:22","guid":{"rendered":"https:\/\/archivioturi.lavocedelpaese.info\/index.php\/2016\/12\/14\/si-inaugura-la-casa-delle-idee\/"},"modified":"2016-12-14T02:09:22","modified_gmt":"2016-12-14T02:09:22","slug":"si-inaugura-la-casa-delle-idee","status":"publish","type":"post","link":"https:\/\/archivioturi.lavocedelpaese.info\/index.php\/2016\/12\/14\/si-inaugura-la-casa-delle-idee\/","title":{"rendered":"Si inaugura la Casa delle Idee"},"content":{"rendered":"<p><img loading=\"lazy\" decoding=\"async\" src=\"https:\/\/c5.staticflickr.com\/1\/447\/31461759852_fc97c41f4a_n.jpg\" alt=\"Inaugurazione Casa delle Idee (4)\" width=\"320\" height=\"240\" \/><\/p>\n<p style=\"text-align: center;\"><strong><br \/><\/strong><\/p>\n<p style=\"text-align: center;\"><strong>Sei associazioni per tanti obiettivi <br \/> Nasce il laboratorio urbano, il primo contenitore culturale condiviso<\/strong><\/p>\n<p style=\"text-align: center;\"><strong><br \/><\/strong><\/p>\n<p style=\"text-align: justify;\">L\u2019emozione si toccava con mano. L\u2019attesa \u00e8 stata lunga e finalmente sabato 3 dicembre il nastro \u00e8 stato tagliato. Parliamo della Casa delle Idee, che ha visto aprire le sue porte proprio alla vigilia delle festivit\u00e0 natalizie, in una fredda serata autunnale che ha accolto, nel centro storico, il <strong>Chiostro in Festa<\/strong>.<\/p>\n<p style=\"text-align: justify;\">\u00c8 il suono ritmico della <strong>\u201cConturband\u201d<\/strong>, con i suoi passi e i suoi incitamenti, che accoglie tutti i presenti in piazza Gonnelli per la serata inaugurale dello spazio urbano, da qualche tempo ristrutturato e riportato alla luce, ed oggi assegnato ad una serie di associazioni che, firmato un patto di collaborazione, hanno dato vita alla Casa delle Idee. Sono tutte pronte, con i rispettivi presidenti, a tagliare quel nastro assieme al <strong>sindaco Menino Coppi<\/strong> e lasciare tutti accedere ai locali del piano terra del Centro Culturale Polivalente di Turi.<\/p>\n<p style=\"text-align: justify;\">Primo appuntamento, quello delle due serate del 3 e 4 dicembre, che apre il cartellone natalizio del Cuore della Puglia e che pone Turi al centro delle attenzioni dei Comuni ad esso associati e che mirano a valorizzare le bellezze, la qualit\u00e0, il prestigio di cittadine ricche di arte, gastronomia, musica, cultura, tradizioni che si vogliono raccontare per non lasciare morire.<\/p>\n<p style=\"text-align: justify;\">Entusiasta il Sindaco Coppi che, lasciando la parola al presidente di questa neo nata Associazione \u201cCasa delle Idee\u201d, ha invitato tutti a conoscere da vicino in cosa consiste e curiosare tra i locali che, da sabato sera, sono a disposizione delle diverse associazioni e di tutti i cittadini che ne vorranno usufruire attraverso le attivit\u00e0 che verranno svolte.<\/p>\n<p style=\"text-align: justify;\">Dalla sala di formazione e diffusione della cultura, gestita dall\u2019Associazione \u201cDidiario\u201d, alla sala della musica; dallo spazio per i workshop, laboratori e momenti ludici, al percorso nella storia turese; fino ad arrivare alla sala conferenze che ha accolto i tanti curiosi e visitatori che si sono fermati per la sua inaugurazione.<\/p>\n<p><object width=\"640\" height=\"480\"><param name=\"flashvars\" value=\"offsite=true&amp;lang=it-it&amp;page_show_url=%2Fphotos%2F91470992%40N02%2Fsets%2F72157676389782820%2Fshow%2F&amp;page_show_back_url=%2Fphotos%2F91470992%40N02%2Fsets%2F72157676389782820%2F&amp;set_id=72157676389782820&amp;jump_to=\" \/><param name=\"movie\" value=\"https:\/\/www.flickr.com\/apps\/slideshow\/show.swf?v=261948265\" \/><param name=\"allowFullScreen\" value=\"true\" \/><embed type=\"application\/x-shockwave-flash\" src=\"https:\/\/www.flickr.com\/apps\/slideshow\/show.swf?v=261948265\" allowfullscreen=\"true\" flashvars=\"offsite=true&amp;lang=it-it&amp;page_show_url=%2Fphotos%2F91470992%40N02%2Fsets%2F72157676389782820%2Fshow%2F&amp;page_show_back_url=%2Fphotos%2F91470992%40N02%2Fsets%2F72157676389782820%2F&amp;set_id=72157676389782820&amp;jump_to=\" width=\"640\" height=\"480\" \/><\/object><\/p>\n<p style=\"text-align: justify;\">Ad accompagnare la presentazione delle diverse associazioni impegnate in questo nuovo e condiviso progetto, la giornalista e scrittrice <strong>Francesca Fornario<\/strong>. \u201cPer me \u00e8 un onore essere qui, a presentare questo spazio condiviso, perch\u00e9 \u00e8 indubbio che ogni essere umano \u00e8 il frutto delle sue relazioni!\u201d \u2013 commenta citando \u201cLa rinascita del tempo\u201d di Lee Smolin.<\/p>\n<p style=\"text-align: justify;\">\u201cSono onorato di essere il responsabile di questo progetto rivoluzionario che unisce ben sei associazioni\u201d \u2013 ha aperto <strong>Nuccio Gargano<\/strong>, ricordando il lungo lavoro che ha anticipato questa apertura e condivisione di spazio cittadino. \u201cCi auguriamo che la nostra sinergia e l\u2019insieme delle attivit\u00e0 che proponiamo possano dare vita e creare interesse nella collettivit\u00e0, permettendo tante belle iniziative che sono gi\u00e0 nella nostra idea\u201d.<\/p>\n<p style=\"text-align: justify;\">\u201cSar\u00e0 un cuore che pulsa e sollecita il coinvolgimento \u2013 rincara il Sindaco Coppi \u2013 sui temi dell\u2019arte. Abbiamo spinto affinch\u00e9 questo progetto si realizzasse. Auguri a Turi\u201d. A sottolineare l\u2019impegno di ogni singola persona verso il concretizzarsi di questo bacino culturale turese, l\u2019<strong>Assessore Serena Zaccheo<\/strong>, delegata all\u2019Amministrazione condivisa, che ha aperto il suo intervento con un momento di emozione ricordando l\u2019amico Guglielmo Minervini \u2013 \u201cgrande protagonista della primavera pugliese\u201d \u2013 che nel suo ruolo politico si \u00e8 prodigato per aiutare e creare spiragli per i ragazzi e le loro iniziative. La speranza nel cambiamento risiede nella partecipazione popolare ed \u00e8 per questo che \u00e8 stato approvato un regolamento di amministrazione condivisa nel luglio 2015 che si fonda sull\u2019altruismo e sulla condivisione, base per risolvere problematiche generali. Boschetto Zaccheo, locali comunali, laboratorio urbano, sportelli di volontariato, villa comunale e tanti altri sono i punti focali dell\u2019amministrazione condivisa turese. \u201cGrazie alla dottoressa Tampoia, al consigliere Sandro Laera e al geometra Camposeo\u201d \u2013 ha concluso l\u2019Assessore.<\/p>\n<p style=\"text-align: justify;\">A far parte della Casa delle Idee, l\u2019<strong>Associazione \u201cIl Girasole\u201d<\/strong>, con Roberto Dell\u2019Aera: nata nel 2008, si propone l\u2019obiettivo di impegnare i giovani del paese. La maggiore iniziativa \u00e8 sicuramente il \u201cPalio dei Turioni\u201d. Non poteva mancare il ricordo dell\u2019amica Katia Palmisano a cui \u00e8 stata intitolata la sala studio, venuta a mancare pochi mesi fa. \u201cQuesta \u00e8 per noi una sfida, una grande potenzialit\u00e0. Gestiremo le aule studio, faremo laboratori, cineforum e serate ludiche\u201d.<\/p>\n<p style=\"text-align: justify;\">L\u2019<strong>Associazione \u201cGiovanni Maria Sabino\u201d<\/strong> di Paolo Valerio, nata nel 2004, mira a far conoscere il noto musicista turese. Ricerca storica e diffusione delle musiche ritrovate sono le strade che percorre l\u2019associazione, che ha gi\u00e0 composto, realizzato e diffuso le musiche dell\u2019artista turese. \u201cGiovanni Maria Sabino sta alla musica come Dante sta alla Letteratura\u201d \u2013 ha quindi sottolineato il presidente Valerio, rinnovando le maggiori note storiche del musicista turese rinvenute in questi anni di studio e di ricerche.<\/p>\n<p style=\"text-align: justify;\">Diffondere e far conoscere quanto di bello abita nel nostro paese \u00e8 l\u2019obiettivo dell\u2019<strong>Associazione \u201cIl Viandante\u201d<\/strong> del presidente Massimiliano Cacciapaglia. \u201cIl turismo porta tanto al paese, soprattutto dal punto di vista commerciale\u201d \u2013 insiste, ricordando come la giovane associazione, nata nel 2014, vuole divulgare i pregi della nostra Turi.<\/p>\n<p style=\"text-align: justify;\">La promozione artistica \u2013 da quella cinematografica a quella musicale e ludica \u2013 \u00e8 lo scopo dell\u2019<strong>Associazione \u201cArtemista\u201d<\/strong>, presentata dal presidente Nicola Zita che ha ripercorso le fasi dell\u2019associazione che si \u00e8 fatta conoscere non solo a Turi, ma anche nei comuni limitrofi, promuovendo iniziative artistiche.<\/p>\n<p style=\"text-align: justify;\">A far parte della Casa delle Idee, anche l\u2019<strong>Associazione \u201cDidiario\u201d<\/strong> di Alina Laruccia. A lei, ai libri, alla lettura e alla formazione, uno spazio dedicato all\u2019ingresso del Centro Culturale Polivalente. \u201cSono una libraia appassionata e quando chiusi la mia libreria e partii per Bologna convinta di non tornare pi\u00f9, ho avuto il sostegno di numerosi miei concittadini che mi hanno spronato, e fatto s\u00ec che noi, spacciatori di buone speranze, potessimo unirci per fare qualcosa di bello per il nostro paese\u201d.<\/p>\n<p style=\"text-align: justify;\">A Roma il 65 % delle librerie hanno chiuso. Compito di ogni cittadino \u00e8 salvaguardare le librerie e quei luoghi in cui si possono leggere libri perch\u00e9 sono coloro che non ti fanno mai sentire solo. Umberto Eco disse: \u201cChi non legge, a 70 anni avr\u00e0 vissuto una sola vita: la propria. Chi legge avr\u00e0 vissuto 5000 anni: c&#8217;era quando Caino uccise Abele, quando Renzo spos\u00f2 Lucia, quando Leopardi ammirava l&#8217;infinito. Perch\u00e9 la lettura \u00e8 un&#8217;immortalit\u00e0 all&#8217;indietro\u201d.<\/p>\n<p style=\"text-align: justify;\">&nbsp;<\/p>\n<p style=\"text-align: center;\"><strong>Le attivit\u00e0 delle associazioni<\/strong><\/p>\n<p style=\"text-align: center;\"><strong>Chiostro in Festa: cultura a 360\u00b0 con le associazioni della Casa delle Idee<\/strong><\/p>\n<p><object width=\"640\" height=\"480\"><param name=\"flashvars\" value=\"offsite=true&amp;lang=it-it&amp;page_show_url=%2Fphotos%2F91470992%40N02%2Fsets%2F72157676153881241%2Fshow%2F&amp;page_show_back_url=%2Fphotos%2F91470992%40N02%2Fsets%2F72157676153881241%2F&amp;set_id=72157676153881241&amp;jump_to=\" \/><param name=\"movie\" value=\"https:\/\/www.flickr.com\/apps\/slideshow\/show.swf?v=261948265\" \/><param name=\"allowFullScreen\" value=\"true\" \/><embed type=\"application\/x-shockwave-flash\" src=\"https:\/\/www.flickr.com\/apps\/slideshow\/show.swf?v=261948265\" allowfullscreen=\"true\" flashvars=\"offsite=true&amp;lang=it-it&amp;page_show_url=%2Fphotos%2F91470992%40N02%2Fsets%2F72157676153881241%2Fshow%2F&amp;page_show_back_url=%2Fphotos%2F91470992%40N02%2Fsets%2F72157676153881241%2F&amp;set_id=72157676153881241&amp;jump_to=\" width=\"640\" height=\"480\" \/><\/object><\/p>\n","protected":false},"excerpt":{"rendered":"<p><img loading=\"lazy\" decoding=\"async\" src=\"https:\/\/c5.staticflickr.com\/1\/447\/31461759852_fc97c41f4a_n.jpg\" alt=\"Inaugurazione Casa delle Idee (4)\" width=\"320\" height=\"240\" \/><\/p>\n","protected":false},"author":1,"featured_media":0,"comment_status":"open","ping_status":"closed","sticky":false,"template":"","format":"standard","meta":{"colormag_page_container_layout":"default_layout","colormag_page_sidebar_layout":"default_layout","footnotes":""},"categories":[6],"tags":[],"class_list":["post-14514","post","type-post","status-publish","format-standard","hentry","category-cultura"],"_links":{"self":[{"href":"https:\/\/archivioturi.lavocedelpaese.info\/index.php\/wp-json\/wp\/v2\/posts\/14514","targetHints":{"allow":["GET"]}}],"collection":[{"href":"https:\/\/archivioturi.lavocedelpaese.info\/index.php\/wp-json\/wp\/v2\/posts"}],"about":[{"href":"https:\/\/archivioturi.lavocedelpaese.info\/index.php\/wp-json\/wp\/v2\/types\/post"}],"author":[{"embeddable":true,"href":"https:\/\/archivioturi.lavocedelpaese.info\/index.php\/wp-json\/wp\/v2\/users\/1"}],"replies":[{"embeddable":true,"href":"https:\/\/archivioturi.lavocedelpaese.info\/index.php\/wp-json\/wp\/v2\/comments?post=14514"}],"version-history":[{"count":0,"href":"https:\/\/archivioturi.lavocedelpaese.info\/index.php\/wp-json\/wp\/v2\/posts\/14514\/revisions"}],"wp:attachment":[{"href":"https:\/\/archivioturi.lavocedelpaese.info\/index.php\/wp-json\/wp\/v2\/media?parent=14514"}],"wp:term":[{"taxonomy":"category","embeddable":true,"href":"https:\/\/archivioturi.lavocedelpaese.info\/index.php\/wp-json\/wp\/v2\/categories?post=14514"},{"taxonomy":"post_tag","embeddable":true,"href":"https:\/\/archivioturi.lavocedelpaese.info\/index.php\/wp-json\/wp\/v2\/tags?post=14514"}],"curies":[{"name":"wp","href":"https:\/\/api.w.org\/{rel}","templated":true}]}}