{"id":14498,"date":"2016-12-08T01:00:44","date_gmt":"2016-12-08T01:00:44","guid":{"rendered":"https:\/\/archivioturi.lavocedelpaese.info\/index.php\/2016\/12\/08\/cio-che-gli-occhi-non-dicono\/"},"modified":"2016-12-08T01:00:44","modified_gmt":"2016-12-08T01:00:44","slug":"cio-che-gli-occhi-non-dicono","status":"publish","type":"post","link":"https:\/\/archivioturi.lavocedelpaese.info\/index.php\/2016\/12\/08\/cio-che-gli-occhi-non-dicono\/","title":{"rendered":"\u201cCi\u00f2 che gli occhi non dicono\u201d"},"content":{"rendered":"<p><img loading=\"lazy\" decoding=\"async\" src=\"https:\/\/c4.staticflickr.com\/6\/5536\/31312987251_23d91e6819_n.jpg\" alt=\"ali di chimera (5)\" width=\"320\" height=\"180\" \/><\/p>\n<p>&nbsp;<\/p>\n<p style=\"text-align: center;\"><strong>L\u2019importante ruolo della donna nella societ\u00e0 moderna<\/strong><\/p>\n<p style=\"text-align: justify;\"><strong><br \/><\/strong><\/p>\n<p style=\"text-align: justify;\">In occasione della giornata internazionale sulla violenza contro le donne, venerd\u00ec 25 novembre, l\u2019associazione <strong>Ali di Chimera<\/strong>, capitanata dal suo presidente <strong>Mariano Di Venere<\/strong>, ha organizzato un suggestivo evento nel Convento delle Clarisse di Turi, dal nome \u201cCi\u00f2 che gli occhi non dicono\u201d.<\/p>\n<p style=\"text-align: justify;\">La serata, \u00e8 stata l\u2019occasione per portare all\u2019attenzione di un vasto uditorio il sentito tema del ruolo della donna nella societ\u00e0 odierna, le contraddizioni da cui tuttora questo ruolo \u00e8 afflitto, i suoi aspetti positivi come quelli pi\u00f9 torbidi, un&#8217;imperdibile opportunit\u00e0 di confronto in cui poter affacciare prospettive e confronti. L&#8217;evento prevedeva diversi momenti di riflessione, rappresentati da workshop, dibattiti e presentazione di libri. C\u2019\u00e8 stata infatti la presentazione del libro di <strong>Mimma Leone<\/strong>, &#8220;Il mare per le conchiglie&#8221;, e quella di &#8220;Tredici storie per tredici donne&#8221; scritto da <strong>Giulia Basile<\/strong>.<\/p>\n<p style=\"text-align: justify;\">Il dibattito finale, intitolato \u201cTab\u00f9 Donna\u201d, \u00e8 stato il momento pi\u00f9 significativo della serata, in cui eminenti personalit\u00e0 del mondo socio-culturale non solo turese, ma anche regionale, si sono confrontati sui temi salienti che la querelle \u201cdonna\u201d apre, affrontando i caustici squarci forniti dai pi\u00f9 recenti casi di cronaca, e soprattutto hanno fornito il loro punto di vista su prospettive future e possibili soluzioni, in un\u2019atmosfera di serena e costruttiva condivisione.<\/p>\n<p style=\"text-align: justify;\">\u201cSi \u00e8 creato un clima meraviglioso di condivisione e di reale di confronto&#8221; \u2013 ha dichiarato un Mariano molto emozionato dalla buona riuscita della manifestazione. &#8220;Mi \u00e8 piaciuto molto che durante il dibattito ci sia stata partecipazione da parte del pubblico, sono intervenuti con commenti e domande che hanno reso il tutto dinamico e partecipativo\u201d.<\/p>\n<p style=\"text-align: justify;\">Proviamo a ripercorre i punti cardine affrontati nell\u2019importante dibattito.<\/p>\n<p style=\"text-align: justify;\"><strong>La cultura della vergogna<\/strong><\/p>\n<p style=\"text-align: justify;\">Perch\u00e9 una donna, oggi, deve ancora vergognarsi o preoccuparsi di cose che per gli uomini non vengono affatto soppesate? Si tratta di un problema che attiene la quotidianit\u00e0 pi\u00f9 stretta, a partire dalla domanda, che ci si pone ogni mattina: \u201cCosa indosso oggi?\u201d E basta poco per accorgersi di quanti pregiudizi sottili, basati in modo preponderante sull\u2019esteriorit\u00e0, affliggano la vita femminile. Una coltre di prescrizioni invisibili, come quella che impone a una donna grassa di non poter svolgere proficuamente attivit\u00e0 sportiva (come per il trio di arciere, divenuto celebre, nelle ultime Olimpiade, definito, in prima pagina, il \u201ctrio di cicciottelle\u201d), il body-shaming, lo slut-shaming (tra cui l\u2019ultimo, angosciante caso di Tiziana Cantone, portata addirittura al suicidio per suoi contenuti hard finiti in rete). Barriere culturali fortissime, specie in determinate zone del nostro Paese, che nascono dal semplice fatto di \u201cessere donna\u201d, in una sorta di macabro e angoscioso sillogismo. \u00c8 cos\u00ec difficile abbatterle? Da dove, e come cominciare?<\/p>\n<p style=\"text-align: justify;\"><strong>La cultura della violenza: come abbatterla<\/strong><\/p>\n<p style=\"text-align: justify;\">Suonerebbe paradossale anche il solo sentir parlare di violenza fisica nel 2016 a danno delle donne, ma casi come quello di Lucia Annibali (l\u2019avvocato sfregiato in volto con dell\u2019acido dal suo ex-compagno) risultano quanto mai attuali e tonanti. Anche questo immane problema, come il primo, pu\u00f2 essere ricondotto a fattori squisitamente culturali, che per\u00f2 si traducono in conseguenze pratiche: violenza \u00e8 non solo quella che porta all\u2019omicidio, ma anche quella psicologica, la tortura della sottomissione mentale, cos\u00ec come anche le vessazioni che si ricevono nelle strutture mediche specialistiche, specie per quanto riguarda casi di contraccezione e aborto. Quali politiche attuare? Quando si inizier\u00e0 davvero a porgere le orecchie al televisore, quando si sentir\u00e0 di qualche nuovo caso di femminicidio al telegiornale? Forse bisognerebbe enfatizzare il ruolo della giustizia, mettere in primo piano la certezza della pena accompagnata da un rigoroso piano di rieducazione.<\/p>\n<p style=\"text-align: justify;\"><strong>Potere e donna<\/strong><\/p>\n<p style=\"text-align: justify;\">Come il connubio &#8220;genere femminile&#8221; e &#8220;ruolo di potere&#8221; va rivalutato e valorizzato. Nel bene e nel male, l\u2019ultima campagna elettorale statunitense ha dimostrato, perlomeno sul terreno social, come una donna al potere possa risultare ancora come una prospettiva dissonante, non congrua al naturale stato delle cose, nefasta, stregonesca. Oggi in Italia sembra davvero smuoversi qualcosa, perlomeno all\u2019esterno. \u00c8 davvero cos\u00ec? Quanto ancora si pu\u00f2 fare, sia fuori che dentro i palazzi del potere?<\/p>\n<p><object width=\"640\" height=\"480\"><param name=\"flashvars\" value=\"offsite=true&amp;lang=it-it&amp;page_show_url=%2Fphotos%2F91470992%40N02%2Fsets%2F72157677432922255%2Fshow%2F&amp;page_show_back_url=%2Fphotos%2F91470992%40N02%2Fsets%2F72157677432922255%2F&amp;set_id=72157677432922255&amp;jump_to=\" \/><param name=\"movie\" value=\"https:\/\/www.flickr.com\/apps\/slideshow\/show.swf?v=261948265\" \/><param name=\"allowFullScreen\" value=\"true\" \/><embed type=\"application\/x-shockwave-flash\" src=\"https:\/\/www.flickr.com\/apps\/slideshow\/show.swf?v=261948265\" allowfullscreen=\"true\" flashvars=\"offsite=true&amp;lang=it-it&amp;page_show_url=%2Fphotos%2F91470992%40N02%2Fsets%2F72157677432922255%2Fshow%2F&amp;page_show_back_url=%2Fphotos%2F91470992%40N02%2Fsets%2F72157677432922255%2F&amp;set_id=72157677432922255&amp;jump_to=\" width=\"640\" height=\"480\" \/><\/object><\/p>\n","protected":false},"excerpt":{"rendered":"<p><img loading=\"lazy\" decoding=\"async\" src=\"https:\/\/c4.staticflickr.com\/6\/5536\/31312987251_23d91e6819_n.jpg\" alt=\"ali di chimera (5)\" width=\"320\" height=\"180\" \/><\/p>\n","protected":false},"author":1,"featured_media":0,"comment_status":"open","ping_status":"closed","sticky":false,"template":"","format":"standard","meta":{"colormag_page_container_layout":"default_layout","colormag_page_sidebar_layout":"default_layout","footnotes":""},"categories":[6],"tags":[],"class_list":["post-14498","post","type-post","status-publish","format-standard","hentry","category-cultura"],"_links":{"self":[{"href":"https:\/\/archivioturi.lavocedelpaese.info\/index.php\/wp-json\/wp\/v2\/posts\/14498","targetHints":{"allow":["GET"]}}],"collection":[{"href":"https:\/\/archivioturi.lavocedelpaese.info\/index.php\/wp-json\/wp\/v2\/posts"}],"about":[{"href":"https:\/\/archivioturi.lavocedelpaese.info\/index.php\/wp-json\/wp\/v2\/types\/post"}],"author":[{"embeddable":true,"href":"https:\/\/archivioturi.lavocedelpaese.info\/index.php\/wp-json\/wp\/v2\/users\/1"}],"replies":[{"embeddable":true,"href":"https:\/\/archivioturi.lavocedelpaese.info\/index.php\/wp-json\/wp\/v2\/comments?post=14498"}],"version-history":[{"count":0,"href":"https:\/\/archivioturi.lavocedelpaese.info\/index.php\/wp-json\/wp\/v2\/posts\/14498\/revisions"}],"wp:attachment":[{"href":"https:\/\/archivioturi.lavocedelpaese.info\/index.php\/wp-json\/wp\/v2\/media?parent=14498"}],"wp:term":[{"taxonomy":"category","embeddable":true,"href":"https:\/\/archivioturi.lavocedelpaese.info\/index.php\/wp-json\/wp\/v2\/categories?post=14498"},{"taxonomy":"post_tag","embeddable":true,"href":"https:\/\/archivioturi.lavocedelpaese.info\/index.php\/wp-json\/wp\/v2\/tags?post=14498"}],"curies":[{"name":"wp","href":"https:\/\/api.w.org\/{rel}","templated":true}]}}