{"id":14482,"date":"2016-12-01T04:00:01","date_gmt":"2016-12-01T04:00:01","guid":{"rendered":"https:\/\/archivioturi.lavocedelpaese.info\/index.php\/2016\/12\/01\/missione-italia-arriva-a-turi\/"},"modified":"2016-12-01T04:00:01","modified_gmt":"2016-12-01T04:00:01","slug":"missione-italia-arriva-a-turi","status":"publish","type":"post","link":"https:\/\/archivioturi.lavocedelpaese.info\/index.php\/2016\/12\/01\/missione-italia-arriva-a-turi\/","title":{"rendered":"Missione Italia arriva a Turi"},"content":{"rendered":"<p><img loading=\"lazy\" decoding=\"async\" src=\"https:\/\/c5.staticflickr.com\/6\/5765\/31181542772_9ece8a3ae3_n.jpg\" alt=\"missione italia (3)\" width=\"320\" height=\"213\" \/><\/p>\n<p>&nbsp;<\/p>\n<p style=\"text-align: center;\"><strong>Grande festa davanti al Monumento dei Caduti<\/strong><\/p>\n<p style=\"text-align: center;\"><strong><br \/><\/strong><\/p>\n<p style=\"text-align: justify;\">La grande manifestazione &#8220;Missione Italia&#8221;, organizzata da Forza Italia in occasione del referendum costituzionale, che si proclama assolutamente in favore del no, \u00e8 arrivata lo scorso 23 novembre a Turi. La manifestazione, a livello nazionale, \u00e8 stata organizzata come una carovana di fiat 500, che hanno fanno sosta in 300 citt\u00e0 italiane, tra cui Bari, dove era presente Silvio Berlusconi.<\/p>\n<p style=\"text-align: justify;\">L&#8217;entusiasmo e la determinazione del consigliere comunale <strong>Paolo Tundo<\/strong>, coordinatore locale del partito, hanno fatto s\u00ec che la carovana deviasse per fare tappa a Turi. La piccola deviazione \u00e8 stata possibile grazie anche al turese <strong>Domenico Cassotta<\/strong> e <strong>Antonio Liuzzi<\/strong>. Domenico Cassotta ha partecipato, tra l&#8217;altro, all&#8217;organizzazione dell&#8217;evento a livello nazionale ed ha potuto anche incontrare Silvio Berlusconi lo scorso 4 novembre.<\/p>\n<p style=\"text-align: justify;\">Sebbene la serata non promettesse bene a causa di un clima incerto, quella che si \u00e8 svolta \u00e8 stata prima di tutto una festa tra amici. Se pur con notevole ritardo, tra clacson e bandiere di Forza Italia, la carovana di 500 \u00e8 giunta davanti al penitenziario intorno alle 19,00, tra un pubblico esiguo ma di certo entusiasta. All&#8217;arrivo delle Fiat 500, il piazzale antistante alla Casa Penale, davanti al Monumento dei Caduti, si \u00e8 trasformato: foto, applausi, dolcetti e persino spumante.<\/p>\n<p style=\"text-align: justify;\">\u00c8 seguito un breve discorso del coordinatore Tundo che ha spiegato le ragioni del no, cogliendo l&#8217;occasione per ringraziare i suoi concittadini che hanno reso possibile questa tappa imprevista. La festa \u00e8 andata avanti con un aperitivo e poi con una cena a base di carne equina a Santeramo in Colle.<\/p>\n<p style=\"text-align: justify;\">&nbsp;<\/p>\n<p><object width=\"640\" height=\"480\"><param name=\"flashvars\" value=\"offsite=true&amp;lang=it-it&amp;page_show_url=%2Fphotos%2F91470992%40N02%2Fsets%2F72157673278258983%2Fshow%2F&amp;page_show_back_url=%2Fphotos%2F91470992%40N02%2Fsets%2F72157673278258983%2F&amp;set_id=72157673278258983&amp;jump_to=\" \/><param name=\"movie\" value=\"https:\/\/www.flickr.com\/apps\/slideshow\/show.swf?v=261948265\" \/><param name=\"allowFullScreen\" value=\"true\" \/><embed type=\"application\/x-shockwave-flash\" src=\"https:\/\/www.flickr.com\/apps\/slideshow\/show.swf?v=261948265\" allowfullscreen=\"true\" flashvars=\"offsite=true&amp;lang=it-it&amp;page_show_url=%2Fphotos%2F91470992%40N02%2Fsets%2F72157673278258983%2Fshow%2F&amp;page_show_back_url=%2Fphotos%2F91470992%40N02%2Fsets%2F72157673278258983%2F&amp;set_id=72157673278258983&amp;jump_to=\" width=\"640\" height=\"480\" \/><\/object><\/p>\n","protected":false},"excerpt":{"rendered":"<p><img loading=\"lazy\" decoding=\"async\" src=\"https:\/\/c5.staticflickr.com\/6\/5765\/31181542772_9ece8a3ae3_n.jpg\" alt=\"missione italia (3)\" width=\"320\" height=\"213\" \/><\/p>\n","protected":false},"author":1,"featured_media":0,"comment_status":"open","ping_status":"closed","sticky":false,"template":"","format":"standard","meta":{"colormag_page_container_layout":"default_layout","colormag_page_sidebar_layout":"default_layout","footnotes":""},"categories":[4],"tags":[],"class_list":["post-14482","post","type-post","status-publish","format-standard","hentry","category-politica"],"_links":{"self":[{"href":"https:\/\/archivioturi.lavocedelpaese.info\/index.php\/wp-json\/wp\/v2\/posts\/14482","targetHints":{"allow":["GET"]}}],"collection":[{"href":"https:\/\/archivioturi.lavocedelpaese.info\/index.php\/wp-json\/wp\/v2\/posts"}],"about":[{"href":"https:\/\/archivioturi.lavocedelpaese.info\/index.php\/wp-json\/wp\/v2\/types\/post"}],"author":[{"embeddable":true,"href":"https:\/\/archivioturi.lavocedelpaese.info\/index.php\/wp-json\/wp\/v2\/users\/1"}],"replies":[{"embeddable":true,"href":"https:\/\/archivioturi.lavocedelpaese.info\/index.php\/wp-json\/wp\/v2\/comments?post=14482"}],"version-history":[{"count":0,"href":"https:\/\/archivioturi.lavocedelpaese.info\/index.php\/wp-json\/wp\/v2\/posts\/14482\/revisions"}],"wp:attachment":[{"href":"https:\/\/archivioturi.lavocedelpaese.info\/index.php\/wp-json\/wp\/v2\/media?parent=14482"}],"wp:term":[{"taxonomy":"category","embeddable":true,"href":"https:\/\/archivioturi.lavocedelpaese.info\/index.php\/wp-json\/wp\/v2\/categories?post=14482"},{"taxonomy":"post_tag","embeddable":true,"href":"https:\/\/archivioturi.lavocedelpaese.info\/index.php\/wp-json\/wp\/v2\/tags?post=14482"}],"curies":[{"name":"wp","href":"https:\/\/api.w.org\/{rel}","templated":true}]}}