{"id":14462,"date":"2016-11-24T01:23:32","date_gmt":"2016-11-24T01:23:32","guid":{"rendered":"https:\/\/archivioturi.lavocedelpaese.info\/index.php\/2016\/11\/24\/qsono-stanco-di-sollecitare-e-di-essere-ignoratoq\/"},"modified":"2016-11-24T01:23:32","modified_gmt":"2016-11-24T01:23:32","slug":"qsono-stanco-di-sollecitare-e-di-essere-ignoratoq","status":"publish","type":"post","link":"https:\/\/archivioturi.lavocedelpaese.info\/index.php\/2016\/11\/24\/qsono-stanco-di-sollecitare-e-di-essere-ignoratoq\/","title":{"rendered":"&#8220;Sono stanco di sollecitare e di essere ignorato&#8221;"},"content":{"rendered":"<p><img loading=\"lazy\" decoding=\"async\" src=\"https:\/\/c2.staticflickr.com\/6\/5527\/31166370025_9471f49997_n.jpg\" alt=\"Sandro Laera\" width=\"320\" height=\"213\" \/><\/p>\n<p style=\"text-align: center;\"><strong><br \/><\/strong><\/p>\n<p style=\"text-align: center;\"><strong>Sandro Laera commenta il Consiglio della scorsa settimana<\/strong><\/p>\n<p style=\"text-align: center;\"><strong><br \/><\/strong><\/p>\n<p style=\"text-align: justify;\">Appare piuttosto irritato Sandro Laera quando gli chiediamo un commento sullo scorso Consiglio Comunale. Il consigliere di Fratelli d&#8217;Italia si lamenta del fatto che \u2013 nonostante siano passati pi\u00f9 di dieci giorni dal Consiglio, tenutosi lo scorso 7 novembre \u2013 a oggi non abbia ricevuto alcuna risposta su nessuna delle interrogazioni presentate.<\/p>\n<p style=\"text-align: justify;\">\u00ab\u00c8 lo stallo completo, vorremmo avere novit\u00e0 dopo tutte le interrogazioni che abbiamo rivolto all&#8217;Amministrazione ma n\u00e9 in Consiglio n\u00e9 dopo abbiamo avuto risposta\u00bb.<\/p>\n<p style=\"text-align: justify;\">Tante, dunque, le questioni sulle quali l&#8217;Amministrazione Coppi glissa, prendendo tempo in attesa di non si sa bene cosa. Alcune sono state presentate durante lo scorso Consiglio, altre risalgono a qualche tempo prima. Con l&#8217;aiuto di Laera proviamo ad affrontarne due: la sicurezza delle nostre scuole e il bando di mobilit\u00e0 per rinforzare il corpo dei Vigili Urbani.<\/p>\n<p style=\"text-align: justify;\">&nbsp;<\/p>\n<p style=\"text-align: justify;\"><strong>Sicurezza scuole, un nodo tutto da chiarire<\/strong><\/p>\n<p style=\"text-align: justify;\">Non avendo ricevuto riscontro ad una richiesta riguardante la sicurezza degli Istituti scolastici turesi, Sandro Laera si \u00e8 detto costretto a rivolgersi al Prefetto di Bari. \u00abTempo fa scrissi al Prefetto che invi\u00f2 una nota al Sindaco. Questa nota li ha spronati a fare, congiuntamente con Vigili del Fuoco e Polizia Municipale, un sopralluogo negli edifici scolastici per stabilire, ognuno per la propria competenza, gli interventi necessari per la messa in sicurezza. Come al solito, grazie a Fratelli D&#8217;Italia qualcosa si muove\u00bb.<\/p>\n<p style=\"text-align: justify;\">A detta del consigliere, questa \u00e8 l&#8217;unica situazione che \u00e8 riuscito a smuovere, usando comunque &#8220;le maniere forti&#8221; e cio\u00e8 rivolgendosi alla Prefettura. Tuttavia, sulla stessa vicenda non tutti i dettagli sono stati chiariti. Ad esempio non \u00e8 dato sapere a quanto ammontano le somme in bilancio destinate, per l&#8217;appunto, agli interventi di manutenzione e messa in sicurezza delle nostre scuole.<\/p>\n<p style=\"text-align: justify;\">Denuncia Laera: \u00abSono passati ormai sessanta giorni dalla richiesta per iscritto, datata 13 settembre e ancora niente! Personalmente sono stanco di essere ignorato da quest&#8217;Amministrazione: questo \u00e8 un abuso della maggioranza nonch\u00e9 una mancanza di trasparenza! Anche in questo caso, non avendo ricevuto alcuna risposta mi sono trovato costretto a riscrivere al Prefetto\u00bb.<\/p>\n<p style=\"text-align: justify;\">&nbsp;<\/p>\n<p style=\"text-align: justify;\"><strong>Mobilit\u00e0 Vigili Urbani: un bando &#8220;equivoco&#8221;<\/strong><\/p>\n<p style=\"text-align: justify;\">Come accennato, durante lo scorso Consiglio Comunale molte delle richieste dei consiglieri d&#8217;opposizione sono state liquidate con un laconico \u00abmi riservo di rispondere al prossimo Consiglio\u00bb. \u00c8 successo anche nel caso della richiesta avanzata da Sandro Laera sul bando di mobilit\u00e0 dei Vigili Urbani. \u00abIn Consiglio Comunale \u2013 spiega \u2013 ho fatto una richiesta che riguardava il bando di mobilit\u00e0 dei Vigili Urbani, dove io trovo delle irregolarit\u00e0 (sono due i punti particolarmente equivoci di questo bando). Nella mia interrogazione ho richiesto delle spiegazioni ed \u00e8 giusto che me le diano al pi\u00f9 presto: qui parliamo di un bando di mobilit\u00e0, di personale che si sta mobilitando da altri Comuni e che dovrebbe aver avuto gi\u00e0 il nullaosta dai Comandi di appartenenza, dovendo teoricamente iniziare a prendere servizio presso il nostro Comune. Prima che si avvii una procedura particolare \u2013 qualora ce ne fossero i presupposti \u2013 io penso che la mia richiesta meriti una risposta e un approfondimento\u00bb.<\/p>\n","protected":false},"excerpt":{"rendered":"<p><img loading=\"lazy\" decoding=\"async\" src=\"https:\/\/c2.staticflickr.com\/6\/5527\/31166370025_9471f49997_n.jpg\" alt=\"Sandro Laera\" width=\"320\" height=\"213\" \/><\/p>\n","protected":false},"author":1,"featured_media":0,"comment_status":"open","ping_status":"closed","sticky":false,"template":"","format":"standard","meta":{"colormag_page_container_layout":"default_layout","colormag_page_sidebar_layout":"default_layout","footnotes":""},"categories":[4],"tags":[],"class_list":["post-14462","post","type-post","status-publish","format-standard","hentry","category-politica"],"_links":{"self":[{"href":"https:\/\/archivioturi.lavocedelpaese.info\/index.php\/wp-json\/wp\/v2\/posts\/14462","targetHints":{"allow":["GET"]}}],"collection":[{"href":"https:\/\/archivioturi.lavocedelpaese.info\/index.php\/wp-json\/wp\/v2\/posts"}],"about":[{"href":"https:\/\/archivioturi.lavocedelpaese.info\/index.php\/wp-json\/wp\/v2\/types\/post"}],"author":[{"embeddable":true,"href":"https:\/\/archivioturi.lavocedelpaese.info\/index.php\/wp-json\/wp\/v2\/users\/1"}],"replies":[{"embeddable":true,"href":"https:\/\/archivioturi.lavocedelpaese.info\/index.php\/wp-json\/wp\/v2\/comments?post=14462"}],"version-history":[{"count":0,"href":"https:\/\/archivioturi.lavocedelpaese.info\/index.php\/wp-json\/wp\/v2\/posts\/14462\/revisions"}],"wp:attachment":[{"href":"https:\/\/archivioturi.lavocedelpaese.info\/index.php\/wp-json\/wp\/v2\/media?parent=14462"}],"wp:term":[{"taxonomy":"category","embeddable":true,"href":"https:\/\/archivioturi.lavocedelpaese.info\/index.php\/wp-json\/wp\/v2\/categories?post=14462"},{"taxonomy":"post_tag","embeddable":true,"href":"https:\/\/archivioturi.lavocedelpaese.info\/index.php\/wp-json\/wp\/v2\/tags?post=14462"}],"curies":[{"name":"wp","href":"https:\/\/api.w.org\/{rel}","templated":true}]}}