{"id":14459,"date":"2016-11-23T02:09:35","date_gmt":"2016-11-23T02:09:35","guid":{"rendered":"https:\/\/archivioturi.lavocedelpaese.info\/index.php\/2016\/11\/23\/mensa-scolastica-la-gara-e-illegittima\/"},"modified":"2016-11-23T02:09:35","modified_gmt":"2016-11-23T02:09:35","slug":"mensa-scolastica-la-gara-e-illegittima","status":"publish","type":"post","link":"https:\/\/archivioturi.lavocedelpaese.info\/index.php\/2016\/11\/23\/mensa-scolastica-la-gara-e-illegittima\/","title":{"rendered":"Mensa scolastica, la gara \u00e8 illegittima?"},"content":{"rendered":"<p><img loading=\"lazy\" decoding=\"async\" src=\"https:\/\/c4.staticflickr.com\/6\/5634\/30359104003_3d9b7d315d_n.jpg\" alt=\"Francesco Mancini\" width=\"320\" height=\"180\" \/><\/p>\n<p>&nbsp;<\/p>\n<p style=\"text-align: center;\"><strong>Il Segretario comunale Mancini: il bando \u00e8 irregolare solo se vige l&#8217;obbligo all&#8217;uso del lunch box<\/strong><\/p>\n<p style=\"text-align: center;\"><strong><br \/><\/strong><\/p>\n<p style=\"text-align: justify;\">Ha destato scalpore, durante lo scorso Consiglio, l&#8217;affermazione categorica del Segretario comunale, il dottor <strong>Francesco Mancini<\/strong>, in risposta alla questione posta dalla consigliera <strong>Arianna Gasparro<\/strong>.<\/p>\n<p style=\"text-align: justify;\">Gasparro domandava se quanto si chiedeva alla ditta Ladisa, azienda erogatrice del servizio mensa, fosse attinente al bando. Soprattutto in considerazione del fatto che la ditta si \u00e8 aggiudicata la gara anche grazie a una premialit\u00e0 concessa per l&#8217;utilizzo dei &#8220;lunch box&#8221;, che di fatto non vengono adoperati in mensa, o perlomeno non ancora. Uno scenario che \u2013 paradossalmente \u2013 potrebbe aprire la strada ad una serie di contenziosi da parte delle aziende che non hanno potuto partecipare al bando comunale in quanto non disponevano di risorse e attrezzature utili a garantire l&#8217;impiego dei lunch box.<\/p>\n<p style=\"text-align: justify;\">Mancini, senza esitazione, rispondeva: \u00abAssolutamente no\u00bb. Una risposta categorica che ha spiazzato un po&#8217; tutti, tanto che il consigliere <strong>Sandro Laera<\/strong> ha parlato di &#8220;responsabilit\u00e0 politiche forti&#8221;. Abbiamo contattato in un secondo momento il Segretario comunale che ci ha spiegato che quella risposta deve essere contestualizzata e che solo una lettura attenta degli atti pu\u00f2 dire se fosse pertinente o meno.<\/p>\n<p style=\"text-align: justify;\">\u00abNon conoscendo gli atti \u2013 premette il dott. Mancini \u2013 non posso esprimere un giudizio concreto, in Consiglio ho soltanto espresso il principio generale che per\u00f2 va valutato con il caso concreto. Ovvero, se un soggetto partecipante a una gara si \u00e8 obbligato a fornire il servizio con il lunch box, \u00e8 evidente che bisogna eseguire il servizio in quella maniera. Bisogna vedere che cosa la ditta ha offerto poich\u00e9, per quello che ricordo, c&#8217;era una doppia opzione: il lunch box o altre alternative\u00bb.<\/p>\n<p style=\"text-align: justify;\">\u00abSe il bando prevede che debba esserci il lunch box \u2013 prosegue il Segretario \u2013 \u00e8 inconcepibile che il servizio non debba essere reso. Tuttavia, <strong>se il bando di gara non prevedeva il lunch box come soluzione unica, ma prevedeva anche delle alternative, il bando non \u00e8 illegittimo<\/strong>\u00bb.<\/p>\n<p style=\"text-align: justify;\">Chiediamo dunque, come mai, non avendo precisa contezza degli atti, la risposta \u00e8 stata cos\u00ec ferma e risoluta. Quel &#8220;assolutamente no&#8221;, di certo, \u00e8 rimasto impresso. \u00abLa mia risposta \u2013 spiega Mancini \u2013 \u00e8 stata collegata all&#8217;intervento della consigliera Arianna Gasparro in riferimento a un dato che non era verificabile al momento. Se uno fa una domanda, ponendola in termini generali, l&#8217;altro risponde sempre in termini generali\u00bb. Quella risposta va dunque contestualizzata: \u00abSe c&#8217;era l&#8217;obbligo di lunch box e non erano previste alternative, come immaginavo quando sono intervenuto, la mia risposta era pertinente e adeguata\u00bb.<\/p>\n","protected":false},"excerpt":{"rendered":"<p><img loading=\"lazy\" decoding=\"async\" src=\"https:\/\/c4.staticflickr.com\/6\/5634\/30359104003_3d9b7d315d_n.jpg\" alt=\"Francesco Mancini\" width=\"320\" height=\"180\" \/><\/p>\n","protected":false},"author":1,"featured_media":0,"comment_status":"open","ping_status":"closed","sticky":false,"template":"","format":"standard","meta":{"colormag_page_container_layout":"default_layout","colormag_page_sidebar_layout":"default_layout","footnotes":""},"categories":[4],"tags":[],"class_list":["post-14459","post","type-post","status-publish","format-standard","hentry","category-politica"],"_links":{"self":[{"href":"https:\/\/archivioturi.lavocedelpaese.info\/index.php\/wp-json\/wp\/v2\/posts\/14459","targetHints":{"allow":["GET"]}}],"collection":[{"href":"https:\/\/archivioturi.lavocedelpaese.info\/index.php\/wp-json\/wp\/v2\/posts"}],"about":[{"href":"https:\/\/archivioturi.lavocedelpaese.info\/index.php\/wp-json\/wp\/v2\/types\/post"}],"author":[{"embeddable":true,"href":"https:\/\/archivioturi.lavocedelpaese.info\/index.php\/wp-json\/wp\/v2\/users\/1"}],"replies":[{"embeddable":true,"href":"https:\/\/archivioturi.lavocedelpaese.info\/index.php\/wp-json\/wp\/v2\/comments?post=14459"}],"version-history":[{"count":0,"href":"https:\/\/archivioturi.lavocedelpaese.info\/index.php\/wp-json\/wp\/v2\/posts\/14459\/revisions"}],"wp:attachment":[{"href":"https:\/\/archivioturi.lavocedelpaese.info\/index.php\/wp-json\/wp\/v2\/media?parent=14459"}],"wp:term":[{"taxonomy":"category","embeddable":true,"href":"https:\/\/archivioturi.lavocedelpaese.info\/index.php\/wp-json\/wp\/v2\/categories?post=14459"},{"taxonomy":"post_tag","embeddable":true,"href":"https:\/\/archivioturi.lavocedelpaese.info\/index.php\/wp-json\/wp\/v2\/tags?post=14459"}],"curies":[{"name":"wp","href":"https:\/\/api.w.org\/{rel}","templated":true}]}}