{"id":14453,"date":"2016-11-21T03:00:03","date_gmt":"2016-11-21T03:00:03","guid":{"rendered":"https:\/\/archivioturi.lavocedelpaese.info\/index.php\/2016\/11\/21\/qcio-che-gli-occhi-non-diconoq\/"},"modified":"2016-11-21T03:00:03","modified_gmt":"2016-11-21T03:00:03","slug":"qcio-che-gli-occhi-non-diconoq","status":"publish","type":"post","link":"https:\/\/archivioturi.lavocedelpaese.info\/index.php\/2016\/11\/21\/qcio-che-gli-occhi-non-diconoq\/","title":{"rendered":"&#8220;Ci\u00f2 che gli occhi non dicono&#8221;"},"content":{"rendered":"<p><img loading=\"lazy\" decoding=\"async\" src=\"https:\/\/c6.staticflickr.com\/6\/5800\/31121752085_7fd2ba64c3_n.jpg\" alt=\"Lavinia Orlando e Mariano Di Venere\" width=\"320\" height=\"180\" \/><\/p>\n<p style=\"text-align: center;\"><strong><br \/><\/strong><\/p>\n<p style=\"text-align: center;\"><strong>Ali di Chimera in prima linea contro la violenza sulle donne<\/strong><\/p>\n<p style=\"text-align: center;\"><strong><br \/><\/strong><\/p>\n<p style=\"text-align: justify;\">L\u2019Associazione culturale Ali di Chimera, con il patrocinio del Comune di Turi e con la partecipazione di Beyouty, dell\u2019Associazione culturale Fuori dal silenzio, il centro antiviolenza Li.A, Ads Club Okinawa e l\u2019Associazione Borghi Autentici d\u2019Italia, \u00e8 orgogliosa di presentare \u201cCi\u00f2 che gli occhi non dicono\u201d, un evento in occasione della giornata mondiale contro la violenza sulle donne, che si terr\u00e0 a Turi il prossimo 25 novembre 2016 presso il Centro Culturale Polivalente sito in Piazza Gonnelli.<\/p>\n<p style=\"text-align: justify;\">Nell\u2019ambito del panorama culturale pugliese, l\u2019evento \u201cCi\u00f2 che gli occhi non dicono\u201d si configura come una straordinaria occasione per portare all\u2019attenzione di un vasto uditorio il sentito tema del ruolo della donna nella societ\u00e0 odierna, le contraddizioni da cui tuttora questo ruolo \u00e8 afflitto, i suoi aspetti positivi come quelli pi\u00f9 torbidi, un&#8217;imperdibile occasione di confronto in cui poter affacciare prospettive e confronti. Si tratta di un evento multiforme, che intende parlare con il linguaggio della parola, del corpo e delle emozioni, in cui riflessione teorica e vita vissuta si mescolano, per poter godere di un momento di riflessione totalizzante, tra libri, storie, laboratori.<\/p>\n<p style=\"text-align: justify;\">Durante la conferenza stampa di presentazione, svoltasi il 14 novembre, la dottoressa <strong>Lavinia Orlando<\/strong> ha gradito molto sottolineare l\u2019importanza dell\u2019evento: \u201cQuando Mariano mi ha parlato di quest\u2019iniziativa, l\u2019ho subito abbracciata, perch\u00e9 non \u00e8 il solito dibattito tra quelle 20-30 persone che sono gi\u00e0 sensibilizzate sulla tematica, ma un momento molto pi\u00f9 composito in cui prenderanno avvio vari laboratori, nei quali sotto diversi punti di vista si tratter\u00e0 il ruolo della donna a trecentosessanta gradi. Ringrazio Mariano, che sta mettendo tutto in atto in maniera completamente gratuita, e peraltro lo sta facendo in un luogo, quello del Convento delle Clarisse, che sta diventando molto caro ai turesi e a chi viene da fuori\u201d.<\/p>\n<p style=\"text-align: justify;\">\u201cRingrazio il vicesindaco Lavinia Orlando \u2013 prosegue il presidente dell\u2019associazione organizzatrice <strong>Mariano Di Venere<\/strong>. \u00c8 un evento che \u00e8 stato fortemente voluto da noi di Ali di Chimera, nato in un pomeriggio in cui si parlava dell\u2019importanza della figura della donna, e da l\u00ec \u00e8 nata la voglia di realizzare questa giornata fatta per le donne e con le donne, infatti lo staff di quel giorno, a parte qualcuno, sar\u00e0 completamente femminile\u201d.<\/p>\n<p><img loading=\"lazy\" decoding=\"async\" src=\"https:\/\/c1.staticflickr.com\/6\/5721\/30978703552_f18fc907de_b.jpg\" alt=\"ali di chimera donne\" width=\"640\" height=\"900\" \/><\/p>\n","protected":false},"excerpt":{"rendered":"<p><img loading=\"lazy\" decoding=\"async\" src=\"https:\/\/c6.staticflickr.com\/6\/5800\/31121752085_7fd2ba64c3_n.jpg\" alt=\"Lavinia Orlando e Mariano Di Venere\" width=\"320\" height=\"180\" \/><\/p>\n","protected":false},"author":1,"featured_media":0,"comment_status":"open","ping_status":"closed","sticky":false,"template":"","format":"standard","meta":{"colormag_page_container_layout":"default_layout","colormag_page_sidebar_layout":"default_layout","footnotes":""},"categories":[6],"tags":[],"class_list":["post-14453","post","type-post","status-publish","format-standard","hentry","category-cultura"],"_links":{"self":[{"href":"https:\/\/archivioturi.lavocedelpaese.info\/index.php\/wp-json\/wp\/v2\/posts\/14453","targetHints":{"allow":["GET"]}}],"collection":[{"href":"https:\/\/archivioturi.lavocedelpaese.info\/index.php\/wp-json\/wp\/v2\/posts"}],"about":[{"href":"https:\/\/archivioturi.lavocedelpaese.info\/index.php\/wp-json\/wp\/v2\/types\/post"}],"author":[{"embeddable":true,"href":"https:\/\/archivioturi.lavocedelpaese.info\/index.php\/wp-json\/wp\/v2\/users\/1"}],"replies":[{"embeddable":true,"href":"https:\/\/archivioturi.lavocedelpaese.info\/index.php\/wp-json\/wp\/v2\/comments?post=14453"}],"version-history":[{"count":0,"href":"https:\/\/archivioturi.lavocedelpaese.info\/index.php\/wp-json\/wp\/v2\/posts\/14453\/revisions"}],"wp:attachment":[{"href":"https:\/\/archivioturi.lavocedelpaese.info\/index.php\/wp-json\/wp\/v2\/media?parent=14453"}],"wp:term":[{"taxonomy":"category","embeddable":true,"href":"https:\/\/archivioturi.lavocedelpaese.info\/index.php\/wp-json\/wp\/v2\/categories?post=14453"},{"taxonomy":"post_tag","embeddable":true,"href":"https:\/\/archivioturi.lavocedelpaese.info\/index.php\/wp-json\/wp\/v2\/tags?post=14453"}],"curies":[{"name":"wp","href":"https:\/\/api.w.org\/{rel}","templated":true}]}}