{"id":14446,"date":"2016-11-17T02:50:29","date_gmt":"2016-11-17T02:50:29","guid":{"rendered":"https:\/\/archivioturi.lavocedelpaese.info\/index.php\/2016\/11\/17\/carovana-per-il-no-liniziativa-di-silvio-berlusconi-passa-da-turi\/"},"modified":"2016-11-17T02:50:29","modified_gmt":"2016-11-17T02:50:29","slug":"carovana-per-il-no-liniziativa-di-silvio-berlusconi-passa-da-turi","status":"publish","type":"post","link":"https:\/\/archivioturi.lavocedelpaese.info\/index.php\/2016\/11\/17\/carovana-per-il-no-liniziativa-di-silvio-berlusconi-passa-da-turi\/","title":{"rendered":"Carovana per il no: l&#8217;iniziativa di Silvio Berlusconi passa da Turi"},"content":{"rendered":"<p><img loading=\"lazy\" decoding=\"async\" src=\"https:\/\/c7.staticflickr.com\/6\/5680\/22816045798_4dae5578e6_n.jpg\" alt=\"carovana del no (2)\" width=\"320\" height=\"180\" \/><\/p>\n<p style=\"text-align: justify;\">&nbsp;<\/p>\n<p style=\"text-align: justify;\">\u00c8 cominciata lo scorso 4 novembre la carovana di Fiat 500, con il logo di Forza Italia e la scritta &#8220;io voto NO&#8221;, attualmente in giro per l&#8217; Italia. La carovana, che si concluder\u00e0 alla vigilia del referendum sulla riforma costituzionale, interesser\u00e0 anche Turi, facendo tappa nel nostro Comune verso la fine di Novembre (al momento non vi \u00e8 una data certa poich\u00e9 pare che le tappe stiano aumentando &#8220;in itinere&#8221; e siano passate da 100 a 300).<\/p>\n<p style=\"text-align: justify;\">Alla manifestazione, ovviamente, parteciper\u00e0 il Coordinatore di Forza Italia per Turi, <strong>Paolo Tundo<\/strong>: \u00abHo concordato con Simone Furlan, il responsabile organizzativo di Silvio Berlusconi, il passaggio da Turi. Le quindici 500 faranno una deviazione da Bari passando per il nostro Comune. Io andr\u00f2 in macchina con loro\u00bb.<\/p>\n<p style=\"text-align: justify;\">Tra gli organizzatori anche i turesi <strong>Domenico Cassotta<\/strong> e <strong>Giovanni Liuzzi<\/strong>. Domenico Cassotta ha partecipato, tra l&#8217;altro, all&#8217;organizzazione dell&#8217;evento a livello nazionale ed ha potuto anche incontrare Silvio Berlusconi lo scorso 4 novembre. \u00abSiamo stati invitati da Silvio Berlusconi a compiere questa missione \u2013 commenta Cassotta \u2013 e cercheremo di fare il giro di Italia\u00bb. Quanto all&#8217;incontro con il leader forzista racconta: \u00abEravamo a Milano, lui ci ha voluti ricevere e parlare di persona. Un grande onore\u00bb.<\/p>\n<p style=\"text-align: justify;\">Al di l\u00e0 dei colori politici, si tratta di un&#8217;efficace iniziativa rivolta a chi \u00e8 ancora indeciso su come esprimersi il 4 dicembre, che si affianca a tante iniziative similari, organizzate e promosse da altri partiti e movimenti, convintamente schierati per il s\u00ec o per il no.<\/p>\n<p><img loading=\"lazy\" decoding=\"async\" src=\"https:\/\/c5.staticflickr.com\/6\/5633\/22816046148_6fc5159eb7_z.jpg\" alt=\"carovana del no (1)\" width=\"640\" height=\"425\" \/><\/p>\n","protected":false},"excerpt":{"rendered":"<p><img loading=\"lazy\" decoding=\"async\" src=\"https:\/\/c7.staticflickr.com\/6\/5680\/22816045798_4dae5578e6_n.jpg\" alt=\"carovana del no (2)\" width=\"320\" height=\"180\" \/><\/p>\n","protected":false},"author":1,"featured_media":0,"comment_status":"open","ping_status":"closed","sticky":false,"template":"","format":"standard","meta":{"colormag_page_container_layout":"default_layout","colormag_page_sidebar_layout":"default_layout","footnotes":""},"categories":[4],"tags":[],"class_list":["post-14446","post","type-post","status-publish","format-standard","hentry","category-politica"],"_links":{"self":[{"href":"https:\/\/archivioturi.lavocedelpaese.info\/index.php\/wp-json\/wp\/v2\/posts\/14446","targetHints":{"allow":["GET"]}}],"collection":[{"href":"https:\/\/archivioturi.lavocedelpaese.info\/index.php\/wp-json\/wp\/v2\/posts"}],"about":[{"href":"https:\/\/archivioturi.lavocedelpaese.info\/index.php\/wp-json\/wp\/v2\/types\/post"}],"author":[{"embeddable":true,"href":"https:\/\/archivioturi.lavocedelpaese.info\/index.php\/wp-json\/wp\/v2\/users\/1"}],"replies":[{"embeddable":true,"href":"https:\/\/archivioturi.lavocedelpaese.info\/index.php\/wp-json\/wp\/v2\/comments?post=14446"}],"version-history":[{"count":0,"href":"https:\/\/archivioturi.lavocedelpaese.info\/index.php\/wp-json\/wp\/v2\/posts\/14446\/revisions"}],"wp:attachment":[{"href":"https:\/\/archivioturi.lavocedelpaese.info\/index.php\/wp-json\/wp\/v2\/media?parent=14446"}],"wp:term":[{"taxonomy":"category","embeddable":true,"href":"https:\/\/archivioturi.lavocedelpaese.info\/index.php\/wp-json\/wp\/v2\/categories?post=14446"},{"taxonomy":"post_tag","embeddable":true,"href":"https:\/\/archivioturi.lavocedelpaese.info\/index.php\/wp-json\/wp\/v2\/tags?post=14446"}],"curies":[{"name":"wp","href":"https:\/\/api.w.org\/{rel}","templated":true}]}}