{"id":14422,"date":"2016-11-09T05:18:00","date_gmt":"2016-11-09T05:18:00","guid":{"rendered":"https:\/\/archivioturi.lavocedelpaese.info\/index.php\/2016\/11\/09\/vendemmia-e-novello-a-turi\/"},"modified":"2016-11-09T05:18:00","modified_gmt":"2016-11-09T05:18:00","slug":"vendemmia-e-novello-a-turi","status":"publish","type":"post","link":"https:\/\/archivioturi.lavocedelpaese.info\/index.php\/2016\/11\/09\/vendemmia-e-novello-a-turi\/","title":{"rendered":"Vendemmia e Novello a Turi"},"content":{"rendered":"<p><img loading=\"lazy\" decoding=\"async\" src=\"https:\/\/c7.staticflickr.com\/6\/5787\/30814304646_3fc8b174a3_n.jpg\" alt=\"uva raccolta\" width=\"320\" height=\"240\" \/><\/p>\n<p style=\"text-align: center;\"><strong><br \/><\/strong><\/p>\n<p style=\"text-align: center;\"><strong>Coppi e Giuliani nel Mercato Internazionale<\/strong><\/p>\n<p style=\"text-align: center;\"><strong><br \/><\/strong><\/p>\n<p style=\"text-align: justify;\">Il settore primario subisce i contraccolpi della crisi ma non si arrende: abbiamo grossi produttori cerasicoli sul nostro territorio, ma anche i produttori di vino non scherzano. In particolare possiamo vantare due grandi realt\u00e0, ovvero le aziende vinicole Giuliani e Coppi, che da anni sono leader nel loro settore, e portano in alto il nome e le ricchezze storico-culturali di Turi grazie al loro brand.<\/p>\n<p style=\"text-align: justify;\">Per entrare meglio nell\u2019argomento, abbiamo chiesto ai due titolari delle imprese vinicole in questione un parere sull\u2019ultima annata dell\u2019uva e su come i mercati si stiano sviluppando.<\/p>\n<p><img loading=\"lazy\" decoding=\"async\" src=\"https:\/\/c3.staticflickr.com\/6\/5710\/30549776090_3d126dc8d2_n.jpg\" alt=\"Il brand Giuliani\" style=\"margin: 6px; float: right;\" width=\"320\" height=\"143\" \/><\/p>\n<p style=\"text-align: justify;\">L\u2019imprenditore <strong>Giuliani<\/strong> ci ha spiegato in dettaglio cosa \u00e8 accaduto durante la vendemmia: \u201cL\u2019annata 2016, per quanto riguarda la viticultura da vino, \u00e8 stata un\u2019annata media. Non \u00e8 stato un anno eccezionale perch\u00e9 le piogge di settembre ci hanno un po\u2019 pregiudicato il raccolto. Ma chi come me aveva gi\u00e0 iniziato a fare la vendemmia prima del 10 settembre, si \u00e8 trovato abbastanza bene. Noi avevamo gi\u00e0 fatto met\u00e0 raccolto, quindi abbiamo potuto immettere sul mercato un prodotto buono, che di conseguenza ci ha permesso d\u2019avere una buona annata. Nella mia azienda c\u2019\u00e8 stato un calo nella quantit\u00e0 (15\/30%) di prodotto per ettaro, dovuto al caldo estivo che ha fatto perdere peso all\u2019uva, che una volta avvizzita e disidratata va a far accumulare una grossa quantit\u00e0 di zuccheri e di conseguenza d\u2019alcool. Ma tutto sommato \u00e8 andata bene.<\/p>\n<p style=\"text-align: justify;\">&#8220;Il mercato \u00e8 cambiato poco di recente \u2013 prosegue Giuliani \u2013 diciamo che la strategia migliore \u00e8 quella di puntare sulla qualit\u00e0. Si sa, la qualit\u00e0 del prodotto vince alla lunga. Ogni anno \u2018seminiamo\u2019 partecipando a tante manifestazioni, e dopo 4\/5 mesi iniziamo a \u2018raccogliere\u2019 i frutti di queste campagne. Recentemente siamo stati all\u2019Expo in Polonia, una grande nazione in cui ci interessava essere presenti con i nostri prodotti, e dove abbiamo preso un buon numero di contatti commerciali utili. Molti sono stati entusiasti dei prodotti presentati\u201d.<\/p>\n<p><img loading=\"lazy\" decoding=\"async\" src=\"https:\/\/c8.staticflickr.com\/6\/5449\/30762845831_512470b76c_n.jpg\" alt=\"Le Cantine Coppi\" style=\"margin: 6px; float: left;\" width=\"320\" height=\"152\" \/><\/p>\n<p style=\"text-align: justify;\">L\u2019imprenditore <strong>Domenico Coppi<\/strong> invece, ci spiega quanto siano importanti per il mercato i premi che enti come il \u201cTouring Club\u201d o il \u201cGambero Rosso\u201d consegnano ai produttori: \u201cI mercati continuano ad apprezzare quello che il territorio pugliese offre in tutti i settori. Noi produttori ci stiamo mettendo tanto impegno per sviluppare e promuovere al meglio la nostra regione. In questo momento i mercati stanno percependo questo cambiamento in positivo della Puglia, quindi continuiamo a investire nelle trattative con i paesi esteri. Sono da poco tornato da una manifestazione in Canada, dal 12 al 19 saremo a Tokyo per una delle fiere pi\u00f9 importanti del mondo, il \u201cVinexpo\u201d. Qui ci sar\u00e0 anche una degustazione del \u201cGambero Rosso\u201d, l\u2019azienda pi\u00f9 autorevole nel giudizio di qualit\u00e0, che ci ha premiato quest\u2019anno con i \u201cTre Bicchieri\u201d: un attestato d\u2019eccellenza che non solo premia lo sforzo della nostra famiglia che da anni investe su Turi e sul prodotto, ma che \u00e8 anche un ottimo biglietto da visita per presentarsi ai mercati esteri. Abbiamo inoltre ristrutturato la storica cantina del 1882 per renderla visitabile ai turisti\u201d.<\/p>\n<p style=\"text-align: justify;\">Nelle conversazioni avute con entrambi i produttori, \u00e8 pi\u00f9 che palese l\u2019interesse verso il mercato del vino internazionale, ormai fondamentale per combattere la crisi e per competere con gli altri grossi produttori che vogliono sovrastarci.<\/p>\n<p style=\"text-align: justify;\">Sia Giuliani che Coppi, infatti, hanno tre importanti tappe in programma nel centro Europa, precisamente in Olanda, Belgio e Lussemburgo, dove andranno ad esporre e a presentare i prodotti della nostra terra.<\/p>\n","protected":false},"excerpt":{"rendered":"<p><img loading=\"lazy\" decoding=\"async\" src=\"https:\/\/c7.staticflickr.com\/6\/5787\/30814304646_3fc8b174a3_n.jpg\" alt=\"uva raccolta\" width=\"320\" height=\"240\" \/><\/p>\n","protected":false},"author":1,"featured_media":0,"comment_status":"open","ping_status":"closed","sticky":false,"template":"","format":"standard","meta":{"colormag_page_container_layout":"default_layout","colormag_page_sidebar_layout":"default_layout","footnotes":""},"categories":[7],"tags":[],"class_list":["post-14422","post","type-post","status-publish","format-standard","hentry","category-attualita"],"_links":{"self":[{"href":"https:\/\/archivioturi.lavocedelpaese.info\/index.php\/wp-json\/wp\/v2\/posts\/14422","targetHints":{"allow":["GET"]}}],"collection":[{"href":"https:\/\/archivioturi.lavocedelpaese.info\/index.php\/wp-json\/wp\/v2\/posts"}],"about":[{"href":"https:\/\/archivioturi.lavocedelpaese.info\/index.php\/wp-json\/wp\/v2\/types\/post"}],"author":[{"embeddable":true,"href":"https:\/\/archivioturi.lavocedelpaese.info\/index.php\/wp-json\/wp\/v2\/users\/1"}],"replies":[{"embeddable":true,"href":"https:\/\/archivioturi.lavocedelpaese.info\/index.php\/wp-json\/wp\/v2\/comments?post=14422"}],"version-history":[{"count":0,"href":"https:\/\/archivioturi.lavocedelpaese.info\/index.php\/wp-json\/wp\/v2\/posts\/14422\/revisions"}],"wp:attachment":[{"href":"https:\/\/archivioturi.lavocedelpaese.info\/index.php\/wp-json\/wp\/v2\/media?parent=14422"}],"wp:term":[{"taxonomy":"category","embeddable":true,"href":"https:\/\/archivioturi.lavocedelpaese.info\/index.php\/wp-json\/wp\/v2\/categories?post=14422"},{"taxonomy":"post_tag","embeddable":true,"href":"https:\/\/archivioturi.lavocedelpaese.info\/index.php\/wp-json\/wp\/v2\/tags?post=14422"}],"curies":[{"name":"wp","href":"https:\/\/api.w.org\/{rel}","templated":true}]}}