{"id":14408,"date":"2016-11-04T03:22:42","date_gmt":"2016-11-04T03:22:42","guid":{"rendered":"https:\/\/archivioturi.lavocedelpaese.info\/index.php\/2016\/11\/04\/ponte-di-via-conversano-arriva-la-relazione\/"},"modified":"2016-11-04T03:22:42","modified_gmt":"2016-11-04T03:22:42","slug":"ponte-di-via-conversano-arriva-la-relazione","status":"publish","type":"post","link":"https:\/\/archivioturi.lavocedelpaese.info\/index.php\/2016\/11\/04\/ponte-di-via-conversano-arriva-la-relazione\/","title":{"rendered":"Ponte di via Conversano: arriva la relazione"},"content":{"rendered":"<p><img loading=\"lazy\" decoding=\"async\" src=\"https:\/\/c1.staticflickr.com\/9\/8412\/29972950680_e5ecc82855_n.jpg\" alt=\"ponte via Conversano\" width=\"320\" height=\"240\" \/><\/p>\n<p style=\"text-align: center;\"><strong><br \/><\/strong><\/p>\n<p style=\"text-align: center;\"><strong>Il ponte necessita di essere allargato. Tundo: \u00abSperiamo che il Sindaco mantenga le promesse\u00bb<\/strong><\/p>\n<p>&nbsp;<\/p>\n<p style=\"text-align: justify;\">Non poche polemiche aveva creato nelle settimane scorse l&#8217;apertura da parte del RUP del ponte di via Conversano, avvenuta assolutamente &#8220;inaspettatamente&#8221; il 29 settembre scorso, giorno dell&#8217;ultimo Consiglio Comunale.<\/p>\n<p style=\"text-align: justify;\">L&#8217;apertura del ponte sarebbe stata assolutamente &#8220;non autorizzata&#8221; da nessuno e, quel che \u00e8 pi\u00f9 grave, nessuno dell&#8217;Amministrazione sembrava essere a conoscenza. Avevamo in quell&#8217;occasione contattato <strong>Serena Zaccheo<\/strong>, Assessore ai Lavori Pubblici che ci aveva comunicato di aver richiesto un collaudo tecnico: \u00abAl momento noi siamo in attesa di avere la relazione di collaudo tecnico amministrativo contabile\u00bb &#8211; aveva dichiarato una settimana fa. Tale relazione sembra essere dunque arrivata, come confermato dalla stessa Zaccheo che per\u00f2 asserisce: \u00abNon ho nulla da dichiarare dal momento che occorre vagliare la relazione dal punto di vista politico e gestionale\u00bb.<\/p>\n<p style=\"text-align: justify;\">Ci arrivano tuttavia indiscrezioni dal Consigliere comunale<strong> Paolo Tundo<\/strong>, che svela: \u00abIl ponte \u00e8 stato aperto e mi va bene cos\u00ec, dal momento che il ponte bloccato costituiva un problema. Per loro evidentemente va tutto bene, ma con il Sindaco abbiamo definito un indirizzo politico affinch\u00e9 il ponte venga allargato al pi\u00f9 presto; su quel ponte mancano i marciapiedi, manca il passaggio per i disabili e manca una pista ciclabile; \u00e8 un ponte che nasce stretto: se l&#8217;avessero fatto pi\u00f9 largo sarebbe stato meglio. Occorrer\u00e0 che nel prossimo Bilancio di previsione il Sindaco preveda dei fondi per renderlo pi\u00f9 sicuro.Abbiamo dunque raggiunto, tra maggioranza e opposizione, questo tipo di accordo, purch\u00e9 la promessa di allargare il ponte venga mantenuta, dal momento che questa Amministrazione sembra essere avvezza a non mantenere le promesse\u00bb.<\/p>\n<p style=\"text-align: justify;\">Paolo Tundo non perde infatti l&#8217;occasione per dare una sferzata all&#8217;Amministrazione: \u00abSe fossi stato al posto del Sindaco avrei chiesto scusa per l&#8217;errore di valutazione e mi sarei assunto le mie responsabilit\u00e0, senza scaricare la colpa sugli architetti. D&#8217;altronde scaricare le colpe sembra essere una caratteristica di questa Amministrazione\u00bb.<\/p>\n<p style=\"text-align: justify;\">Al di l\u00e0 delle beghe politiche e dei dissapori che sembrano essere fisiologici nel gioco della politica, il bene cittadino dovrebbe essere messo in primo piano. Quindi finch\u00e9 non si metter\u00e0 in regola quel ponte si raccomanda prudenza. E pazienza.<\/p>\n","protected":false},"excerpt":{"rendered":"<p><img loading=\"lazy\" decoding=\"async\" src=\"https:\/\/c1.staticflickr.com\/9\/8412\/29972950680_e5ecc82855_n.jpg\" alt=\"ponte via Conversano\" width=\"320\" height=\"240\" \/><\/p>\n","protected":false},"author":1,"featured_media":0,"comment_status":"open","ping_status":"closed","sticky":false,"template":"","format":"standard","meta":{"colormag_page_container_layout":"default_layout","colormag_page_sidebar_layout":"default_layout","footnotes":""},"categories":[4],"tags":[],"class_list":["post-14408","post","type-post","status-publish","format-standard","hentry","category-politica"],"_links":{"self":[{"href":"https:\/\/archivioturi.lavocedelpaese.info\/index.php\/wp-json\/wp\/v2\/posts\/14408","targetHints":{"allow":["GET"]}}],"collection":[{"href":"https:\/\/archivioturi.lavocedelpaese.info\/index.php\/wp-json\/wp\/v2\/posts"}],"about":[{"href":"https:\/\/archivioturi.lavocedelpaese.info\/index.php\/wp-json\/wp\/v2\/types\/post"}],"author":[{"embeddable":true,"href":"https:\/\/archivioturi.lavocedelpaese.info\/index.php\/wp-json\/wp\/v2\/users\/1"}],"replies":[{"embeddable":true,"href":"https:\/\/archivioturi.lavocedelpaese.info\/index.php\/wp-json\/wp\/v2\/comments?post=14408"}],"version-history":[{"count":0,"href":"https:\/\/archivioturi.lavocedelpaese.info\/index.php\/wp-json\/wp\/v2\/posts\/14408\/revisions"}],"wp:attachment":[{"href":"https:\/\/archivioturi.lavocedelpaese.info\/index.php\/wp-json\/wp\/v2\/media?parent=14408"}],"wp:term":[{"taxonomy":"category","embeddable":true,"href":"https:\/\/archivioturi.lavocedelpaese.info\/index.php\/wp-json\/wp\/v2\/categories?post=14408"},{"taxonomy":"post_tag","embeddable":true,"href":"https:\/\/archivioturi.lavocedelpaese.info\/index.php\/wp-json\/wp\/v2\/tags?post=14408"}],"curies":[{"name":"wp","href":"https:\/\/api.w.org\/{rel}","templated":true}]}}