{"id":14407,"date":"2016-11-03T03:40:45","date_gmt":"2016-11-03T03:40:45","guid":{"rendered":"https:\/\/archivioturi.lavocedelpaese.info\/index.php\/2016\/11\/03\/referendum-costituzionale-le-ragioni-del-no\/"},"modified":"2016-11-03T03:40:45","modified_gmt":"2016-11-03T03:40:45","slug":"referendum-costituzionale-le-ragioni-del-no","status":"publish","type":"post","link":"https:\/\/archivioturi.lavocedelpaese.info\/index.php\/2016\/11\/03\/referendum-costituzionale-le-ragioni-del-no\/","title":{"rendered":"Referendum Costituzionale: \u201cLe ragioni del NO\u201d"},"content":{"rendered":"<p><img loading=\"lazy\" decoding=\"async\" src=\"https:\/\/c8.staticflickr.com\/6\/5551\/30722783335_23456b123b_n.jpg\" alt=\"referendum relatori\" width=\"320\" height=\"240\" \/><\/p>\n<p style=\"text-align: center;\"><strong><br \/><\/strong><\/p>\n<p style=\"text-align: center;\"><strong>Dibattito pubblico per discutere del voto importantissimo del Referendum<\/strong><\/p>\n<p style=\"text-align: center;\"><strong><br \/><\/strong><\/p>\n<p style=\"text-align: justify;\">Con l\u2019imminente arrivo del Referendum costituzionale del 4 dicembre, l\u2019ANPI Turi ha organizzato per luned\u00ec 24 ottobre all\u2019interno della sala conferenza del convento delle Clarisse, un dibattito pubblico per far spiegare da degli esperti in materia le ragioni del NO al referendum.<\/p>\n<p style=\"text-align: justify;\">I relatori dell\u2019evento sono stati il professore ordinario di Diritto Costituzionale Alessandro Torre, il professore ordinario di Storia delle dottrine politiche Nicola Colonna e il segretario provinciale dell\u2019ANPI Bari Pasquale Martino, moderati e interpellati dall\u2019abile Mauro Paladini. Sono stati tanti gli argomenti trattati, anche perch\u00e9 sono molteplici \u201cle ragioni del NO\u201d, e i relatori hanno espresso con chiarezza i loro punti.<\/p>\n<p style=\"text-align: justify;\">Il prof. <strong>Alessandro Torre<\/strong> ha spiegato in dettaglio cosa va a modificare la riforma e in che maniera questo va a cambiare le dinamiche politiche italiane: \u201cAnche se il senato perde poteri e membri, ci sono dei procedimenti legislativi che comunque \u00e8 dovuto a seguire e che richiedono un lavoro intenso per la camera. Questo significa che ipoteticamente il sindaco di Turi dovrebbe lasciare turi e andare a Roma per trascorrere diversi giorni per fare il parlamentare. Ma questo amministratore viene sistemato in una posizione che lo estranierebbe completamente dalla funzione d\u2019origine. E tutto questo verrebbe fatto senza indennit\u00e0, quindi svogliando di fatto i senatori a fare il proprio dovere, creando cos\u00ec un senato fantoccio.<\/p>\n<p><img loading=\"lazy\" decoding=\"async\" src=\"https:\/\/c1.staticflickr.com\/6\/5449\/30605986552_e318bc51b3_n.jpg\" alt=\"referendum pubblico\" style=\"margin: 6px; float: left;\" width=\"320\" height=\"240\" \/><\/p>\n<p style=\"text-align: justify;\">&#8220;Renzi ha detto \u2013 continua il professore \u2013 che l\u2019importante \u00e8 che il senato possa riunirsi anche solo una volta al mese. Ma pu\u00f2 un organo cos\u00ec importante vedersi cos\u00ec sporadicamente? Recentemente sta avvenendo che quando ci sono delle contraddizioni che vengono messe fortemente in evidenza, questo governo tenta di modificare all\u2019ultimo, oppure promette di modificarle a riforma approvata. Inoltre le regioni a statuto speciale non sono coinvolte in questo processo. Ci sono delle norme che stabiliscono l\u2019incompatibilit\u00e0 tra essere membri di un consiglio regionale con l\u2019essere membri di altri consigli, e questo significa che queste regioni non potranno inviare un loro rappresentante a meno che non cambino il loro statuto speciale. Una delle motivazioni pi\u00f9 importanti della riforma \u00e8 quella di fare le leggi con rapidit\u00e0, per\u00f2 stiamo sperimentando che fare ci\u00f2 non \u00e8 garanzia di buona legislazione. La lentezza della legislazione Italiana non \u00e8 stata sempre colpa del Senato. I mezzi per rendere spedito il procedimento elettorale ci sono e non \u00e8 detto che debbano passare togliendo potere al senato&#8221;.<\/p>\n<p style=\"text-align: justify;\">&#8220;Con questa riforma &#8211; prosegue Torre &#8211; ci sar\u00e0 il trasferimento della maggior parte dei poteri dalle regioni allo stato centrale, tranne alcune mansioni (sanitarie, sociali e culturali), ma che possono comunque essere tolte se la regione non dimostra d\u2019esserne all\u2019altezza. C\u2019\u00e8 di fatto un ritorno ad uno stato di carattere centralista. Si dice che questa riforma vada a toccare solo la seconda parte della Costituzione. Ma in realt\u00e0 con l\u2019accentramento va completamente contro l\u2019articolo 5 situato nella prima parte: &#8216;La Repubblica, una e indivisibile, riconosce e promuove le autonomie locali; attua nei servizi che dipendono dallo Stato il pi\u00f9 ampio decentramento amministrativo; adegua i principi ed i metodi della sua legislazione alle esigenze dell&#8217;autonomia e del decentramento&#8217;. Certi poteri possono essere restituiti a quelle regioni che dimostrano d\u2019aver raggiunto un certo equilibrio di bilancio. Questo comporterebbe una sorta di competizione orizzontale tra regioni, che per risanare i bilanci andrebbero ad applicare tagli laddove possono ancora operare, andando cos\u00ec a ledere la qualit\u00e0 della vita dei singoli cittadini\u201d.<\/p>\n<p><img loading=\"lazy\" decoding=\"async\" src=\"https:\/\/c8.staticflickr.com\/6\/5793\/30634949591_511d67c36d_n.jpg\" alt=\"referendum pubblico (2)\" style=\"margin: 6px; float: right;\" width=\"320\" height=\"180\" \/><\/p>\n<p style=\"text-align: justify;\">Il professor <strong>Nicola Colonna <\/strong>invece mette in dubbio la legittimit\u00e0 del parlamento attuale: \u201cChi ha voluto una riforma costituzionale? Sta intervenendo un parlamento che \u00e8 stato contrassegnato da una sentenza della corta istituzionale, che ha detto che questo parlamento \u00e8 privo di legittimazione democratica, un parlamento di questo tipo, non solo ha continuato a fare leggi (e che leggi) ma \u00e8 andato addirittura a modificare una materia come quella costituzionale che una legge fondamentale, e l\u2019ha fatto con una risicata maggioranza di voti. C\u2019\u00e8 un problema di metodo. Ce n\u2019era davvero bisogno? Il bisogno pi\u00f9 importante era quello di cambiare la sostituzione? Abbiamo la disoccupazione pi\u00f9 alta in Europa dopo la Grecia. Una disoccupazione che colpisce soprattutto il mezzogiorno, in particolare giovani e donne, e tra loro quelli pi\u00f9 qualificati ovvero diplomati e laureati. Quindi c\u2019\u00e8 uno spreco enorme di risorse umane. Negli ultimi quindici anni siamo passati dal ventitreesimo al quarantottesimo posto in quanto a produttivit\u00e0. Ci sono problemi ben pi\u00f9 urgenti da essere trattati&#8221;.<\/p>\n<p style=\"text-align: justify;\"><strong>Pasquale Martino<\/strong> ha poi concluso: \u201cAbbiamo poco spazio sui mass media noi che sosteniamo il No al referendum, con il governo invece che ad ogni sua uscita, fa inevitabilmente campagna referendaria. Le costituzioni nascono da una necessit\u00e0 storica. La domanda \u201cchi ha voluto questa riforma\u201d \u00e8 del tutto giusta, a quale necessit\u00e0 corrisponde? E\u2019 del tutto riduttivo e misero rispondere con l\u2019abbassamento dei costi della politica. Risparmi che sono ben lontani dalle cifre gigantesche che vengono sperperate&#8221;.<\/p>\n<p style=\"text-align: justify;\">&nbsp;<\/p>\n","protected":false},"excerpt":{"rendered":"<p><img loading=\"lazy\" decoding=\"async\" src=\"https:\/\/c8.staticflickr.com\/6\/5551\/30722783335_23456b123b_n.jpg\" alt=\"referendum relatori\" width=\"320\" height=\"240\" \/><\/p>\n","protected":false},"author":1,"featured_media":0,"comment_status":"open","ping_status":"closed","sticky":false,"template":"","format":"standard","meta":{"colormag_page_container_layout":"default_layout","colormag_page_sidebar_layout":"default_layout","footnotes":""},"categories":[4],"tags":[],"class_list":["post-14407","post","type-post","status-publish","format-standard","hentry","category-politica"],"_links":{"self":[{"href":"https:\/\/archivioturi.lavocedelpaese.info\/index.php\/wp-json\/wp\/v2\/posts\/14407","targetHints":{"allow":["GET"]}}],"collection":[{"href":"https:\/\/archivioturi.lavocedelpaese.info\/index.php\/wp-json\/wp\/v2\/posts"}],"about":[{"href":"https:\/\/archivioturi.lavocedelpaese.info\/index.php\/wp-json\/wp\/v2\/types\/post"}],"author":[{"embeddable":true,"href":"https:\/\/archivioturi.lavocedelpaese.info\/index.php\/wp-json\/wp\/v2\/users\/1"}],"replies":[{"embeddable":true,"href":"https:\/\/archivioturi.lavocedelpaese.info\/index.php\/wp-json\/wp\/v2\/comments?post=14407"}],"version-history":[{"count":0,"href":"https:\/\/archivioturi.lavocedelpaese.info\/index.php\/wp-json\/wp\/v2\/posts\/14407\/revisions"}],"wp:attachment":[{"href":"https:\/\/archivioturi.lavocedelpaese.info\/index.php\/wp-json\/wp\/v2\/media?parent=14407"}],"wp:term":[{"taxonomy":"category","embeddable":true,"href":"https:\/\/archivioturi.lavocedelpaese.info\/index.php\/wp-json\/wp\/v2\/categories?post=14407"},{"taxonomy":"post_tag","embeddable":true,"href":"https:\/\/archivioturi.lavocedelpaese.info\/index.php\/wp-json\/wp\/v2\/tags?post=14407"}],"curies":[{"name":"wp","href":"https:\/\/api.w.org\/{rel}","templated":true}]}}