{"id":14391,"date":"2016-10-14T01:37:59","date_gmt":"2016-10-14T01:37:59","guid":{"rendered":"https:\/\/archivioturi.lavocedelpaese.info\/index.php\/2016\/10\/14\/costruiamo-il-no-sociale\/"},"modified":"2016-10-14T01:37:59","modified_gmt":"2016-10-14T01:37:59","slug":"costruiamo-il-no-sociale","status":"publish","type":"post","link":"https:\/\/archivioturi.lavocedelpaese.info\/index.php\/2016\/10\/14\/costruiamo-il-no-sociale\/","title":{"rendered":"Costruiamo il NO sociale"},"content":{"rendered":"<p><img loading=\"lazy\" decoding=\"async\" src=\"https:\/\/c3.staticflickr.com\/9\/8273\/29639854714_8d8ed44018_n.jpg\" alt=\"resta e lerede\" width=\"320\" height=\"204\" \/><\/p>\n<p style=\"text-align: justify;\">&nbsp;<\/p>\n<p style=\"text-align: justify;\">Al nostro interno abbiamo parlato e discusso del prossimo referendum per le modifiche costituzionali e abbiamo condiviso le ragioni del no. \u00c8 nostro obiettivo fare pi\u00f9 iniziative possibili per divulgare le nostre motivazioni.<\/p>\n<p style=\"text-align: justify;\">Sinistra Italiana e Rifondazione Comunista di Turi ritengono, contestualmente, che sia prioritario e doveroso creare un comitato cittadino per il No che promuova una capillare campagna di informazione sul territorio e sui mezzi di comunicazione al fine di permettere alla gente di esprimere un No consapevole.<\/p>\n<p style=\"text-align: justify;\">A questo scopo \u00e8 nostra intenzione far rete con le diverse realt\u00e0 territoriali: studenti, liberi professionisti, docenti e ovviamente associazioni a partire dall&#8217;Anpi, in modo da creare un comitato non partitico perch\u00e8 crediamo che Il cammino verso il referendum non sia solo una battaglia politica tra partiti ma una questione che riguarda tutta la cittadinanza che si riconosce nei valori della nostra costituzione. In questo referendum, \u00e8 il caso di ricordarlo, \u00e8 in ballo molto di pi\u00f9 del governo Renzi. Qui si tratta di difendere la nostra democrazia, da sempre pluralista, dai continui attacchi di chi vuole una sempre pi\u00f9 centralizzazione e personalizzazione del potere, facendola passare per riduzione delle spese, quando invece \u00e8 una vera e propria emergenza democratica.<\/p>\n<p style=\"text-align: justify;\">Crediamo che restituire la sovranit\u00e0 alla popolazione e difendere gli strumenti di garanzia previsti dalla nostra Costituzione non sia un obiettivo di sinistra o di destra ma un dovere morale per chiunque faccia politica democratica.<\/p>\n<p style=\"text-align: right;\"><strong>FABRIZIO RESTA<\/strong> <br \/>Segretario di Sinistra Italiana Turi<\/p>\n<p style=\"text-align: right;\"><strong>MIRTA LEREDE<\/strong> <br \/>Segretaria di Rifondazione Comunista di Turi<\/p>\n","protected":false},"excerpt":{"rendered":"<p><img loading=\"lazy\" decoding=\"async\" src=\"https:\/\/c3.staticflickr.com\/9\/8273\/29639854714_8d8ed44018_n.jpg\" alt=\"resta e lerede\" width=\"320\" height=\"204\" \/><\/p>\n","protected":false},"author":1,"featured_media":0,"comment_status":"open","ping_status":"closed","sticky":false,"template":"","format":"standard","meta":{"colormag_page_container_layout":"default_layout","colormag_page_sidebar_layout":"default_layout","footnotes":""},"categories":[4],"tags":[],"class_list":["post-14391","post","type-post","status-publish","format-standard","hentry","category-politica"],"_links":{"self":[{"href":"https:\/\/archivioturi.lavocedelpaese.info\/index.php\/wp-json\/wp\/v2\/posts\/14391","targetHints":{"allow":["GET"]}}],"collection":[{"href":"https:\/\/archivioturi.lavocedelpaese.info\/index.php\/wp-json\/wp\/v2\/posts"}],"about":[{"href":"https:\/\/archivioturi.lavocedelpaese.info\/index.php\/wp-json\/wp\/v2\/types\/post"}],"author":[{"embeddable":true,"href":"https:\/\/archivioturi.lavocedelpaese.info\/index.php\/wp-json\/wp\/v2\/users\/1"}],"replies":[{"embeddable":true,"href":"https:\/\/archivioturi.lavocedelpaese.info\/index.php\/wp-json\/wp\/v2\/comments?post=14391"}],"version-history":[{"count":0,"href":"https:\/\/archivioturi.lavocedelpaese.info\/index.php\/wp-json\/wp\/v2\/posts\/14391\/revisions"}],"wp:attachment":[{"href":"https:\/\/archivioturi.lavocedelpaese.info\/index.php\/wp-json\/wp\/v2\/media?parent=14391"}],"wp:term":[{"taxonomy":"category","embeddable":true,"href":"https:\/\/archivioturi.lavocedelpaese.info\/index.php\/wp-json\/wp\/v2\/categories?post=14391"},{"taxonomy":"post_tag","embeddable":true,"href":"https:\/\/archivioturi.lavocedelpaese.info\/index.php\/wp-json\/wp\/v2\/tags?post=14391"}],"curies":[{"name":"wp","href":"https:\/\/api.w.org\/{rel}","templated":true}]}}