{"id":14361,"date":"2016-08-10T08:32:09","date_gmt":"2016-08-10T08:32:09","guid":{"rendered":"https:\/\/archivioturi.lavocedelpaese.info\/index.php\/2016\/08\/10\/lasd-revolution-e-in-serie-c\/"},"modified":"2016-08-10T08:32:09","modified_gmt":"2016-08-10T08:32:09","slug":"lasd-revolution-e-in-serie-c","status":"publish","type":"post","link":"https:\/\/archivioturi.lavocedelpaese.info\/index.php\/2016\/08\/10\/lasd-revolution-e-in-serie-c\/","title":{"rendered":"L\u2019ASD Revolution \u00e8 in serie C"},"content":{"rendered":"<p><img loading=\"lazy\" decoding=\"async\" src=\"https:\/\/c8.staticflickr.com\/9\/8851\/28272167343_9ef3197e98_n.jpg\" alt=\"asd revolution turi\" width=\"320\" height=\"212\" \/><\/p>\n<p style=\"text-align: justify;\">&nbsp;<\/p>\n<p style=\"text-align: justify;\">La squadra maschile di volley turese parteciper\u00e0 al prossimo campionato regionale di serie C. Ad ufficializzare la notizia \u00e8 stata la stessa societ\u00e0 del presidente<strong> D\u2019Aprile<\/strong> e del direttore generale <strong>Marotta<\/strong> che qualche giorno fa hanno ricevuto l\u2019invito da parte della Fipav Puglia.<\/p>\n<p style=\"text-align: justify;\">Il ripescaggio nel massimo torneo regionale \u00e8 avvenuto in virt\u00f9 del piazzamento nelle prime posizioni nel ranking delle squadre ripescabili, graduatoria ottenuta in base ai risultati conseguiti nella stagione precedente. Una sorta di premio per la bella stagione disputata lo scorso anno dai biancoazzurri, costretti ad arrendersi al Grottaglie, poi vincitrice dei playoff, nel ritorno della semifinale playoff.<\/p>\n<p style=\"text-align: justify;\"><strong>Dopo quattro anni di serie D il progetto giovani del Turi approda in serie C<\/strong>; l\u2019ultima partecipazione risale alla trionfale stagione 2010-11, stagione in cui con una grande rimonta l\u2019ASP vinse un campionato equilibratissimo approdando nel campionato nazionale di B2. Un nuovo campionato avvincente, impegnativo e probante, sotto tutti i punti di vista, attende l\u2019ASD Revolution che in questi giorni lavorer\u00e0 per <strong>allestire un organico all\u2019altezza della categoria<\/strong>, puntellando i ruoli chiave nello scacchiere dello scorso anno.<\/p>\n<p style=\"text-align: justify;\">Il massimo campionato regionale maschile, il cui inizio ufficiale avverr\u00e0 nell\u2019ultimo week end di ottobre, precisamente il 29, sar\u00e0 formato da ventiquattro squadre suddivise in due gironi da dodici squadre. La Federazione dopo aver completato gli organici diramer\u00e0 a ridosso della fine del mese di agosto e l\u2019inizio di settembre la composizione dei due gironi provvedendo a stilare in seguito il calendario.<\/p>\n<p><img loading=\"lazy\" decoding=\"async\" src=\"https:\/\/c8.staticflickr.com\/9\/8851\/28272167343_9ef3197e98_z.jpg\" alt=\"asd revolution turi\" width=\"640\" height=\"423\" \/><\/p>\n","protected":false},"excerpt":{"rendered":"<p><img loading=\"lazy\" decoding=\"async\" src=\"https:\/\/c8.staticflickr.com\/9\/8851\/28272167343_9ef3197e98_n.jpg\" alt=\"asd revolution turi\" width=\"320\" height=\"212\" \/><\/p>\n","protected":false},"author":1,"featured_media":0,"comment_status":"open","ping_status":"closed","sticky":false,"template":"","format":"standard","meta":{"colormag_page_container_layout":"default_layout","colormag_page_sidebar_layout":"default_layout","footnotes":""},"categories":[5],"tags":[],"class_list":["post-14361","post","type-post","status-publish","format-standard","hentry","category-sport"],"_links":{"self":[{"href":"https:\/\/archivioturi.lavocedelpaese.info\/index.php\/wp-json\/wp\/v2\/posts\/14361","targetHints":{"allow":["GET"]}}],"collection":[{"href":"https:\/\/archivioturi.lavocedelpaese.info\/index.php\/wp-json\/wp\/v2\/posts"}],"about":[{"href":"https:\/\/archivioturi.lavocedelpaese.info\/index.php\/wp-json\/wp\/v2\/types\/post"}],"author":[{"embeddable":true,"href":"https:\/\/archivioturi.lavocedelpaese.info\/index.php\/wp-json\/wp\/v2\/users\/1"}],"replies":[{"embeddable":true,"href":"https:\/\/archivioturi.lavocedelpaese.info\/index.php\/wp-json\/wp\/v2\/comments?post=14361"}],"version-history":[{"count":0,"href":"https:\/\/archivioturi.lavocedelpaese.info\/index.php\/wp-json\/wp\/v2\/posts\/14361\/revisions"}],"wp:attachment":[{"href":"https:\/\/archivioturi.lavocedelpaese.info\/index.php\/wp-json\/wp\/v2\/media?parent=14361"}],"wp:term":[{"taxonomy":"category","embeddable":true,"href":"https:\/\/archivioturi.lavocedelpaese.info\/index.php\/wp-json\/wp\/v2\/categories?post=14361"},{"taxonomy":"post_tag","embeddable":true,"href":"https:\/\/archivioturi.lavocedelpaese.info\/index.php\/wp-json\/wp\/v2\/tags?post=14361"}],"curies":[{"name":"wp","href":"https:\/\/api.w.org\/{rel}","templated":true}]}}