{"id":14349,"date":"2016-08-07T06:26:41","date_gmt":"2016-08-07T06:26:41","guid":{"rendered":"https:\/\/archivioturi.lavocedelpaese.info\/index.php\/2016\/08\/07\/ali-di-chimera-legge-dante\/"},"modified":"2016-08-07T06:26:41","modified_gmt":"2016-08-07T06:26:41","slug":"ali-di-chimera-legge-dante","status":"publish","type":"post","link":"https:\/\/archivioturi.lavocedelpaese.info\/index.php\/2016\/08\/07\/ali-di-chimera-legge-dante\/","title":{"rendered":"Ali di Chimera legge Dante"},"content":{"rendered":"<p><img loading=\"lazy\" decoding=\"async\" src=\"https:\/\/c5.staticflickr.com\/9\/8794\/28677698796_7560cdedaf_n.jpg\" alt=\"Lectura Dantis Locandina2\" width=\"320\" height=\"257\" \/><\/p>\n<p>&nbsp;<\/p>\n<p style=\"text-align: center;\"><strong>Il 12 agosto appuntamento in Piazza Gonnelli con il Primo Canto dell&#8217;Inferno<\/strong><\/p>\n<p style=\"text-align: center;\"><strong><br \/><\/strong><\/p>\n<p style=\"text-align: justify;\">L\u2019Associazione Culturale <strong>Ali di Chimera<\/strong> \u00e8 assai lieta di presentare il suo nuovo evento culturale, si tratta dell\u2019allestimento di una delle pi\u00f9 consolidate, e allo stesso tempo suggestive, prassi di trasmissione della cultura, in particolar modo letteraria: <strong>Lectura Dantis &#8211; Viaggio nella &#8220;valle che m\u2019aveva di paura il cor compunto&#8221;<\/strong><\/p>\n<p style=\"text-align: justify;\">\u201cSin dall\u2019ottobre 1373 (solo poche decine di anni dopo la morte del Sommo Poeta), nei cortili della Chiesa di S. Maria Novella a Firenze, Giovanni Boccaccio per primo intratteneva, con la sua vasta dottrina, il pubblico fiorentino, spiegando e commentando i vari canti della Commedia, da lui tanto letta e compulsata. Durante quel cos\u00ec lontano autunno, fu inaugurata questa pratica mai scalfita nel vortiginoso trambusto dei secoli, che \u00e8 passata attraverso le pi\u00f9 svariate temperie degli orientamenti culturali e letterari succedutisi nella storia d\u2019Italia, ed oggi si propone in tutto il suo vigore nella societ\u00e0 contemporanea, alimentata da nuova linfa. Non a caso, pur nel bel mezzo del consumismo dilagante, della frenesia incontenibile nella quotidianit\u00e0 di ognuno, si percepisce, pi\u00f9 forte che mai, la necessit\u00e0 di un ritorno alla bellezza autentica, di una purezza non contaminata; e quale modo di incarnare questi ideali, solo all\u2019apparenza cos\u00ec evanescenti, pu\u00f2 rivelarsi pi\u00f9 efficace della parola poetica?\u201d<\/p>\n<p style=\"text-align: justify;\">L\u2019evento si articoler\u00e0 in tre fasi come nel pi\u00f9 classico e tradizionale schema contemporaneo:<\/p>\n<ul>\n<li style=\"text-align: justify;\">Introduzione storico-letteraria che inquadri il Poeta fiorentino nei suoi tempi e nozioni generali della Commedia;<\/li>\n<li style=\"text-align: justify;\">Lectura esegetica del testo dantesco, commento del canto che sar\u00e0 declamato;<\/li>\n<li style=\"text-align: justify;\">Lectura espressiva del testo originale.<\/li>\n<\/ul>\n<p style=\"text-align: justify;\">Questo primo incontro sar\u00e0 incentrato sul canto I dell\u2019Inferno dantesco. L\u2019introduzione storico-letteraria e la Lectura esegetica a cura <strong>Prof. Osvaldo Buonaccino D\u2019Addiego<\/strong>. Lectura espressiva a cura <strong>Giacomo Giaquinto<\/strong>.<\/p>\n<p style=\"text-align: justify;\">La lettura e l&#8217;interpretazione del testo dantesco occupano da sempre un ruolo importante. Noi di Ali di Chimera crediamo che la Divina Commedia non debba essere strettamente legata a realt\u00e0 scolastiche e accademiche ma che meriti una lettura libera e pi\u00f9 partecipata, una maggiore divulgazione e un confronto con un pubblico pi\u00f9 vasto.<\/p>\n<p style=\"text-align: justify;\">Vi aspettiamo, <strong>Venerd\u00ec 12 Agosto<\/strong> 2016, alle<strong> ore 19:30<\/strong>, nella suggestiva cornice del <strong>chiostro delle Clarisse<\/strong> ubicato nel Centro Culturale Polivalente, sito in Piazza Gonnelli. Un viaggio nel passato che diventa presente attraverso una esperienza che vi lascer\u00e0 senza fiato.<\/p>\n<p style=\"text-align: justify;\"><strong>Ingresso libero<\/strong>.<\/p>\n<p style=\"text-align: justify;\">Per info: Ali di Chimera &#8211; Associazione culturale; Cell: 392 1488152; <a marked=\"1\" target=\"_blank\" href=\"http:\/\/www.alidichimera.it\" rel=\"noopener\">www.alidichimera.it<\/a><\/p>\n<p><img loading=\"lazy\" decoding=\"async\" style=\"display: block; margin-left: auto; margin-right: auto;\" src=\"https:\/\/c8.staticflickr.com\/9\/8120\/28710383375_8c79133d41_c.jpg\" alt=\"Lectura Dantis Locandina\" width=\"569\" height=\"800\" \/><\/p>\n","protected":false},"excerpt":{"rendered":"<p><img loading=\"lazy\" decoding=\"async\" src=\"https:\/\/c5.staticflickr.com\/9\/8794\/28677698796_7560cdedaf_n.jpg\" alt=\"Lectura Dantis Locandina2\" width=\"320\" height=\"257\" \/><\/p>\n","protected":false},"author":1,"featured_media":0,"comment_status":"open","ping_status":"closed","sticky":false,"template":"","format":"standard","meta":{"colormag_page_container_layout":"default_layout","colormag_page_sidebar_layout":"default_layout","footnotes":""},"categories":[6],"tags":[],"class_list":["post-14349","post","type-post","status-publish","format-standard","hentry","category-cultura"],"_links":{"self":[{"href":"https:\/\/archivioturi.lavocedelpaese.info\/index.php\/wp-json\/wp\/v2\/posts\/14349","targetHints":{"allow":["GET"]}}],"collection":[{"href":"https:\/\/archivioturi.lavocedelpaese.info\/index.php\/wp-json\/wp\/v2\/posts"}],"about":[{"href":"https:\/\/archivioturi.lavocedelpaese.info\/index.php\/wp-json\/wp\/v2\/types\/post"}],"author":[{"embeddable":true,"href":"https:\/\/archivioturi.lavocedelpaese.info\/index.php\/wp-json\/wp\/v2\/users\/1"}],"replies":[{"embeddable":true,"href":"https:\/\/archivioturi.lavocedelpaese.info\/index.php\/wp-json\/wp\/v2\/comments?post=14349"}],"version-history":[{"count":0,"href":"https:\/\/archivioturi.lavocedelpaese.info\/index.php\/wp-json\/wp\/v2\/posts\/14349\/revisions"}],"wp:attachment":[{"href":"https:\/\/archivioturi.lavocedelpaese.info\/index.php\/wp-json\/wp\/v2\/media?parent=14349"}],"wp:term":[{"taxonomy":"category","embeddable":true,"href":"https:\/\/archivioturi.lavocedelpaese.info\/index.php\/wp-json\/wp\/v2\/categories?post=14349"},{"taxonomy":"post_tag","embeddable":true,"href":"https:\/\/archivioturi.lavocedelpaese.info\/index.php\/wp-json\/wp\/v2\/tags?post=14349"}],"curies":[{"name":"wp","href":"https:\/\/api.w.org\/{rel}","templated":true}]}}