{"id":14320,"date":"2016-07-26T09:17:58","date_gmt":"2016-07-26T09:17:58","guid":{"rendered":"https:\/\/archivioturi.lavocedelpaese.info\/index.php\/2016\/07\/26\/leo-spada-io-sono-un-uomo-concreto\/"},"modified":"2016-07-26T09:17:58","modified_gmt":"2016-07-26T09:17:58","slug":"leo-spada-io-sono-un-uomo-concreto","status":"publish","type":"post","link":"https:\/\/archivioturi.lavocedelpaese.info\/index.php\/2016\/07\/26\/leo-spada-io-sono-un-uomo-concreto\/","title":{"rendered":"Leo Spada: \u201cIo sono un uomo concreto\u201d"},"content":{"rendered":"<p><img loading=\"lazy\" decoding=\"async\" src=\"https:\/\/c5.staticflickr.com\/9\/8619\/28146128940_0ef17ceba5_n.jpg\" alt=\"Leo Spada\" height=\"320\" width=\"310\" \/><\/p>\n<p style=\"text-align: center;\"><strong><br \/><\/strong><\/p>\n<p style=\"text-align: center;\"><strong>Sulla rottura tra il consigliere e Impegno per Turi, Renzo Camposeo non si sbottona: \u201cRispettiamo la decisione\u201d<\/strong><\/p>\n<p>&nbsp;<\/p>\n<p style=\"text-align: justify;\">Leo Spada esce da Impegno per Turi. E lo fa con una lettera pungente che mette sotto accusa non solo il Sindaco, ma soprattutto l\u2019assessore Camposeo, anche lui di Impegno per Turi. Ci siamo chiesti quali siano state le reazioni all\u2019interno del gruppo, ma il coordinatore <strong>Renzo Camposeo<\/strong> si \u00e8 sbottonato poco: \u201cRispettiamo la decisione\u201d \u2013 ci ha semplicemente detto, restando vago anche sulle motivazioni che hanno portato alla rottura. Quale partita giocher\u00e0 ora Impegno per Turi nel rimpasto di Giunta? \u201c<strong>Il Movimento non cambia la sua posizione<\/strong> \u2013 ci risponde il coordinatore \u2013 <strong>aspettiamo di conoscere cosa ci proporr\u00e0 il Sindaco<\/strong>\u201d. Intanto raggiungiamo anche Leo Spada, che ci appare pi\u00f9 tranquillo del solito\u2026<\/p>\n<p style=\"text-align: justify;\"><strong><br \/><\/strong><\/p>\n<p style=\"text-align: justify;\"><strong>Consigliere Spada, cosa \u00e8 successo?<\/strong><\/p>\n<p style=\"text-align: justify;\">\u201c\u00c8 successo quello che doveva accadere. Io sono un uomo concreto e lo stallo, cos\u00ec come il continuo tentennare del Movimento, mi hanno portato a questa rottura. Molte volte esagero, \u00e8 vero, ma la politica non \u00e8 fatta solo di attese, bisogna anche agire. Se il movimento Impegno per Turi non condivideva (o non condivide) l\u2019azione politico-amministrativa di Coppi, doveva agire in fretta, ma non lo ha fatto. Io invece l\u2019ho fatto: sono uscito dal Movimento perch\u00e9 lo stesso non ha voluto prendere una posizione ben chiara nei confronti di Pietro Camposeo. Cos\u00ec mi sentivo stretto, per questo me ne sono andato. Inoltre, devo dar conto al mio elettorato, a cui avevo promesso e garantito un cambiamento radicale: non solo questo non c\u2019\u00e8 stato, ma \u00e8 venuto meno anche l\u2019ordinario. E solo un\u2019amministrazione che riesce a fare l\u2019ordinario \u00e8 un\u2019amministrazione vincente\u201d.<\/p>\n<p style=\"text-align: justify;\">&nbsp;<\/p>\n<p style=\"text-align: justify;\"><strong>Allora perch\u00e9 uscire dal Movimento e restare in maggioranza?<\/strong><\/p>\n<p style=\"text-align: justify;\">\u201cNon sono uscito dalla maggioranza perch\u00e9 \u00e8 ovvio che ci sono delle cose che comunque condivido. Dell\u2019azione politico-amministrativa svolta fino ad ora non \u00e8 che sia tutto sbagliato. E proprio in funzione di quel qualcosa che io condivido, vorrei restare in maggioranza. Inoltre, io sono uno dei motori di questa \u2018benedetta\u2019 lista. Se Menino fa il Sindaco, sicuramente deve dire grazie anche a me (e ad altri due di cui non voglio fare i nomi). Menino Coppi questo non lo ha mai riconosciuto, n\u00e9 a me n\u00e9 al Movimento che \u00e8 stato pure determinante. Nonostante questo, noi non abbiamo preteso chiss\u00e0 cosa. Fin dal primo momento ho solo cercato di attuare la \u2018politica del giusto\u2019. Non ce l\u2019ho con Menino Coppi uomo, ce l\u2019ho con Menino Coppi politico\u201d.<\/p>\n<p style=\"text-align: justify;\"><strong><br \/><\/strong><\/p>\n<p style=\"text-align: justify;\"><strong>Con la sua fuoriuscita dal Movimento, cosa pensa che accadr\u00e0 con il rimpasto di Giunta? Si sono create nuove alleanze, tipo con Antonello Palmisano o Arianna Gasparro?<\/strong><\/p>\n<p style=\"text-align: justify;\">\u201cDiciamo che abbiamo degli scambi di idee. Non c\u2019\u00e8 nessuna vicinanza, ancora. Per quanto mi riguarda, non voglio proporre assessori, perch\u00e9 sono convinto che chiunque da consigliere entri in Giunta in questo momento si brucerebbe politicamente. Purtroppo se non si procede a una riorganizzazione della parte tecnico-amministrativa del comune, chiunque ricoprir\u00e0 il ruolo di assessore ne rimarr\u00e0 scottato. \u00c8 chiaro che la colpa non \u00e8 solo dei dipendenti, sarei uno sprovveduto ad affermarlo. Le colpe maggiori sicuramente le ha quella parte politica che non riesce a dare l\u2019input giusto, che non riesce a programmare e a gestire il lavoro\u201d.<\/p>\n","protected":false},"excerpt":{"rendered":"<p><img loading=\"lazy\" decoding=\"async\" src=\"https:\/\/c5.staticflickr.com\/9\/8619\/28146128940_0ef17ceba5_n.jpg\" alt=\"Leo Spada\" height=\"320\" width=\"310\" \/><\/p>\n","protected":false},"author":1,"featured_media":0,"comment_status":"open","ping_status":"closed","sticky":false,"template":"","format":"standard","meta":{"colormag_page_container_layout":"default_layout","colormag_page_sidebar_layout":"default_layout","footnotes":""},"categories":[4],"tags":[],"class_list":["post-14320","post","type-post","status-publish","format-standard","hentry","category-politica"],"_links":{"self":[{"href":"https:\/\/archivioturi.lavocedelpaese.info\/index.php\/wp-json\/wp\/v2\/posts\/14320","targetHints":{"allow":["GET"]}}],"collection":[{"href":"https:\/\/archivioturi.lavocedelpaese.info\/index.php\/wp-json\/wp\/v2\/posts"}],"about":[{"href":"https:\/\/archivioturi.lavocedelpaese.info\/index.php\/wp-json\/wp\/v2\/types\/post"}],"author":[{"embeddable":true,"href":"https:\/\/archivioturi.lavocedelpaese.info\/index.php\/wp-json\/wp\/v2\/users\/1"}],"replies":[{"embeddable":true,"href":"https:\/\/archivioturi.lavocedelpaese.info\/index.php\/wp-json\/wp\/v2\/comments?post=14320"}],"version-history":[{"count":0,"href":"https:\/\/archivioturi.lavocedelpaese.info\/index.php\/wp-json\/wp\/v2\/posts\/14320\/revisions"}],"wp:attachment":[{"href":"https:\/\/archivioturi.lavocedelpaese.info\/index.php\/wp-json\/wp\/v2\/media?parent=14320"}],"wp:term":[{"taxonomy":"category","embeddable":true,"href":"https:\/\/archivioturi.lavocedelpaese.info\/index.php\/wp-json\/wp\/v2\/categories?post=14320"},{"taxonomy":"post_tag","embeddable":true,"href":"https:\/\/archivioturi.lavocedelpaese.info\/index.php\/wp-json\/wp\/v2\/tags?post=14320"}],"curies":[{"name":"wp","href":"https:\/\/api.w.org\/{rel}","templated":true}]}}