{"id":14314,"date":"2016-07-22T01:18:33","date_gmt":"2016-07-22T01:18:33","guid":{"rendered":"https:\/\/archivioturi.lavocedelpaese.info\/index.php\/2016\/07\/22\/menino-coppi-pronto-alle-dimissioni\/"},"modified":"2016-07-22T01:18:33","modified_gmt":"2016-07-22T01:18:33","slug":"menino-coppi-pronto-alle-dimissioni","status":"publish","type":"post","link":"https:\/\/archivioturi.lavocedelpaese.info\/index.php\/2016\/07\/22\/menino-coppi-pronto-alle-dimissioni\/","title":{"rendered":"Menino Coppi pronto alle dimissioni"},"content":{"rendered":"<p style=\"text-align: center;\"><img loading=\"lazy\" decoding=\"async\" src=\"https:\/\/c2.staticflickr.com\/6\/5033\/14392603233_01d62b77d3_n.jpg\" alt=\"Sindaco Menino Coppi\" width=\"240\" height=\"320\" \/><\/p>\n<p style=\"text-align: justify;\"><span style=\"line-height: 16.2px; text-align: justify;\">La fascia del nostro primo cittadino \u00e8 sempre pi\u00f9 stretta intorno al suo collo come un cappio mortale. Incontri, telefonate, promesse si susseguono senza sosta.&nbsp;<\/span><span style=\"line-height: 16.2px; text-align: justify;\">Sulla sua scacchiera il nostro Sindaco ha poche pedine da muovere e pi\u00f9 il tempo passa, pi\u00f9 le stesse si riducono.&nbsp;<\/span><span style=\"line-height: 16.2px; text-align: justify;\">Mentre gli attuali assessori e il Sindaco fanno quadrato intorno a loro stessi, auto elogiandosi di un buon lavoro amministrativo che solo loro riescono a intravedere, il resto della maggioranza chiede a gran voce una trasformazione radicale dell\u2019assetto di governo. Leo Spada, Antonello Palmisano, Anna Gasparro e Arianna Gasparro, chi pi\u00f9 e chi meno, chiedono un profondo e rapido cambio di rotta.<\/span><\/p>\n<p style=\"text-align: justify;\"><span style=\"line-height: 16.2px;\">Dall\u2019altro lato ci sono i partiti. Anche loro divisi e lacerati al loro interno. Da un lato vorrebbero il \u201ccambiamento\u201d richiesto in modo unanime dall\u2019intero paese, dall\u2019altro, incapaci di \u201cpretendere\u201d un passo indietro ai propri assessori, restano immobili in attesa che il Sindaco faccia la prima mossa.&nbsp;<\/span><span style=\"line-height: 16.2px;\">Partiti che all\u2019unisono, e in primo luogo lo stesso Partito Democratico, non nutrono pi\u00f9 fiducia nella figura del Sindaco Coppi, colpevole di non coinvolgerli nelle scelte amministrative.<\/span><\/p>\n<p style=\"text-align: justify;\"><span style=\"line-height: 16.2px;\">Il Sindaco, come noto da tempo, ha sempre avuto il rimpasto pronto nel suo cassetto. Tutto si sarebbe chiuso, secondo il \u201cfregamidolce\u201d Menino, nominando assessore Anna Gasparro e lasciando deleghe, capogruppo e ogni altra \u201cpromessa\u201d possibile in mano ad Antonello Palmisano. Fuori dai giochi, invece per il Sindaco, Leo Spada, isolato dal suo movimento, e Arianna Gasparro isolata e ormai lontana dal Pd. Condire il rimpasto con qualche giro di deleghe tenendo tranquilla anche la dott.ssa Zaccheo con la delega alla cultura e il gioco \u00e8 fatto.<\/span><\/p>\n<p style=\"text-align: justify;\"><span style=\"line-height: 16.2px;\">Ma cos\u00ec non sembra essere. Antonello Palmisano pretende l\u2019assessorato e Anna Gasparro resta vicino a Franco Mercieri che ha chiesto ufficiosamente ai propri consiglieri di abbandonare la Giunta e staccare la spina. Cos\u00ec come vorrebbe fare anche il segretario Pd Gravinese per svincolarsi e non restare stritolato dall\u2019attuale pessimo giudizio dei turesi in vista delle prossime elezioni.<\/span><\/p>\n<p style=\"text-align: justify;\"><span style=\"line-height: 16.2px;\">E cos\u00ec, la partita si fa pi\u00f9 complessa e al sindaco Coppi non resta pi\u00f9 molto tempo. Potrebbe infatti lasciare il suo incarico per guadagnare forza e ancora un po\u2019 di tempo. Le sue dimissioni potrebbero dargli il peso di ridisegnare i precari equilibri svincolandosi dai suoi assessori ormai aggrappati pi\u00f9 che mai alle loro poltrone.<\/span><\/p>\n<p style=\"text-align: justify;\"><span style=\"line-height: 16.2px;\">Mancano poche ore, e sapremo.&nbsp;<\/span><span style=\"line-height: 16.2px;\">E allora, in questo miserabile scenario politico, non ci resta che concludere con una augurio, buona fortuna.<\/span><\/p>\n<h3 style=\"text-align: center;\"><strong style=\"line-height: 25.2px;\"><span style=\"line-height: 16.2px;\">In edicola maggiori dettagli <\/span><\/strong><\/h3>\n<h3 style=\"text-align: center;\"><strong style=\"line-height: 25.2px;\"><span style=\"line-height: 16.2px;\">e i retroscena del rimpasto<\/span><\/strong><\/h3>\n<p><img loading=\"lazy\" decoding=\"async\" style=\"display: block; margin-left: auto; margin-right: auto;\" src=\"https:\/\/c7.staticflickr.com\/9\/8895\/27845672014_815b890432_c.jpg\" alt=\"coperitna\" width=\"501\" height=\"800\" \/><\/p>\n","protected":false},"excerpt":{"rendered":"<p style=\"text-align: center;\"><img loading=\"lazy\" decoding=\"async\" src=\"https:\/\/c2.staticflickr.com\/6\/5033\/14392603233_01d62b77d3_n.jpg\" alt=\"Sindaco Menino Coppi\" width=\"240\" height=\"320\" \/><\/p>\n","protected":false},"author":1,"featured_media":0,"comment_status":"open","ping_status":"closed","sticky":false,"template":"","format":"standard","meta":{"colormag_page_container_layout":"default_layout","colormag_page_sidebar_layout":"default_layout","footnotes":""},"categories":[4],"tags":[],"class_list":["post-14314","post","type-post","status-publish","format-standard","hentry","category-politica"],"_links":{"self":[{"href":"https:\/\/archivioturi.lavocedelpaese.info\/index.php\/wp-json\/wp\/v2\/posts\/14314","targetHints":{"allow":["GET"]}}],"collection":[{"href":"https:\/\/archivioturi.lavocedelpaese.info\/index.php\/wp-json\/wp\/v2\/posts"}],"about":[{"href":"https:\/\/archivioturi.lavocedelpaese.info\/index.php\/wp-json\/wp\/v2\/types\/post"}],"author":[{"embeddable":true,"href":"https:\/\/archivioturi.lavocedelpaese.info\/index.php\/wp-json\/wp\/v2\/users\/1"}],"replies":[{"embeddable":true,"href":"https:\/\/archivioturi.lavocedelpaese.info\/index.php\/wp-json\/wp\/v2\/comments?post=14314"}],"version-history":[{"count":0,"href":"https:\/\/archivioturi.lavocedelpaese.info\/index.php\/wp-json\/wp\/v2\/posts\/14314\/revisions"}],"wp:attachment":[{"href":"https:\/\/archivioturi.lavocedelpaese.info\/index.php\/wp-json\/wp\/v2\/media?parent=14314"}],"wp:term":[{"taxonomy":"category","embeddable":true,"href":"https:\/\/archivioturi.lavocedelpaese.info\/index.php\/wp-json\/wp\/v2\/categories?post=14314"},{"taxonomy":"post_tag","embeddable":true,"href":"https:\/\/archivioturi.lavocedelpaese.info\/index.php\/wp-json\/wp\/v2\/tags?post=14314"}],"curies":[{"name":"wp","href":"https:\/\/api.w.org\/{rel}","templated":true}]}}