{"id":14310,"date":"2016-07-21T09:46:38","date_gmt":"2016-07-21T09:46:38","guid":{"rendered":"https:\/\/archivioturi.lavocedelpaese.info\/index.php\/2016\/07\/21\/quegli-11-mila-euro-per-la-tendopoli\/"},"modified":"2016-07-21T09:46:38","modified_gmt":"2016-07-21T09:46:38","slug":"quegli-11-mila-euro-per-la-tendopoli","status":"publish","type":"post","link":"https:\/\/archivioturi.lavocedelpaese.info\/index.php\/2016\/07\/21\/quegli-11-mila-euro-per-la-tendopoli\/","title":{"rendered":"Quegli 11 mila euro per la tendopoli"},"content":{"rendered":"<p><img loading=\"lazy\" decoding=\"async\" src=\"https:\/\/c7.staticflickr.com\/9\/8802\/28365913886_0888a9d328_n.jpg\" alt=\"Assessore Giusy Caldararo\" height=\"320\" width=\"288\" \/><\/p>\n<p style=\"text-align: center;\"><strong><br \/><\/strong><\/p>\n<p style=\"text-align: center;\"><strong>Caldararo: \u201cCi siamo assunti la responsabilit\u00e0 ed abbiamo trovato una soluzione\u201d<\/strong><\/p>\n<p style=\"text-align: center;\"><strong><br \/><\/strong><\/p>\n<p style=\"text-align: justify;\">Con la Determinazione n.82 del 29 giugno scorso \u00e8 stato approvato il verbale di Somma Urgenza del 28 maggio 2016 per la funzionalit\u00e0 dell\u2019area parcheggio antistante il Cimitero comunale, individuata quale luogo per l\u2019<strong>accoglienza di lavoratori immigrati stagionali<\/strong> in occasione della raccolta delle ciliegie. L\u2019importo complessivo di tale accoglienza ammonta a <strong>11.468,00 Euro<\/strong> ed \u00e8 <strong>a carico del bilancio comunale<\/strong>. La cifra comprenderebbe i servizi di allacciamento idrico e fognario, di sistemazione dei boiler e le verifiche del funzionamento.<\/p>\n<p style=\"text-align: justify;\">&nbsp;<\/p>\n<p style=\"text-align: justify;\"><strong>I dubbi dell&#8217;opposizione.<\/strong> Questa determina dirigenziale ha generato qualche perplessit\u00e0 tra alcuni consiglieri di minoranza, tra cui <strong>Sandro Laera<\/strong>: \u201c<strong>Non c\u2019\u00e8 alcun tipo di riferimento ad un rimborso regionale<\/strong> \u2013 spiega \u2013 e quindi vengono imputate quelle spese a dei capitoli di bilancio ben precisi. A mio avviso non saranno oggetto di rimborso da parte della Regione, spero che mi dimostrino il contrario con dei riferimenti\u201d. \u201cL\u2019importo \u2013 aggiunge \u2013 \u00e8 assolutamente esagerato; <strong>con quei soldi forse avremmo potuto ospitarli in maniera pi\u00f9 dignitosa in qualche struttura<\/strong>\u201d. \u201cAspetto molto importante \u00e8 che questi lavori di pulizia e di gestione non siano stati in alcun modo preventivati: loro non avevano idea di quanto le imprese avrebbero chiesto. Hanno fatto tutto con una certa urgenza. E sappiamo bene che molti nostri concittadini si rivolgono ai servizi sociali per avere, magari, la possibilit\u00e0 di un sostegno nel pagamento di piccole bollette o altro, per evitare che gli stacchino le utenze\u201d.<\/p>\n<p style=\"text-align: justify;\">&nbsp;<\/p>\n<p style=\"text-align: justify;\"><strong>La replica dell&#8217;assessore Caldararo.<\/strong> Ai dubbi risponde la Caldararo, la quale, dopo un resoconto sui ritardi della Regione (che avrebbe dovuto bandire una gara per il trasporto delle tende, generando gravi ritardi), spiega che circa la met\u00e0 dell\u2019importo \u00e8 destinata al trasporto delle tende, i restanti all\u2019igienizzazione e alla pulizia quotidiana dei container, ai servizi idraulici ed elettrici e infine per la sanificazione delle tende, quando sono state smantellate e portate al campo di Nard\u00f2. \u201cNel frattempo \u2013 spiega \u2013 <strong>abbiamo messo al corrente la Regione di aver affrontato queste spese, che lo stesso Ente ci aveva garantito<\/strong>. La Regione ha risposto positivamente, invitandoci a rendicontare affinch\u00e9 possa poi provvedere. Sono soldi che abbiamo, per cos\u00ec dire, anticipato\u201d.<\/p>\n<p style=\"text-align: justify;\">\u201cDovevamo trovare una soluzione. C\u2019\u00e8 una grande differenza \u2013 aggiunge \u2013 tra stare all\u2019opposizione ed amministrare. L\u2019opposizione fa la sua parte ed \u00e8 giusto che la faccia, nei giusti modi, ma l\u2019amministrazione si assume la responsabilit\u00e0 e non \u00e8 facile. Meglio esserci assunti la responsabilit\u00e0, aver trovato una soluzione al problema, piuttosto che dover rischiare di sentirci dire che non abbiamo fatto niente. <strong>Abbiamo anticipato delle cifre che la Regione, anche in quota parte, ci deve ridare<\/strong>\u201d. \u201c\u00c8 tutto migliorabile, per\u00f2 siamo stati pionieri di una situazione che non era mai stata affrontata. Abbiamo creato un precedente di cui, chi verr\u00e0 dopo di noi, dovr\u00e0 per forza tenere conto. Era una situazione che dovevamo affrontare, l\u2019abbiamo fatto ed io, personalmente, posso dire che rifarei tutto allo stesso modo\u201d.<\/p>\n","protected":false},"excerpt":{"rendered":"<p><img loading=\"lazy\" decoding=\"async\" src=\"https:\/\/c7.staticflickr.com\/9\/8802\/28365913886_0888a9d328_n.jpg\" alt=\"Assessore Giusy Caldararo\" height=\"320\" width=\"288\" \/><\/p>\n","protected":false},"author":1,"featured_media":0,"comment_status":"open","ping_status":"closed","sticky":false,"template":"","format":"standard","meta":{"colormag_page_container_layout":"default_layout","colormag_page_sidebar_layout":"default_layout","footnotes":""},"categories":[4],"tags":[],"class_list":["post-14310","post","type-post","status-publish","format-standard","hentry","category-politica"],"_links":{"self":[{"href":"https:\/\/archivioturi.lavocedelpaese.info\/index.php\/wp-json\/wp\/v2\/posts\/14310","targetHints":{"allow":["GET"]}}],"collection":[{"href":"https:\/\/archivioturi.lavocedelpaese.info\/index.php\/wp-json\/wp\/v2\/posts"}],"about":[{"href":"https:\/\/archivioturi.lavocedelpaese.info\/index.php\/wp-json\/wp\/v2\/types\/post"}],"author":[{"embeddable":true,"href":"https:\/\/archivioturi.lavocedelpaese.info\/index.php\/wp-json\/wp\/v2\/users\/1"}],"replies":[{"embeddable":true,"href":"https:\/\/archivioturi.lavocedelpaese.info\/index.php\/wp-json\/wp\/v2\/comments?post=14310"}],"version-history":[{"count":0,"href":"https:\/\/archivioturi.lavocedelpaese.info\/index.php\/wp-json\/wp\/v2\/posts\/14310\/revisions"}],"wp:attachment":[{"href":"https:\/\/archivioturi.lavocedelpaese.info\/index.php\/wp-json\/wp\/v2\/media?parent=14310"}],"wp:term":[{"taxonomy":"category","embeddable":true,"href":"https:\/\/archivioturi.lavocedelpaese.info\/index.php\/wp-json\/wp\/v2\/categories?post=14310"},{"taxonomy":"post_tag","embeddable":true,"href":"https:\/\/archivioturi.lavocedelpaese.info\/index.php\/wp-json\/wp\/v2\/tags?post=14310"}],"curies":[{"name":"wp","href":"https:\/\/api.w.org\/{rel}","templated":true}]}}